{"id":674211,"date":"2026-01-19T10:55:13","date_gmt":"2026-01-19T10:55:13","guid":{"rendered":"https:\/\/www.europesays.com\/fr\/674211\/"},"modified":"2026-01-19T10:55:13","modified_gmt":"2026-01-19T10:55:13","slug":"bordeaux-a-ete-tres-nerveux-david-gluzman-charge-apres-la-defaite-des-girondins","status":"publish","type":"post","link":"https:\/\/www.europesays.com\/fr\/674211\/","title":{"rendered":"\u00ab\u00a0Bordeaux a \u00e9t\u00e9 tr\u00e8s nerveux\u00a0\u00bb : David Gluzman charge apr\u00e8s la d\u00e9faite des Girondins"},"content":{"rendered":"<p><img decoding=\"async\" src=\"https:\/\/www.europesays.com\/fr\/wp-content\/uploads\/2026\/01\/671_e52fca0b1cfe9bdff7d7983da4d15403.jpg\" alt=\"&quot;Bordeaux a \u00e9t\u00e9 tr\u00e8s nerveux&quot; : David Gluzman charge apr\u00e8s la d\u00e9faite des Girondins\" class=\"img-responsive mt-3\"\/><\/p>\n<p class=\"text-center mb-3\" style=\"font-size: 14px\">\u00a9 Iconsport<\/p>\n<p>      <strong>Coaching, nervosit\u00e9 et gestion du match : le FCGB critiqu\u00e9 apr\u00e8s Les Herbiers<\/strong><\/p>\n<p style=\"text-align: justify;\">\u00c9coutez ses propos ou lisez-les :<\/p>\n<p>\u00a0<\/p>\n<p><strong>\u201c\u00c7a devenait trop facile pour Les Herbiers de man\u0153uvrer\u201d<\/strong><\/p>\n<p style=\"text-align: justify;\">David Gluzman dans <a href=\"https:\/\/www.youtube.com\/watch?v=JcxhAYqzvlQ\" target=\"_blank\" rel=\"noopener\">le Talk sur WebGirondins<\/a> : \u201cApr\u00e8s vingt tr\u00e8s bonnes premi\u00e8res minutes, la suite a \u00e9t\u00e9 compliqu\u00e9e. Bruno Irl\u00e8s n\u2019a pas su g\u00e9rer l\u2019inf\u00e9riorit\u00e9 num\u00e9rique au milieu. Il y a eu de longues p\u00e9riodes en premi\u00e8re mi-temps o\u00f9 on s&rsquo;est fait tourner au milieu, o\u00f9 \u00e7a devenait trop facile pour Les Herbiers de man\u0153uvrer. D&rsquo;ailleurs, les deux buts viennent d&rsquo;un pressing attentiste.\u201d<\/p>\n<p><strong>\u201cOn a perdu de l&rsquo;\u00e9nergie de par notre n\u00e9gativit\u00e9\u201d<\/strong><\/p>\n<p style=\"text-align: justify;\">Il poursuit : \u00ab\u00a0C\u2019est surtout la gestion des changements. La passe d\u00e9cisive de Bahassa, elle fait mal dans le bilan de Bruno Irl\u00e8s parce que le timing de ces changements pose question. Autant sortir Shamal, qui a \u00e9t\u00e9 fantomatique, mais il fait rentrer Arn\u00e9, qui est plus un joueur central \u00e0 mon sens. Mais Openda, m\u00eame si sur un coup d&rsquo;\u00e9clat, il peut apporter quelque chose, \u00e7a a \u00e9t\u00e9 compliqu\u00e9 ce soir. Il jouait la t\u00eate dans le guidon, il \u00e9tait maladroit. Il a une t\u00eate \u00e0 six m\u00e8tres qu\u2019il met au-dessus. Il \u00e9tait tr\u00e8s nerveux, comme la majorit\u00e9 de l&rsquo;\u00e9quipe.\u00a0\u00bb<\/p>\n<p><strong>Des joueurs qui discutent les d\u00e9cisions de l&rsquo;arbitre<\/strong><\/p>\n<p style=\"text-align: justify;\">\u00ab\u00a0On discutait toutes les d\u00e9cisions, d\u00e8s qu&rsquo;il y avait un joueur adverse par terre, on voulait le relever. On a perdu de l&rsquo;\u00e9nergie de par notre n\u00e9gativit\u00e9. L&rsquo;entr\u00e9e de Diagouraga ne va pas t&rsquo;apporter forc\u00e9ment en cours de rencontre, \u00e0 moins qu&rsquo;il y ait un bless\u00e9. Je n\u2019ai pas compris son coaching que je trouvais tardif et assez neutre\u00a0\u00bb<\/p>\n<p>\u00c0 lire aussi &gt;&gt;\u00a0<strong><a href=\"https:\/\/www.webgirondins.com\/actualite-girondins-n2-reaction-de-bruno-irles-apres-la-defaite-des-girondins-aux-herbiers-131842\" target=\"_blank\" rel=\"noopener\">N2 : r\u00e9action de Bruno Irl\u00e8s apr\u00e8s la d\u00e9faite des Girondins aux Herbiers<\/a><\/strong><\/p>\n<p style=\"text-align: justify;\">\u00a0<\/p>\n","protected":false},"excerpt":{"rendered":"\u00a9 Iconsport Coaching, nervosit\u00e9 et gestion du match : le FCGB critiqu\u00e9 apr\u00e8s Les Herbiers \u00c9coutez ses propos&hellip;\n","protected":false},"author":2,"featured_media":674212,"comment_status":"","ping_status":"","sticky":false,"template":"","format":"standard","meta":{"footnotes":""},"categories":[2817],"tags":[1111,11,150,1997,17070,6100,1446,8842,12111,8484,1777,674,1011,27,1987,26167,14979,7636,77355,12,2219,12250,25,933,5238],"class_list":{"0":"post-674211","1":"post","2":"type-post","3":"status-publish","4":"format-standard","5":"has-post-thumbnail","7":"category-bordeaux","8":"tag-actu","9":"tag-actualites","10":"tag-apres","11":"tag-bordeaux","12":"tag-charge","13":"tag-chaud","14":"tag-dans","15":"tag-david","16":"tag-debrief","17":"tag-defaite","18":"tag-eu","19":"tag-europe","20":"tag-fr","21":"tag-france","22":"tag-girondins","23":"tag-gluzman","24":"tag-herbiers","25":"tag-monte","26":"tag-nerveux","27":"tag-news","28":"tag-nouvelle-aquitaine","29":"tag-pelouse","30":"tag-republique-francaise","31":"tag-tres","32":"tag-webgirondins"},"share_on_mastodon":{"url":"https:\/\/pubeurope.com\/@fr\/115921402295426969","error":""},"_links":{"self":[{"href":"https:\/\/www.europesays.com\/fr\/wp-json\/wp\/v2\/posts\/674211","targetHints":{"allow":["GET"]}}],"collection":[{"href":"https:\/\/www.europesays.com\/fr\/wp-json\/wp\/v2\/posts"}],"about":[{"href":"https:\/\/www.europesays.com\/fr\/wp-json\/wp\/v2\/types\/post"}],"author":[{"embeddable":true,"href":"https:\/\/www.europesays.com\/fr\/wp-json\/wp\/v2\/users\/2"}],"replies":[{"embeddable":true,"href":"https:\/\/www.europesays.com\/fr\/wp-json\/wp\/v2\/comments?post=674211"}],"version-history":[{"count":0,"href":"https:\/\/www.europesays.com\/fr\/wp-json\/wp\/v2\/posts\/674211\/revisions"}],"wp:featuredmedia":[{"embeddable":true,"href":"https:\/\/www.europesays.com\/fr\/wp-json\/wp\/v2\/media\/674212"}],"wp:attachment":[{"href":"https:\/\/www.europesays.com\/fr\/wp-json\/wp\/v2\/media?parent=674211"}],"wp:term":[{"taxonomy":"category","embeddable":true,"href":"https:\/\/www.europesays.com\/fr\/wp-json\/wp\/v2\/categories?post=674211"},{"taxonomy":"post_tag","embeddable":true,"href":"https:\/\/www.europesays.com\/fr\/wp-json\/wp\/v2\/tags?post=674211"}],"curies":[{"name":"wp","href":"https:\/\/api.w.org\/{rel}","templated":true}]}}