{"id":674219,"date":"2026-01-19T10:59:10","date_gmt":"2026-01-19T10:59:10","guid":{"rendered":"https:\/\/www.europesays.com\/fr\/674219\/"},"modified":"2026-01-19T10:59:10","modified_gmt":"2026-01-19T10:59:10","slug":"les-essais-du-week-end-sur-la-ligne-1-juges-concluants","status":"publish","type":"post","link":"https:\/\/www.europesays.com\/fr\/674219\/","title":{"rendered":"les essais du week-end sur la ligne 1 jug\u00e9s \u00ab\u00a0concluants\u00a0\u00bb"},"content":{"rendered":"<p>                    Par<br \/>\n        <strong><br \/>\n            <a href=\"https:\/\/actu.fr\/auteur\/nicolas-demollien\" title=\"Consulter tous les articles de Nicolas Demollien\" target=\"_blank\" rel=\"noopener\">Nicolas Demollien<\/a><br \/>\n                    <\/strong><\/p>\n<p>        Publi\u00e9 le<\/p>\n<p>            19 janv. 2026 \u00e0 11h40        <\/p>\n<p>La <b>ligne 1 du m\u00e9tro<\/b> <a href=\"https:\/\/actu.fr\/tag\/ilevia\" target=\"_blank\" rel=\"noopener\">Il\u00e9via<\/a> de <a href=\"https:\/\/actu.fr\/hauts-de-france\/lille_59350\" target=\"_blank\" rel=\"noopener\">Lille<\/a> (Nord) \u00e9tait \u00e0 l\u2019arr\u00eat ces samedi 17 et dimanche 18 janvier 2026 afin de proc\u00e9der \u00e0 des <b>essais<\/b> avant l\u2019arriv\u00e9e des <b>rames de 52 m\u00e8tres<\/b>. Selon la <a href=\"https:\/\/actu.fr\/tag\/metropole-europeenne-de-lille\" target=\"_blank\" rel=\"noopener\">M\u00e9tropole europ\u00e9enne de Lille<\/a> (MEL), ils se sont av\u00e9r\u00e9s <b>\u00ab\u00a0concluants\u00a0\u00bb.<\/b><\/p>\n<p>Essais concluants sur la ligne 1 du m\u00e9tro de Lille Il\u00e9via<\/p>\n<p data-end=\"740\" class=\" wall-content\">Il s\u2019agissait plus pr\u00e9cis\u00e9ment d\u2019un week-end d\u2019essais de \u00ab\u00a0<b>marche \u00e0 blanc<\/b>\u00a0\u00bb avec pour objectif de tester la bonne exploitabilit\u00e9 du syst\u00e8me, en compl\u00e9ment des tests de s\u00e9curit\u00e9.<\/p>\n<p data-end=\"1078\" class=\" wall-content\">\u00ab\u00a0La journ\u00e9e du samedi a permis de franchir une premi\u00e8re \u00e9tape avec une mont\u00e9e en charge progressive du dispositif. Jusqu\u2019\u00e0 30 rames de <a href=\"https:\/\/actu.fr\/tag\/metro\" target=\"_blank\" rel=\"noopener\">m\u00e9tro<\/a> ont circul\u00e9 simultan\u00e9ment, dont <b>10 nouvelles rames de 52 m\u00e8tres<\/b>, afin de tester le fonctionnement du syst\u00e8me en configuration mixte, sans voyageurs, et dans des <b>conditions proches de l\u2019exploitation future<\/b>\u00ab\u00a0, d\u00e9taille-t-on du c\u00f4t\u00e9 de la MEL.<\/p>\n<p data-end=\"1406\" class=\" wall-content\">Le dimanche, les essais ont atteint un niveau \u00e9quivalent \u00e0 une journ\u00e9e compl\u00e8te d\u2019exploitation, \u00ab\u00a0sans anomalie majeure constat\u00e9e\u00a0\u00bb, assure encore la MEL. Jusqu\u2019\u00e0 12 rames de 52 m\u00e8tres et 29 rames de 26 m\u00e8tres ont ainsi circul\u00e9 en m\u00eame temps, \u00ab\u00a0dans des conditions pleinement nominales, <b>confirmant la maturit\u00e9, la robustesse et la fiabilit\u00e9 du syst\u00e8me<\/b>\u00ab\u00a0.<\/p>\n<p data-end=\"1776\" class=\" wall-content\">Autant dire que pour la collectivit\u00e9, Il\u00e9via et tous ses partenaires, les <b>r\u00e9sultats de ce week-end sont tr\u00e8s positifs<\/b>. \u00ab\u00a0Ils confirment la capacit\u00e9 du r\u00e9seau \u00e0 accueillir un volume \u00e9lev\u00e9 de rames et \u00e0 assurer la cohabitation entre les mat\u00e9riels actuels et les nouvelles rames longues\u00a0\u00bb.<\/p>\n<p data-end=\"1776\" class=\" wall-content\">Des <b>ajustements restent toutefois \u00e0 finaliser <\/b>afin d\u2019optimiser l\u2019exploitation et la r\u00e9gularit\u00e9, en amont de la mise en service commerciale. Les <b>tests se poursuivront<\/b> ainsi dans les toutes prochaines semaines mais \u00ab\u00a0<b>sans impact pour les usagers<\/b>\u00ab\u00a0, assure la MEL. Affaire \u00e0 suivre.<\/p>\n<p class=\" wall-content\">Personnalisez votre actualit\u00e9 en ajoutant vos villes et m\u00e9dias en favori avec <a href=\"https:\/\/moncompte.actu.fr\" title=\"D\u00e9couvez Mon Actu\" rel=\"nofollow noopener\" data-trk=\"{&quot;cta&quot;:{&quot;action&quot;:&quot;https:\\\/\\\/moncompte.actu.fr&quot;,&quot;category&quot;:&quot;mon compte&quot;,&quot;from&quot;:&quot;article footer&quot;,&quot;name&quot;:&quot;Mon actu&quot;,&quot;type&quot;:&quot;cta&quot;}}\" target=\"_blank\">Mon Actu<\/a>.<\/p>\n","protected":false},"excerpt":{"rendered":"Par Nicolas Demollien Publi\u00e9 le 19 janv. 2026 \u00e0 11h40 La ligne 1 du m\u00e9tro Il\u00e9via de Lille&hellip;\n","protected":false},"author":2,"featured_media":674220,"comment_status":"","ping_status":"","sticky":false,"template":"","format":"standard","meta":{"footnotes":""},"categories":[2815],"tags":[1111,11,1777,674,1011,27,811,4288,1307,4047,12,25,104,2803],"class_list":{"0":"post-674219","1":"post","2":"type-post","3":"status-publish","4":"format-standard","5":"has-post-thumbnail","7":"category-lille","8":"tag-actu","9":"tag-actualites","10":"tag-eu","11":"tag-europe","12":"tag-fr","13":"tag-france","14":"tag-hauts-de-france","15":"tag-ilevia","16":"tag-lille","17":"tag-metro","18":"tag-news","19":"tag-republique-francaise","20":"tag-societe","21":"tag-transport"},"share_on_mastodon":{"url":"https:\/\/pubeurope.com\/@fr\/115921417845323603","error":""},"_links":{"self":[{"href":"https:\/\/www.europesays.com\/fr\/wp-json\/wp\/v2\/posts\/674219","targetHints":{"allow":["GET"]}}],"collection":[{"href":"https:\/\/www.europesays.com\/fr\/wp-json\/wp\/v2\/posts"}],"about":[{"href":"https:\/\/www.europesays.com\/fr\/wp-json\/wp\/v2\/types\/post"}],"author":[{"embeddable":true,"href":"https:\/\/www.europesays.com\/fr\/wp-json\/wp\/v2\/users\/2"}],"replies":[{"embeddable":true,"href":"https:\/\/www.europesays.com\/fr\/wp-json\/wp\/v2\/comments?post=674219"}],"version-history":[{"count":0,"href":"https:\/\/www.europesays.com\/fr\/wp-json\/wp\/v2\/posts\/674219\/revisions"}],"wp:featuredmedia":[{"embeddable":true,"href":"https:\/\/www.europesays.com\/fr\/wp-json\/wp\/v2\/media\/674220"}],"wp:attachment":[{"href":"https:\/\/www.europesays.com\/fr\/wp-json\/wp\/v2\/media?parent=674219"}],"wp:term":[{"taxonomy":"category","embeddable":true,"href":"https:\/\/www.europesays.com\/fr\/wp-json\/wp\/v2\/categories?post=674219"},{"taxonomy":"post_tag","embeddable":true,"href":"https:\/\/www.europesays.com\/fr\/wp-json\/wp\/v2\/tags?post=674219"}],"curies":[{"name":"wp","href":"https:\/\/api.w.org\/{rel}","templated":true}]}}