{"id":674238,"date":"2026-01-19T11:10:19","date_gmt":"2026-01-19T11:10:19","guid":{"rendered":"https:\/\/www.europesays.com\/fr\/674238\/"},"modified":"2026-01-19T11:10:19","modified_gmt":"2026-01-19T11:10:19","slug":"un-proche-du-pouvoir-en-russie-brandit-la-menace-nucleaire-leurope-serait-rayee-de-la-carte","status":"publish","type":"post","link":"https:\/\/www.europesays.com\/fr\/674238\/","title":{"rendered":"Un proche du pouvoir en Russie brandit la menace nucl\u00e9aire : \u00ab\u00a0L&rsquo;Europe serait ray\u00e9e de la carte\u00a0\u00bb"},"content":{"rendered":"<p>                                            Monde\n                                                                            <\/p>\n<p>\n                                            Sergue\u00ef Karaganov, influent strat\u00e8ge russe qui multiplie les menaces contre l&rsquo;Europe, a accord\u00e9 une interview \u00e0 l\u2019animateur am\u00e9ricain tr\u00e8s controvers\u00e9 Tucker Carlson. Il a notamment d\u00e9clar\u00e9 que \u00ab\u00a0si Poutine \u00e9tait assassin\u00e9, l\u2019Europe serait ray\u00e9e de la carte\u00a0\u00bb.                                        <\/p>\n<p>                                                Publi\u00e9 le 19 janvier 2026 \u00e0 12h02                                                                                            <\/p>\n<p>                                            <img loading=\"lazy\" width=\"1024\" height=\"632\" src=\"https:\/\/www.europesays.com\/fr\/wp-content\/uploads\/2026\/01\/SIPA_sipa60071246_000001-1.jpg\" class=\"attachment-post-thumbnail size-post-thumbnail wp-post-image\" alt=\"Face \u00e0 un m\u00e9dia am\u00e9ricain, un strat\u00e8ge russe a brandi la menace nucl\u00e9aire. Photo d'illustration \u00a9 Alexander Kazakov\/Kremlin Pool\/ZUMA\/SIPA\" decoding=\"async\"  \/><\/p>\n<p>                                            Face \u00e0 un m\u00e9dia am\u00e9ricain, un strat\u00e8ge russe a brandi la menace nucl\u00e9aire. Photo d&rsquo;illustration \u00a9 Alexander Kazakov\/Kremlin Pool\/ZUMA\/SIPA<\/p>\n<p>Sergue\u00ef Karaganov, influent strat\u00e8ge russe, consid\u00e9r\u00e9 comme propagandiste et qui se dit <a href=\"https:\/\/www.valeursactuelles.com\/monde\/iran-le-guide-supreme-ali-khamenei-envisagerait-une-fuite-vers-la-russie-en-cas-descalade\" target=\"_blank\" rel=\"noopener\">proche du Kremlin<\/a>, a menac\u00e9 l\u2019Europe \u00e0 plusieurs reprises ces derni\u00e8res semaines. <a href=\"https:\/\/www.lejdd.fr\/International\/si-poutine-etait-assassine-leurope-serait-rayee-de-la-carte-les-propos-chocs-dun-ideologue-proche-du-kremlin-165986\" target=\"_blank\" rel=\"nofollow noopener\">Comme le relaie Le JDD<\/a>, il a accord\u00e9 une interview \u00e0 l\u2019animateur am\u00e9ricain tr\u00e8s controvers\u00e9 Tucker Carlson, diffus\u00e9e jeudi 15 janvier. Au cours de l\u2019entretien, il a d\u00e9sign\u00e9 l\u2019Europe comme l\u2019ennemi principal de la Russie.<\/p>\n<p><a href=\"https:\/\/www.valeursactuelles.com\/monde\/venezuela-le-vatican-a-propose-aux-etats-unis-lexfiltration-de-nicolas-maduro-vers-la-russie-avant-noel\" class=\"h-flex h-align-items-center h-border-tb h-ptb-15\" target=\"_blank\" rel=\"noopener\">A\u00a0LIRE\u00a0Venezuela : le Vatican a propos\u00e9 aux \u00c9tats-Unis l\u2019exfiltration de Nicol\u00e1s Maduro vers la Russie avant No\u00ebl<\/a><\/p>\n<p>Interrog\u00e9 sur une potentielle r\u00e9ponse \u00e0 l\u2019assassinat de Vladimir Poutine, Sergue\u00ef Karaganov a brandi la menace nucl\u00e9aire. \u00ab\u00a0L\u2019Europe serait ray\u00e9e de la carte de l\u2019humanit\u00e9\u00a0\u00bb, a-t-il lanc\u00e9. Avant de poursuivre : \u00ab\u00a0On commencera \u00e0 attaquer l\u2019Europe avec des armes conventionnelles\u00a0\u00bb, puis \u00ab\u00a0des vagues de missiles nucl\u00e9aires\u00a0\u00bb.<\/p>\n<p>Un discours propagandiste pour \u00ab\u00a0saper le soutien \u00e0 l\u2019Ukraine\u00a0\u00bb<\/p>\n<p>Face \u00e0 l\u2019ancien pr\u00e9sentateur de Fox News et <a href=\"https:\/\/www.valeursactuelles.com\/clubvaleurs\/monde\/limprevisibilite-de-trump-est-devenue-un-outil-de-dissuasion-analyse-frederic-encel\" target=\"_blank\" rel=\"noopener\">fervent d\u00e9fenseur du pr\u00e9sident am\u00e9ricain<\/a>, le strat\u00e8ge russe a laiss\u00e9 une porte ouverte \u00e0 l\u2019armistice \u00ab\u00a0offert par Donald Trump\u00a0\u00bb. Il maintient que tous les maux viennent de l\u2019Europe, qui \u00ab\u00a0a entra\u00een\u00e9 les \u00c9tats-Unis dans [ses] guerres\u00a0\u00bb et \u00ab\u00a0pousse encore pour une guerre\u00a0\u00bb.<\/p>\n<p><a href=\"https:\/\/www.valeursactuelles.com\/monde\/iran-le-guide-supreme-ali-khamenei-envisagerait-une-fuite-vers-la-russie-en-cas-descalade\" class=\"h-flex h-align-items-center h-border-tb h-ptb-15\" target=\"_blank\" rel=\"noopener\">A\u00a0LIRE\u00a0Iran : le Guide supr\u00eame Ali Khamenei envisagerait une fuite vers la Russie en cas d\u2019escalade<\/a><\/p>\n<p>Un discours propagandiste qui, comme le rappelait le minist\u00e8re des Arm\u00e9es en juin 2025, vise \u00ab\u00a0\u00e0 semer la discorde entre les \u00c9tats membres de l\u2019UE, \u00e0 saper le soutien \u00e0 l\u2019Ukraine et \u00e0 miner la coh\u00e9sion strat\u00e9gique de l\u2019alliance occidentale\u00a0\u00bb.<\/p>\n","protected":false},"excerpt":{"rendered":"Monde Sergue\u00ef Karaganov, influent strat\u00e8ge russe qui multiplie les menaces contre l&rsquo;Europe, a accord\u00e9 une interview \u00e0 l\u2019animateur&hellip;\n","protected":false},"author":2,"featured_media":674239,"comment_status":"","ping_status":"","sticky":false,"template":"","format":"standard","meta":{"footnotes":""},"categories":[1591],"tags":[11,1887,1146,131,4998,12,10512,1885,1886,132],"class_list":{"0":"post-674238","1":"post","2":"type-post","3":"status-publish","4":"format-standard","5":"has-post-thumbnail","7":"category-russie","8":"tag-actualites","9":"tag-federation-de-russie","10":"tag-guerre","11":"tag-guerre-en-ukraine","12":"tag-kremlin","13":"tag-news","14":"tag-propagande","15":"tag-russia","16":"tag-russian-federation","17":"tag-russie"},"share_on_mastodon":{"url":"https:\/\/pubeurope.com\/@fr\/115921461169209705","error":""},"_links":{"self":[{"href":"https:\/\/www.europesays.com\/fr\/wp-json\/wp\/v2\/posts\/674238","targetHints":{"allow":["GET"]}}],"collection":[{"href":"https:\/\/www.europesays.com\/fr\/wp-json\/wp\/v2\/posts"}],"about":[{"href":"https:\/\/www.europesays.com\/fr\/wp-json\/wp\/v2\/types\/post"}],"author":[{"embeddable":true,"href":"https:\/\/www.europesays.com\/fr\/wp-json\/wp\/v2\/users\/2"}],"replies":[{"embeddable":true,"href":"https:\/\/www.europesays.com\/fr\/wp-json\/wp\/v2\/comments?post=674238"}],"version-history":[{"count":0,"href":"https:\/\/www.europesays.com\/fr\/wp-json\/wp\/v2\/posts\/674238\/revisions"}],"wp:featuredmedia":[{"embeddable":true,"href":"https:\/\/www.europesays.com\/fr\/wp-json\/wp\/v2\/media\/674239"}],"wp:attachment":[{"href":"https:\/\/www.europesays.com\/fr\/wp-json\/wp\/v2\/media?parent=674238"}],"wp:term":[{"taxonomy":"category","embeddable":true,"href":"https:\/\/www.europesays.com\/fr\/wp-json\/wp\/v2\/categories?post=674238"},{"taxonomy":"post_tag","embeddable":true,"href":"https:\/\/www.europesays.com\/fr\/wp-json\/wp\/v2\/tags?post=674238"}],"curies":[{"name":"wp","href":"https:\/\/api.w.org\/{rel}","templated":true}]}}