{"id":67425,"date":"2025-05-01T17:46:28","date_gmt":"2025-05-01T17:46:28","guid":{"rendered":"https:\/\/www.europesays.com\/fr\/67425\/"},"modified":"2025-05-01T17:46:28","modified_gmt":"2025-05-01T17:46:28","slug":"15-evenements-pour-feter-rever-danser-ou-chiner-a-strasbourg","status":"publish","type":"post","link":"https:\/\/www.europesays.com\/fr\/67425\/","title":{"rendered":"15 \u00e9v\u00e9nements pour f\u00eater, r\u00eaver, danser ou chiner \u00e0 Strasbourg"},"content":{"rendered":"<p><b>Temp\u00e9ratures qui s\u2019adoucissent et week-ends \u00e0 rallonge : le mois de mai est probablement l\u2019un des plus doux du calendrier. Avec la r\u00e9ouverture de nombreuses terrasses, la reprise de festivals\u2026 Difficile de s\u2019ennuyer. Preuve en est : ces 15 \u00e9v\u00e9nements pour chiller, chiner, danser ou s\u2019amuser. De gros concerts, des teufs \u00e0 v\u00e9lo ou en rollers, des brocantes, une f\u00eate au ch\u00e2teau, du cirque acrobatique, du stand up, des drag shows ? Y a pas que le thermom\u00e8tre qui va avoir chaud ! (Sans oublier <a href=\"https:\/\/pokaa.fr\/2025\/04\/19\/festival-arsmondo-4-concerts-coup-de-coeur-pour-voyager-en-mediterranee-depuis-strasbourg\/\" target=\"_blank\" rel=\"noopener\">le festival Arsmondo qui t\u2019emm\u00e8ne voir la M\u00e9diterrann\u00e9e jusqu\u2019au 20 mai<\/a>).<\/b><\/p>\n<p>Les concerts, teufs et festivals<\/p>\n<p>La f\u00eate Molodo\u00ef au Molodo\u00ef<\/p>\n<p>On commence cette s\u00e9lec\u2019 avec <b>\u00ab\u00a0La F\u00eate Molodo\u00ef\u00a0\u00bb qui d\u00e9marre d\u00e8s aujourd\u2019hui, et jusqu\u2019\u00e0 dimanche<\/b>. Apr\u00e8s <b>le repas post-manif du 1er mai<\/b>, place \u00e0 Ztratila Se Kocka (Cabaret Queer Dharkordeon) en d\u00e9but de soir\u00e9e.<\/p>\n<p><b>Demain, on encha\u00eenera avec des concerts<\/b> avec Mitsune (Japanese Folk Fusion), Boots N\u2019Cats (ska punk), Mox &amp; les Mixamonstres (silly crusty punk) et Hedvig (Progressive Trash Metal).<\/p>\n<p><b>Samedi soir<\/b>, Molo\u2019 c\u00e9l\u00e9brera <b>les 30 ans de l\u2019association Abribus<\/b>, avec <b>son concert de soutien annuel<\/b>. Sur sc\u00e8ne\u00a0: Mr. E et Mandal (hip-hop), theycallmecolors et Martha Karma (FINTA slap), V.90 (dance punk rock), Louise XIV (pop fran\u00e7aise), Capricciosa Baby (reggaeton, neo-perreo), Diskonica (cosmic-disco, house) et la fanfare FEIS. Mais aussi de la<b> s\u00e9rigraphie sur v\u00eatements<\/b> avec Papier G\u00e2chette, <b>du maquillage et des jeux<\/b>.<\/p>\n<p align=\"CENTER\"><b>Quand et o\u00f9\u00a0?<br \/><\/b>Du jeudi 1er au dimanche 4 ma<br \/>Au Molodo\u00ef<br \/><a href=\"https:\/\/fb.me\/e\/b3chE9PD8\" target=\"_blank\" rel=\"noopener\">L\u2019\u00e9v\u00e9nement Facebook<\/a><\/p>\n<p>                <img width=\"667\" height=\"500\" src=\"https:\/\/www.europesays.com\/fr\/wp-content\/uploads\/2025\/05\/img-9103-667x500.jpeg\" class=\"attachment-gallery size-gallery\" alt=\"Molodoi graffiti devanture seku ouane edok\" data-full-url=\"https:\/\/pokaa.fr\/wp-content\/uploads\/2024\/04\/19\/img-9103.jpeg\" decoding=\"async\" loading=\"lazy\"  \/>            <\/p>\n<p>                <img width=\"750\" height=\"500\" src=\"https:\/\/www.europesays.com\/fr\/wp-content\/uploads\/2025\/05\/molodoi-strasbourg-paye-ton-noel-2019-pelpass-martin-lelievre-133.jpg\" class=\"attachment-gallery size-gallery\" alt=\"Molodoi Strasbourg Paye Ton No\u00ebl 2019 Pelpass @ Martin Lelievre (133)\" data-full-url=\"https:\/\/www.europesays.com\/fr\/wp-content\/uploads\/2025\/05\/molodoi-strasbourg-paye-ton-noel-2019-pelpass-martin-lelievre-133.jpg\" decoding=\"async\" loading=\"lazy\"  \/>            <\/p>\n<p>                    \u00a9 Bastien Pietronave \/ Pokaa ; \u00a9 Martin Leli\u00e8vre \/ Pokaa<\/p>\n<p>Las Baklavas release party au Phare Citadelle<\/p>\n<p>Pour f\u00eater la sortie de leur titre Jarnana (enregistr\u00e9 gr\u00e2ce \u00e0 une campagne de crowd-funding), les Strasbourgeoises de<b> Las Baklavas <\/b>nous invitent demain pour un micro-festival au Phare Citadelle.<\/p>\n<p><b>D\u00e8s 17h<\/b>, elles proposeront <b>des stands d\u2019artisan(e)s, du merch\u2019, une tombola, des performances de danse, un vide-dressing, un espace bien-\u00eatre<\/b> (avec massage, manucure et maquillage).<\/p>\n<p>Et<b> \u00e0 partir de 21h, place \u00e0 la <\/b><b>\u00ab\u00a0Fiesta\u00a0\u00bb<\/b> avec une affiche \u00ab\u00a0100% locale et \u00e0 grande majorit\u00e9 f\u00e9minine\u00a0\u00bb compos\u00e9e aux c\u00f4t\u00e9s du duo <b>Exotica Lunatica <\/b>et la DJ <b>Cappriosa Baby<\/b>. Pour des concerts, DJ sets et open platines organis\u00e9s par Wom\u00b7x.<\/p>\n<p align=\"CENTER\"><b>Quand et o\u00f9\u00a0?<br \/><\/b>Vendredi 2 mai de 17h \u00e0 1h<br \/>Au Phare Citadelle<br \/><a href=\"https:\/\/fb.me\/e\/6JjMwA3pn\" target=\"_blank\" rel=\"noopener\">L\u2019\u00e9v\u00e9nement Facebook<\/a><\/p>\n<\/p>\n<p>B\u00d6.SENBERG release party \u00e0 Karmen Camina<\/p>\n<p>Autre lieu, autre release party\u2026 Cette fois-ci, <b>\u00e0 Karmen Camina pour le nouvel album de B\u00d6.SENBERG <\/b>(Drum Trance \/ Techno Live) par <b>le label strasbourgeois October Tone <\/b>qui a besoin de notre coup de main.<\/p>\n<p>Apr\u00e8s son r\u00e9cent concert de soutien au Molodo\u00ef (le 19 avril), c\u2019est l\u2019occasion de<a href=\"http:\/\/helloasso.com\/associations\/october-tone\/collectes\/soutiens-october-tone\" target=\"_blank\" rel=\"noopener\"><b> continuer \u00e0 soutenir la sc\u00e8ne locale<\/b><\/a>. Surtout qu\u2019October Tone nous pr\u00e9pare <b>\u00ab\u00a0une nuit de feu\u00a0\u00bb<\/b><b> <\/b>avec \u00ab\u00a0la c\u00e9l\u00e9bration, la sueur et la fr\u00e9n\u00e9sie [\u2026] au rendez-vous\u00a0\u00bb.<\/p>\n<p>Outre B\u00d6.SENBERG\u00a0: <b>Marie Madeleine <\/b>(Disco Wave \/ French Touch), <b>Kotekask<\/b> (Techno Concr\u00e8te \/ Performance), <b>DJ Ugene<\/b> (Deep House \/ Hypnotic Techno) et <b>Diana Kill <\/b>(Electro \/ Dark Groove).<\/p>\n<p align=\"CENTER\"><b>Quand et o\u00f9\u00a0?<br \/><\/b>Vendredi 2 mai de 23h \u00e0 5h<br \/>\u00c0 Karmen Camina<br \/><a href=\"https:\/\/fb.me\/e\/5KXJtZ3bt\" target=\"_blank\" rel=\"noopener\">L\u2019\u00e9v\u00e9nement Facebook<\/a><\/p>\n<p>                <img width=\"828\" height=\"444\" src=\"https:\/\/www.europesays.com\/fr\/wp-content\/uploads\/2025\/05\/utf-8bosenberg3.jpeg\" class=\"attachment-gallery size-gallery\" alt=\"October Tone + B\u00d6.SENBERG\" data-full-url=\"https:\/\/www.europesays.com\/fr\/wp-content\/uploads\/2025\/05\/utf-8bosenberg3.jpeg\" decoding=\"async\" loading=\"lazy\"  \/>            <\/p>\n<p>                <img width=\"828\" height=\"430\" src=\"https:\/\/www.europesays.com\/fr\/wp-content\/uploads\/2025\/05\/utf-8bosenberg2.jpeg\" class=\"attachment-gallery size-gallery\" alt=\"B\u00d6.SENBERG + October Tone\" data-full-url=\"https:\/\/www.europesays.com\/fr\/wp-content\/uploads\/2025\/05\/utf-8bosenberg2.jpeg\" decoding=\"async\" loading=\"lazy\"  \/>            <\/p>\n<p>                    B\u00d6.SENBERG en concert \u00a9 Documents remis<\/p>\n<p>Elsass Rock&rsquo;n&rsquo;Jive \u00e0 l&rsquo;Illiade<\/p>\n<p>\u00c7a va bient\u00f4t swinger \u00e0 Illkirch\u00a0! Le <b>Elsass Rock &amp; Jive festival<\/b> y sera de retour<b> pour sa 8\u00e8me \u00e9dition<\/b>. Toujours \u00e0<b> l\u2019Illiade\u00a0<\/b>: \u00ab\u00a08000m\u00b2 d\u00e9di\u00e9s aux amoureux des ann\u00e9es 50, du rock\u2019n\u2019roll, des pin-up et du burlesque\u00a0\u00bb.<\/p>\n<p><b>Du 7 au 11 mai<\/b>, en journ\u00e9e comme en soir\u00e9e, de nombreuses activit\u00e9s\u2026 <b>Des concerts et DJ sets<\/b>, des <b>shows burlesques<\/b>, de la danse (en d\u00e9mo, en concours), et puis<b> des d\u00e9fil\u00e9s de Pin-up<\/b>, des \u00e9lections de Miss Pin-up, des expos, <b>un march\u00e9 vintage et r\u00e9tro<\/b>, des <b>mariages c\u00e9l\u00e9br\u00e9s par un Elvis local<\/b>, des quiz et autres curiosit\u00e9s\u2026 Pour vivre les ann\u00e9es 50 comme si tu y avais \u00e9t\u00e9.<\/p>\n<p align=\"CENTER\"><b>Quand et o\u00f9\u00a0?<br \/><\/b>Du mercredi 7 au dimanche 11 mai<br \/>\u00c0 l\u2019Illiade (Illkirch)<br \/><a href=\"https:\/\/fb.me\/e\/2OgPYr2rM\" target=\"_blank\" rel=\"noopener\">L\u2019\u00e9v\u00e9nement Facebook<\/a><\/p>\n<p>                <img width=\"752\" height=\"500\" src=\"https:\/\/www.europesays.com\/fr\/wp-content\/uploads\/2025\/05\/230517-pka-elsass-rockjive-1-752x500.jpg\" class=\"attachment-gallery size-gallery\" alt=\"Elsass rock &amp; jive pin-up fifties Illkirch\" data-full-url=\"https:\/\/pokaa.fr\/wp-content\/uploads\/2023\/05\/230517-pka-elsass-rockjive-1.jpg\" decoding=\"async\" loading=\"lazy\"  \/>            <\/p>\n<p>                <img width=\"752\" height=\"500\" src=\"https:\/\/www.europesays.com\/fr\/wp-content\/uploads\/2025\/05\/230517-pka-elsass-rockjive-20-752x500.jpg\" class=\"attachment-gallery size-gallery\" alt=\"Elsass rock &amp; jive pin-up fifties Illkirch\" data-full-url=\"https:\/\/pokaa.fr\/wp-content\/uploads\/2023\/05\/230517-pka-elsass-rockjive-20.jpg\" decoding=\"async\" loading=\"lazy\"  \/>            <\/p>\n<p>                <img width=\"752\" height=\"500\" src=\"https:\/\/www.europesays.com\/fr\/wp-content\/uploads\/2025\/05\/230517-pka-elsass-rockjive-16-752x500.jpg\" class=\"attachment-gallery size-gallery\" alt=\"Elsass rock &amp; jive pin-up fifties Illkirch\" data-full-url=\"https:\/\/pokaa.fr\/wp-content\/uploads\/2023\/05\/230517-pka-elsass-rockjive-16.jpg\" decoding=\"async\" loading=\"lazy\"  \/>            <\/p>\n<p>                <img width=\"752\" height=\"500\" src=\"https:\/\/www.europesays.com\/fr\/wp-content\/uploads\/2025\/05\/230517-pka-elsass-rockjive-22-752x500.jpg\" class=\"attachment-gallery size-gallery\" alt=\"Elsass rock &amp; jive pin-up fifties Illkirch\" data-full-url=\"https:\/\/pokaa.fr\/wp-content\/uploads\/2023\/05\/230517-pka-elsass-rockjive-22.jpg\" decoding=\"async\" loading=\"lazy\"  \/>            <\/p>\n<p>                    Elsass Rock and Jive 2023 \u00a9 Adrien Labit \/ Pokaa<\/p>\n<p>Roller Disco Party (OFF du NL Contest) aux Ateliers \u00c9clair\u00e9s<\/p>\n<p>On t\u2019en reparle bient\u00f4t mais note-toi la date\u00a0: <b>le NL Contest <\/b>(le Festival International des Cultures Urbaines de Strasbourg) revient <b>du 23 au 25 mai<\/b>. Mais pour patienter jusque-l\u00e0 et \u00e9chauffer tes roues, le NL te donne d\u00e9j\u00e0 rendez-vous ! <b>Dans le cadre de ses OFF, la RollerDisco Party revient le 10 mai<\/b>, pour faire vibrer la piste de danse des <b>Ateliers \u00c9clair\u00e9s<\/b>. Pour cette <b>6e \u00e9dition<\/b>, l\u2019association Nouvelle Ligne s\u2019associe \u00e0 Genau pour une journ\u00e9e et soir\u00e9e sur les chapeaux de roues\u00a0!<\/p>\n<p>Le programme\u00a0?<b> La Roller Disco Family en apr\u00e8m\u2019 <\/b>avec des initiations et d\u00e9couvertes gratuites. Et<b> d\u00e8s 20h, des DJ sets \u00e0 \u00e9couter avec ou sans roulettes<\/b>. Pour les plus adroit(e)s, sur des rollers inline (dont quelques-uns seront propos\u00e9s en pr\u00eat), des quads, avec des trottinettes ou des skates. Pour les pi\u00e9ton(ne)s\u00a0: pas de stress, direction le dancefloor baskets. Et pour briller comme une boule \u00e0 facettes, on ne l\u00e9sine pas sur <b>le<\/b> <b>d\u00e9guisement ou les paillettes<\/b>.<\/p>\n<p>Quant \u00e0 faire grimper la Saturday Night Fever\u00a0: on retrouvera <b>Big Freak<\/b> et <b>Thelau<\/b> (Ordinaire Records), et <b>Phil Mr P<\/b> &amp; Friends aux platines.<\/p>\n<p align=\"CENTER\"><b>Quand et o\u00f9\u00a0?<br \/><\/b>Samedi 10 mai d\u00e8s 15h<br \/>Aux Ateliers \u00c9clair\u00e9s<br \/><a href=\"https:\/\/fb.me\/e\/2U0deucgO\" target=\"_blank\" rel=\"noopener\">L\u2019\u00e9v\u00e9nement Facebook<\/a><\/p>\n<p>                <img width=\"700\" height=\"500\" src=\"https:\/\/www.europesays.com\/fr\/wp-content\/uploads\/2025\/05\/5001759590-bb44fa5a80-k-700x500.jpg\" class=\"attachment-gallery size-gallery\" alt=\"disco roller\" data-full-url=\"https:\/\/pokaa.fr\/wp-content\/uploads\/2024\/03\/05\/5001759590-bb44fa5a80-k-1500x1072.jpg\" decoding=\"async\" loading=\"lazy\"  \/>            <\/p>\n<p>                <img width=\"390\" height=\"500\" src=\"https:\/\/www.europesays.com\/fr\/wp-content\/uploads\/2025\/05\/7433010258-368327cbda-k-390x500.jpg\" class=\"attachment-gallery size-gallery\" alt=\"disco roller\" data-full-url=\"https:\/\/pokaa.fr\/wp-content\/uploads\/2024\/03\/05\/7433010258-368327cbda-k-1500x1925.jpg\" decoding=\"async\" loading=\"lazy\"  \/>            <\/p>\n<p>                    1. \u00a9 Ray &#8211; Flickr \/ Photo d&rsquo;illustration ; 2. \u00a9 Lorna Watson &#8211; Flickr \/ Document remis<\/p>\n<p>Bike&rsquo;n&rsquo;Sound Parade x Rowing Club au parc du Heyritz<\/p>\n<p>Apr\u00e8s les petites roues\u00a0: les grandes. Si aux Ateliers \u00c9clair\u00e9s on chaussera les patins,<b> le 10 mai avec<\/b> <b>Bike\u2019n\u2019Sound<\/b>, ce sera une <b>parade musicale \u00e0 v\u00e9lo dans Strasbourg<\/b> (avec des syst\u00e8mes son embarqu\u00e9s et une tireuse \u00e0 bi\u00e8re sur roues) de 15h \u00e0 18h. (Ici aussi \u00ab<b>\u00a0d\u00e9guisements<\/b>, lumi\u00e8res et cr\u00e9ativit\u00e9 vivement encourag\u00e9s\u00a0\u00bb).<\/p>\n<p>Pas motiv\u00e9(e) \u00e0 monter en selle\u00a0? Pour l\u2019option pelouses, <b>le Parc du Heyritz<\/b> accueillera une \u00ab\u00a0chill zone\u00a0\u00bb avec <b>des DJ sets de 13h \u00e0 22h <\/b>(avec Solaire, Plantec et Tibesh Manny), des jeux, un stand v\u00e9lo et un espace enfants en <b>acc\u00e8s libre<\/b>.<\/p>\n<p>Et pour prolonger la f\u00eate\u00a0: <b>de 22h \u00e0 6h<\/b>, l\u2019asso s\u2019invite <b>dans la salle du Rowing Club Strasbourg <\/b>(avec Dimitri Rossi, Nice Nico, Sch\u00e4f, Jenson Kendo, Juliano, Alex Nevil et Chateauneuf).<\/p>\n<p align=\"CENTER\"><b>Quand et o\u00f9\u00a0?<br \/><\/b>Samedi 10 mai de 13h \u00e0 6h<br \/>En itin\u00e9rance dans Strasbourg puis au Rowing Club Strasbourg, au Parc du Heyritz<br \/><a href=\"https:\/\/fb.me\/e\/33AlDMOTs\" target=\"_blank\" rel=\"noopener\">L\u2019\u00e9v\u00e9nement Facebook<\/a><\/p>\n<p>                <img width=\"500\" height=\"500\" src=\"https:\/\/www.europesays.com\/fr\/wp-content\/uploads\/2025\/05\/thowoss-bike-n-sound-parade-velo-e1682772814497-500x500.jpg\" class=\"attachment-gallery size-gallery\" alt=\"bike n sound + parade v\u00e9lo\" data-full-url=\"https:\/\/pokaa.fr\/wp-content\/uploads\/2023\/04\/thowoss-bike-n-sound-parade-velo-e1682772814497.jpg\" decoding=\"async\" loading=\"lazy\"  \/>            <\/p>\n<p>                <img width=\"667\" height=\"500\" src=\"https:\/\/www.europesays.com\/fr\/wp-content\/uploads\/2025\/05\/equipement-sportif-parc-du-heyritz.jpg\" class=\"attachment-gallery size-gallery\" alt=\"\u00e9quipement sportif parc du heyritz\" data-full-url=\"https:\/\/www.europesays.com\/fr\/wp-content\/uploads\/2025\/05\/equipement-sportif-parc-du-heyritz.jpg\" decoding=\"async\" loading=\"lazy\"  \/>            <\/p>\n<p>                    1. Bike&rsquo;n&rsquo;Sound 2022 \u00a9 tho.woss \/ Document remis ; 2. Parc du Heyritz et Rowing Club Strasbourg \u00a9 Nicolas Kaspar\/Pokaa<\/p>\n<p>RBS Party au Wagon Souk<\/p>\n<p>On esp\u00e8re que t\u2019as pas trop le FOMO [Fear of missing out, ndlr] car sera un samedi bien rempli, \u00e0 Strasbourg\u2026 Du c\u00f4t\u00e9 du <b>Wagon Souk<\/b>, la radio strasbourgeoise RBS revient secouer le d\u00f4me ext\u00e9rieur<b> <\/b>avec son \u00ab\u00a0embl\u00e9matique\u00a0\u00bb<b> RBS Party<\/b>, le<b> samedi 10 mai<\/b>. Une \u00ab\u00a0grosse soir\u00e9e <b>hip-hop<\/b>\u00a0\u00bb.<\/p>\n<p>Pour le gros son\u00a0: <b>Mista Brown, DJ Twiddle, DJ Nook, DJ Stan Smith, DJ Kreow, DJ Bad, DJ Caze, James Djinn et Mc Talri. <\/b>Pour le reste\u00a0: des goodies et des cadeaux.<\/p>\n<p align=\"CENTER\"><b>Quand et o\u00f9\u00a0?<br \/><\/b>Samedi 10 mai de 20h \u00e0 2h30<br \/>Au Wagon Souk<br \/><a href=\"https:\/\/fb.me\/e\/2OKFpyLH6\" target=\"_blank\" rel=\"noopener\">L\u2019\u00e9v\u00e9nement Facebook<\/a><\/p>\n<p>                <img width=\"667\" height=\"500\" src=\"https:\/\/www.europesays.com\/fr\/wp-content\/uploads\/2025\/05\/spok-rbs-party-3-e1695212973991-667x500.jpg\" class=\"attachment-gallery size-gallery\" alt=\"RBS party\" data-full-url=\"https:\/\/pokaa.fr\/wp-content\/uploads\/2023\/09\/20\/spok-rbs-party-3-1500x1125.jpg\" decoding=\"async\" loading=\"lazy\"  \/>            <\/p>\n<p>                <img width=\"667\" height=\"500\" src=\"https:\/\/www.europesays.com\/fr\/wp-content\/uploads\/2025\/05\/343733809-545698707719772-2695257643831659363-n-667x500.jpg\" class=\"attachment-gallery size-gallery\" alt=\"RBS Party\" data-full-url=\"https:\/\/pokaa.fr\/wp-content\/uploads\/2023\/09\/20\/343733809-545698707719772-2695257643831659363-n-1500x1125.jpg\" decoding=\"async\" loading=\"lazy\"  \/>            <\/p>\n<p>                    RBS Party (avril 2023) \u00a9 SPOK \/ Documents remis<\/p>\n<p>Les spectacles<br \/>\nFestival Pisteurs d&rsquo;\u00c9toiles \u00e0 Obernai<\/p>\n<p>Pour faire r\u00eaver les petit(e)s et grand(e)s enfants, on s\u2019\u00e9vade <b>d\u00e8s aujourd\u2019hui \u00e0 Obernai<\/b>, o\u00f9 le festival<b> Pisteurs d\u2019\u00c9toiles <\/b>met un sacr\u00e9 cirque<b> <\/b>depuis presque trente ans\u2026 Le festival (port\u00e9 par 13e sens \u2013 sc\u00e8ne et cin\u00e9) profite du pont pour revenir sur <b>une 28\u00e8me \u00e9dition<\/b>\u00a0!<\/p>\n<p>Sous chapiteau et dans les rues de la ville\u00a0: <b>de nombreux spectacles de cirque (dont certains gratuits)<\/b> ainsi que<b> des ateliers et activit\u00e9s<\/b>, \u00e0 retrouver <b>jusqu\u2019au dimanche 3 mai<\/b>.<\/p>\n<p align=\"CENTER\"><b>Quand et o\u00f9\u00a0?<br \/><\/b>Jusqu\u2019au dimanche 3 mai<br \/>\u00c0 Obernai<br \/><a href=\"https:\/\/fb.me\/e\/jhgydglzK\" target=\"_blank\" rel=\"noopener\">L\u2019\u00e9v\u00e9nement Facebook<\/a><br \/><a href=\"https:\/\/pisteursdetoiles.com\/\" target=\"_blank\" rel=\"noopener\">Programme complet<\/a><\/p>\n<\/p>\n<p>Le festival des Arts Mutants \u00e0 la Fabrique th\u00e9\u00e2tre<\/p>\n<p>Depuis 2011, se tient \u00e0 Strasbourg <b>un festival pluridisciplinaire <\/b>port\u00e9 par l\u2019association INACT, au nom des plus intrigants\u00a0: <b>Le festival des Arts Mutants<\/b>. Derri\u00e8re, l\u2019id\u00e9e d\u2019une <b>rencontre autour de la performance<\/b> et son actualit\u00e9, m\u00e9langeant des artistes \u00e9mergent(e)s et confirm\u00e9(e)s (venu(e)s cette ann\u00e9e de 13 pays diff\u00e9rents).<\/p>\n<p>Pour sa quinzi\u00e8me \u00e9dition, il pr\u00e9sentera plus d\u2019une quinzaine d\u2019expressions artistiques sur cinq jours, et investira <b>la Fabrique th\u00e9\u00e2tre du 7 au 16 mai<\/b>, avec des rendez-vous en journ\u00e9e et soir\u00e9e, autour d\u2019<b>un th\u00e8me\u00a0: \u00ab\u00a0Amalgame\u00a0\u00bb<\/b>. Sur sc\u00e8ne\u00a0: des musicien(ne)s, plasticien(ne)s, com\u00e9dien(ne)s, danseurs\/euses, po\u00e8tes, et autres performeurs\/euses aux propositions curieuses.<\/p>\n<p align=\"CENTER\"><b>Quand et o\u00f9\u00a0?<br \/><\/b>Du jeudi 8 au samedi 10 mai<br \/>\u00c0 la Fabrique th\u00e9\u00e2tre \/ Salle des Colonnes<br \/><a href=\"https:\/\/fb.me\/e\/61OFDNxvY\" target=\"_blank\" rel=\"noopener\">L\u2019\u00e9v\u00e9nement Facebook<\/a><br \/><a href=\"https:\/\/www.inact.fr\/festival\" target=\"_blank\" rel=\"noopener\">Programme complet<\/a><\/p>\n<p>D\u00e9licieusement Drag #2 \u00e0 l&rsquo;Espace K<\/p>\n<p>Si la Fabrique fera la part belle aux \u00ab\u00a0Arts Mutants\u00a0\u00bb, son voisin l\u2019Espace K fera ce m\u00eame week-end, honneur \u00e0 <b>la sc\u00e8ne <\/b><b>drag<\/b><b> de Strasbourg <\/b>qui ne cesse de s\u2019enrichir et se diversifier. S\u2019il est parfois difficile de suivre tous les spectacles propos\u00e9s \u00e0 l\u2019ann\u00e9e, <b>trois <\/b><b>houses <\/b><b>strasbourgeoises <\/b>uniront leurs forces et leurs talents,<b> <\/b>le temps d\u2019une soir\u00e9e, d\u2019<b>un show<\/b>.<\/p>\n<p><b>Les vendredi 9 et samedi 10 mai<\/b>, la <b>House of Marley Entertainement<\/b>, la <b>House of Diamonds<\/b> et les <b>Kings d\u2019Or\u00e9\u00b7e\u00b7s<\/b> se retrouveront ainsi dans la seconde \u00e9dition de D\u00e9licieusement Drag. Sur sc\u00e8ne\u00a0: quinze artistes (drag queens, drag kings et autres drag queer\/creatures) pour nous faire d\u00e9couvrir <b>\u00ab\u00a0l\u2019art du drag dans son large spectre\u00a0\u00bb<\/b>.<\/p>\n<p>En marge de la repr\u00e9sentation du <b>samedi<\/b>, retrouve<b> en apr\u00e8s-midi<\/b> des stands d\u2019assos, du merch\u2019, une <b>table ronde et podcast et une friperie <\/b><b>\u00ab\u00a0drag corner\u00a0\u00bb<\/b>.<\/p>\n<p align=\"CENTER\"><b>Quand et o\u00f9\u00a0?<br \/><\/b>Vendredi 9 (d\u00e8s 18h) et samedi 10 mai (d\u00e8s l\u2019apr\u00e8s-midi)<br \/>\u00c0 l\u2019Espace K<br \/><a href=\"https:\/\/fb.me\/e\/32mzeVNF8\" target=\"_blank\" rel=\"noopener\">L\u2019\u00e9v\u00e9nement Facebook<\/a><\/p>\n<p>    <img width=\"452\" height=\"600\" src=\"https:\/\/www.europesays.com\/fr\/wp-content\/uploads\/2025\/05\/pxl-20240511-1959530212-scaled-e1718208860472-452x600.jpg\" class=\"attachment-image-size-M size-image-size-M\" alt=\"House of Diamonds\" decoding=\"async\" loading=\"lazy\"  \/>         La House of Diamonds au Phare Citadelle (mai 2024) \u00a9 Fanny Soriano \/ Pokaa <\/p>\n<p>TnS Comedy Club au Th\u00e9\u00e2tre national de Strasbourg<\/p>\n<p>Avec sa nouvelle directrice Caroline Guiela Nguyen, le TnS (Th\u00e9\u00e2tre national de Strasbourg) ne cesse de nous surprendre par la vivacit\u00e9 de sa programmation\u2026<b> Parmi les rendez-vous surprenants de cette saison\u00a0: le \u00ab\u00a0TnS Comedy Club\u00a0\u00bb<\/b>.<\/p>\n<p><b>Du 13 au 17 mai<\/b>, le th\u00e9\u00e2tre \u00ab\u00a0ouvre grand ses portes \u00e0 celles et ceux qui font<b> le stand-up aujourd\u2019hui<\/b>\u00a0\u00bb, en leur offrant la belle salle Kolt\u00e8s. Outre <b>Panayotis Pascot<\/b> qui jouera \u00e0 guichets ferm\u00e9s le 13 mai, on pourra \u00e9galement y d\u00e9couvrir les seul(e)s-en sc\u00e8ne de <b>Laura Domenge<\/b> (le 13) ou de <b>Merwane Benlazar <\/b>(le 14).<\/p>\n<p>Jeudi 15, le TnS laissera carte blanche au comedy club strasbourgeois <b>Le Plato qui conviera Guigui Pop, Morgane Cadignan, Emma Bojan<\/b>, et les Strasbourgeois <b>St\u00e9phane Du Baron et Najim Ziani<\/b>. Et pour conclure la semaine, samedi 17, place \u00e0 une s\u00e9lection d\u2019humoristes du c\u00e9l\u00e8bre comedy club parisien <b>Madame Sarfati<\/b> (tenu par Fary).<\/p>\n<p align=\"CENTER\"><b>Quand et o\u00f9\u00a0?<br \/><\/b>Du mardi 13 au samedi 17 mai<br \/>Au TNS (Th\u00e9\u00e2tre national de Strasbourg)<br \/><a href=\"https:\/\/tns.fr\/les-actualites\/tns-comedy-club\" target=\"_blank\" rel=\"noopener\">Programme complet<\/a><\/p>\n<p>    <img width=\"400\" height=\"600\" src=\"https:\/\/www.europesays.com\/fr\/wp-content\/uploads\/2025\/05\/silina-syan-tns-e1728320903775-400x600.jpg\" class=\"attachment-image-size-M size-image-size-M\" alt=\"TNS\" decoding=\"async\" loading=\"lazy\"  \/>         \u00a9 Silina Syan \/ Document remis <\/p>\n<p>Le Cirque du Soleil \u00ab\u00a0Corteo\u00a0\u00bb au Z\u00e9nith de Strasbourg<\/p>\n<p>On ne le pr\u00e9sente plus tant sa r\u00e9putation le pr\u00e9c\u00e8de\u2026 <b>Le Cirque du Soleil<\/b> arrive bient\u00f4t en ville\u00a0! Apr\u00e8s avoir conquis pr\u00e8s de 10 millions de personnes dans une vingtaine de pays, voil\u00e0 qu\u2019il vient virevolter <b>du 14 au 18 mai, au Z\u00e9nith de Strasbourg<\/b>.<\/p>\n<p>La c\u00e9l\u00e8bre compagnie y reprend<b> son spectacle <\/b><b>Corteo<\/b> pour la premi\u00e8re fois ici, emmenant dans ses bagages, \u00ab\u00a0<b>prouesses acrobatiques<\/b>, com\u00e9die et jeu d\u2019acteurs\u00a0\u00bb, pour nous raconter \u00ab\u00a0<b>la force et [\u2026] la fragilit\u00e9 du clown<\/b>, mais aussi \u00e0 sa sagesse et \u00e0 sa tendresse, pour illustrer la part d\u2019humanit\u00e9 en chacun de nous\u00a0\u00bb.<\/p>\n<p align=\"CENTER\"><b>Quand et o\u00f9\u00a0?<br \/><\/b>Du mercredi 14 au dimanche 18 mai<br \/>Au Z\u00e9nith de Strasbourg<br \/><a href=\"https:\/\/fb.me\/e\/5sZMVynhu\" target=\"_blank\" rel=\"noopener\">L\u2019\u00e9v\u00e9nement Facebook<\/a><\/p>\n<\/p>\n<p>Les inclassables<br \/>\n3\u00e8me Vide-grenier festif du Neudorf<\/p>\n<p>La saison des brocantes est officiellement\u2026 ouverte\u00a0! Parmi les premiers rendez-vous\u00a0: <b>le Vide-grenier festif du Neudorf<\/b>, qui c\u00e9l\u00e8bre aujourd\u2019hui sa troisi\u00e8me \u00e9dition.<\/p>\n<p>\u00c0 quoi s\u2019attendre\u00a0? Des stands pour chiner, \u00e9videmment. Mais aussi\u00a0: des <b>concerts<\/b>, des<b> animations \u00e0 prix libre (autour du r\u00e9-usage, du recyclage et du compost, et des r\u00e9parations <\/b>de petit \u00e9lectronique et \u00e9lectro-m\u00e9nager), un petit <b>Biergarten<\/b>, de la petite restauration et un stand de maquillage pour enfants.<\/p>\n<p align=\"CENTER\"><b>Quand et o\u00f9\u00a0?<br \/><\/b>Jeudi 1er mai de 8h \u00e0 18h<br \/>Au Neudorf (\u00e0 la Maison Citoyenne et rue du Grand Couronn\u00e9, rue de Nom\u00e9ny et rue des Chata\u00eegners)<br \/><a href=\"https:\/\/fb.me\/e\/3gda9FWVp\" target=\"_blank\" rel=\"noopener\">L\u2019\u00e9v\u00e9nement Facebook<\/a><\/p>\n<p>    <img width=\"600\" height=\"600\" src=\"https:\/\/www.europesays.com\/fr\/wp-content\/uploads\/2025\/05\/ateliers-auto-reparation-diy-1.jpeg\" class=\"attachment-image-size-M size-image-size-M\" alt=\"ateliers auto r\u00e9paration diy (1)\" decoding=\"async\" loading=\"lazy\"  \/>         Maison citoyenne de Strasbourg \u00a9 Facebook de la Maison citoyenne \/ Document remis <\/p>\n<p>\u00ab\u00a0Tous au ch\u00e2teau\u00a0\u00bb \u00e0 Lichtenberg<\/p>\n<p>Et si on partait en exp\u00e9dition\u00a0? Que dis-je\u00a0: <b>un voyage dans le temps\u00a0<\/b>! Comme nous te l\u2019annoncions en mars dernier, <b>le ch\u00e2teau de Lichtenberg<\/b> (\u00e0 1h de Strasbourg) a repris sa saison, avec au programme, de nombreuses animations\u2026 Et aujourd\u2019hui, il s\u2019agit de son rendez-vous <b>\u00ab\u00a0Tous au ch\u00e2teau\u00a0!\u00a0\u00bb<\/b> qui proposera jusqu\u2019\u00e0 18h de <b>d\u00e9couvrir des savoir-faire anciens<\/b> (l\u2019art de la tonnellerie ou la fabrication de pigments).<\/p>\n<p>Pour profiter en famille ou entre ami(e)s\u00a0: <b>des d\u00e9ambulations de musique m\u00e9di\u00e9vale <\/b>avec d\u00e9mos de danse, un <b>spot photo<\/b>, des <b>visites guid\u00e9es<\/b> et une conf\u00e9rence (\u00ab\u00a0Balade dans les ch\u00e2teaux forts des Vosges du Nord\u00a0\u00bb par Nicolas Mengus). Tout pour se plonger dans l\u2019effervescence d\u2019<b>un campement m\u00e9di\u00e9val, en profitant de la nature aux alentours. <\/b>De quoi se d\u00e9payser comme jamais, en ce 1er mai.<\/p>\n<p align=\"CENTER\"><b>Quand et o\u00f9\u00a0?<br \/><\/b>Jeudi 1er mai de 10h \u00e0 18h<br \/>Au ch\u00e2teau de Lichtenberg<br \/><a href=\"https:\/\/fb.me\/e\/2wKhjsJQ5\" target=\"_blank\" rel=\"noopener\">L\u2019\u00e9v\u00e9nement Facebook<\/a><br \/><a href=\"https:\/\/www.chateaudelichtenberg.alsace\/evenement\/tous-au-chateau-1er-mai\/\" target=\"_blank\" rel=\"noopener\">Programme complet<\/a><\/p>\n<p>                <img width=\"375\" height=\"500\" src=\"https:\/\/www.europesays.com\/fr\/wp-content\/uploads\/2025\/05\/fete-medievale-2022-credit-nadine-heitmann-cchlpp-9-scaled-e1680865138724-375x500.jpeg\" class=\"attachment-gallery size-gallery\" alt=\"F\u00eate m\u00e9di\u00e9vale Ch\u00e2teau de Lichtenberg\" data-full-url=\"https:\/\/pokaa.fr\/wp-content\/uploads\/2023\/04\/fete-medievale-2022-credit-nadine-heitmann-cchlpp-9-1500x2000.jpeg\" decoding=\"async\" loading=\"lazy\"  \/>            <\/p>\n<p>                <img width=\"334\" height=\"500\" src=\"https:\/\/www.europesays.com\/fr\/wp-content\/uploads\/2025\/05\/fete-medievale-chateau-de-lichtenberg-credits-cchlpp-11-scaled-e1680865222292-334x500.jpg\" class=\"attachment-gallery size-gallery\" alt=\"F\u00eate m\u00e9di\u00e9vale Ch\u00e2teau de Lichtenberg\" data-full-url=\"https:\/\/pokaa.fr\/wp-content\/uploads\/2023\/04\/fete-medievale-chateau-de-lichtenberg-credits-cchlpp-11-1500x2250.jpg\" decoding=\"async\" loading=\"lazy\"  \/>            <\/p>\n<p>                    F\u00eate m\u00e9di\u00e9vale du ch\u00e2teau de Lichtenberg \u00a9 CCHLPP \/ Communaut\u00e9 de communes de Hanau-La Petite Pierre \/ Documents remis<\/p>\n<p>Jazz br\u00e9silien au Domaine Lissner \u00e0 Wolxheim<\/p>\n<p>Et on finit avec une autre exp\u00e9dition\u2026 Cette fois-ci dans les vignes, \u00e0 Wolxheim (\u00e0 25 minutes de Strasbourg).<b> Le jeudi 8 mai<\/b> (f\u00e9ri\u00e9) s\u2019y tiendra une curiosit\u00e9 musicale pour m\u00e9lomanes et fins gourmets\u00a0: une <b>d\u00e9gustation de vins sauvages<\/b>, libres, vivants et bio (mill\u00e9simes de 2024) au Domaine Lissner\u2026 Avec<b> en bonus, un concert<\/b>.<\/p>\n<p>Pendant que les papilles seront \u00e9moustill\u00e9es par les vins, les oreilles s\u2019attarderont elles, sur les notes de<b> jazz br\u00e9silien<\/b> avec <b>l\u2019accord\u00e9oniste Nonato Lima<\/b>. En bonus\u00a0: l\u2019accord\u00e9oniste alsacien Marcel Loeffler.<\/p>\n<p>Pour un doux ap\u00e9ro, aussi original qu\u2019intimiste.<\/p>\n<p align=\"CENTER\"><b>Quand et o\u00f9\u00a0?<br \/><\/b>Jeudi 8 mai \u00e0 17h<br \/>Au Domaine Lissner \u00e0 Wolxheim<br \/><a href=\"https:\/\/lissner.fr\/aec_events\/jazz-bresilien-par-nonato-lima\" target=\"_blank\" rel=\"noopener\">+ d\u2019infos<\/a><\/p><\/p>\n","protected":false},"excerpt":{"rendered":"Temp\u00e9ratures qui s\u2019adoucissent et week-ends \u00e0 rallonge : le mois de mai est probablement l\u2019un des plus doux&hellip;\n","protected":false},"author":2,"featured_media":67426,"comment_status":"","ping_status":"","sticky":false,"template":"","format":"standard","meta":{"footnotes":""},"categories":[2820],"tags":[1111,11,6961,5398,1697,12084,16829,1719,1777,674,652,16830,849,1011,27,775,326,873,12,25,3140,7492,640,16831],"class_list":{"0":"post-67425","1":"post","2":"type-post","3":"status-publish","4":"format-standard","5":"has-post-thumbnail","7":"category-strasbourg","8":"tag-actu","9":"tag-actualites","10":"tag-brocante","11":"tag-cirque","12":"tag-concert","13":"tag-dj-set","14":"tag-drag-show","15":"tag-enfants","16":"tag-eu","17":"tag-europe","18":"tag-famille","19":"tag-ferie","20":"tag-festival","21":"tag-fr","22":"tag-france","23":"tag-grand-est","24":"tag-gratuit","25":"tag-musique","26":"tag-news","27":"tag-republique-francaise","28":"tag-spectacle","29":"tag-stand-up","30":"tag-strasbourg","31":"tag-vintage"},"share_on_mastodon":{"url":"https:\/\/pubeurope.com\/@fr\/114433830841262720","error":""},"_links":{"self":[{"href":"https:\/\/www.europesays.com\/fr\/wp-json\/wp\/v2\/posts\/67425","targetHints":{"allow":["GET"]}}],"collection":[{"href":"https:\/\/www.europesays.com\/fr\/wp-json\/wp\/v2\/posts"}],"about":[{"href":"https:\/\/www.europesays.com\/fr\/wp-json\/wp\/v2\/types\/post"}],"author":[{"embeddable":true,"href":"https:\/\/www.europesays.com\/fr\/wp-json\/wp\/v2\/users\/2"}],"replies":[{"embeddable":true,"href":"https:\/\/www.europesays.com\/fr\/wp-json\/wp\/v2\/comments?post=67425"}],"version-history":[{"count":0,"href":"https:\/\/www.europesays.com\/fr\/wp-json\/wp\/v2\/posts\/67425\/revisions"}],"wp:featuredmedia":[{"embeddable":true,"href":"https:\/\/www.europesays.com\/fr\/wp-json\/wp\/v2\/media\/67426"}],"wp:attachment":[{"href":"https:\/\/www.europesays.com\/fr\/wp-json\/wp\/v2\/media?parent=67425"}],"wp:term":[{"taxonomy":"category","embeddable":true,"href":"https:\/\/www.europesays.com\/fr\/wp-json\/wp\/v2\/categories?post=67425"},{"taxonomy":"post_tag","embeddable":true,"href":"https:\/\/www.europesays.com\/fr\/wp-json\/wp\/v2\/tags?post=67425"}],"curies":[{"name":"wp","href":"https:\/\/api.w.org\/{rel}","templated":true}]}}