{"id":674268,"date":"2026-01-19T11:33:15","date_gmt":"2026-01-19T11:33:15","guid":{"rendered":"https:\/\/www.europesays.com\/fr\/674268\/"},"modified":"2026-01-19T11:33:15","modified_gmt":"2026-01-19T11:33:15","slug":"quand-glenn-frey-se-bat-avec-don-felder-et-sonne-la-fin-du-groupe","status":"publish","type":"post","link":"https:\/\/www.europesays.com\/fr\/674268\/","title":{"rendered":"Quand Glenn Frey se bat avec Don Felder et sonne la fin du groupe"},"content":{"rendered":"<p itemprop=\"description\"><strong>La fatigue, les egos et les tensions internes vont finir par exploser lors d\u2019un incident rest\u00e9 mythique entre Don Felder et Glenn Frey, cofondateur du groupe.<\/strong><\/p>\n<p>\u00c0 la fin des ann\u00e9es 1970, <a href=\"https:\/\/virginradio.fr\/news\/rock\/4999\/the-eagles-nouveaux-concerts-dans-la-sphere-de-las-vegas\" target=\"_blank\" rel=\"noopener\">les <strong>Eagles<\/strong><\/a> sont au sommet. Des millions d\u2019albums vendus, des tourn\u00e9es mondiales, une domination totale des charts am\u00e9ricains. Mais derri\u00e8re les harmonies parfaites et les guitares cisel\u00e9es, la machine est en train de se fissurer. <strong>La fatigue<\/strong>, <strong>les egos<\/strong> et <strong>les tensions internes<\/strong> vont finir par exploser lors d\u2019un incident rest\u00e9 mythique entre <strong>Don Felder<\/strong> et <strong>Glenn Frey<\/strong>, cofondateur du groupe.<\/p>\n<p><strong>Un groupe \u00e0 bout de souffle<\/strong><\/p>\n<p>Comme plusieurs de ses anciens camarades, les ann\u00e9es de solitude de <strong>Don Felder<\/strong> commencent d\u00e8s la premi\u00e8re s\u00e9paration des Eagles, au tournant des ann\u00e9es 1980. Apr\u00e8s des ann\u00e9es pass\u00e9es <strong>en studio<\/strong> et <strong>sur les routes<\/strong>, le groupe est <strong>\u00e9puis\u00e9<\/strong>, vid\u00e9 physiquement et mentalement.<\/p>\n<p>\u00ab <strong>On \u00e9tait compl\u00e8tement \u00e9puis\u00e9s, mec<\/strong> \u00bb, se souvient <strong>Glenn Frey<\/strong> durant l\u2019\u00e9t\u00e9 1994.<br \/>Le guitariste et chanteur est d\u00e9c\u00e9d\u00e9 le <strong>18 janvier 2016<\/strong>, \u00e0 l\u2019\u00e2ge de <strong>67 ans<\/strong>.<br \/>\u00ab <strong>On avait d\u00e9sesp\u00e9r\u00e9ment besoin d&rsquo;une pause. Ce qui s&rsquo;est pass\u00e9 d\u00e9passait largement le cadre de cette seule soir\u00e9e.<\/strong> \u00bb<\/p>\n<p>Mais cette pause n\u2019arrivera jamais de mani\u00e8re apais\u00e9e.<\/p>\n<p><strong>Long Beach : la soir\u00e9e o\u00f9 tout bascule<\/strong><\/p>\n<p>L\u2019incident d\u00e9cisif se d\u00e9roule lors d\u2019un <strong>concert de bienfaisance \u00e0 Long Beach<\/strong>, organis\u00e9 pour soutenir une cause environnementale, en pr\u00e9sence de <strong>Jerry Brown<\/strong> (alors gouverneur de Californie) et de sa compagne <strong>Norma Weintraub<\/strong>.<\/p>\n<p>Dans ses m\u00e9moires explosives publi\u00e9es en 2007, Heaven and Hell: My Life in the Eagles (1974\u20132001), <strong>Don Felder<\/strong> raconte qu\u2019il n\u2019avait aucun probl\u00e8me \u00e0 jouer pour des causes <strong>non politiques<\/strong>, mais qu\u2019il nourrissait des r\u00e9serves sur ce type pr\u00e9cis d\u2019\u00e9v\u00e9nement.<\/p>\n<p>Avant le concert, les Eagles rencontrent <strong>Jerry Brown et Norma Weintraub<\/strong>. Sur les photos, Felder appara\u00eet visiblement mal \u00e0 l\u2019aise. Il raconte avoir dit \u00e0 Weintraub :<\/p>\n<p>\u00ab <strong>Enchant\u00e9\u2026<\/strong> \u00bb<br \/>Puis, \u00e0 voix basse : \u00ab <strong>Je suppose.<\/strong> \u00bb<\/p>\n<p>Une remarque qui va mettre le feu aux poudres.<\/p>\n<p><strong>Glenn Frey entre en furie<\/strong><\/p>\n<p>\u00ab <strong>Je crois que Glenn m\u2019a entendu dire \u00e7a et s\u2019est vraiment \u00e9nerv\u00e9<\/strong> \u00bb, explique Felder, qui affirme n\u2019avoir voulu offenser personne.<br \/>\u00ab <strong>Je ne savais pas qui ils \u00e9taient, et \u00e7a m\u2019\u00e9tait compl\u00e8tement \u00e9gal.<\/strong> \u00bb<\/p>\n<p>Glenn Frey ne voit pas les choses de la m\u00eame mani\u00e8re. Il retrouve Felder dans les vestiaires.<\/p>\n<p>\u00ab <strong>Glenn m\u2019a trouv\u00e9 dans les vestiaires et a commenc\u00e9 \u00e0 me crier dessus<\/strong> \u00bb, raconte le guitariste.<br \/>\u00ab <strong>Essayant de maintenir la paix, j\u2019ai fini par sortir.<\/strong> \u00bb<\/p>\n<p>Mais le mal est fait. Les \u00e9changes verbaux se poursuivent avant le concert, et <strong>la tension ne retombe jamais<\/strong>.<\/p>\n<p><strong>La menace\u2026 en plein concert<\/strong><\/p>\n<p>Sur sc\u00e8ne, la situation d\u00e9g\u00e9n\u00e8re encore. Pendant <strong>\u201cThe Best of My Love\u201d<\/strong>, Don Felder affirme que Glenn Frey s\u2019approche de lui et lui l\u00e2che :<\/p>\n<p>\u00ab <strong>Va te faire foutre. Je vais te casser la gueule quand on descendra de sc\u00e8ne.<\/strong> \u00bb<\/p>\n<p>Felder garde ses distances pendant les rappels. Mais Frey continue.<\/p>\n<p>\u00ab <strong>Encore trois, mon pote. Pr\u00e9pare-toi !<\/strong> \u00bb<\/p>\n<p>L\u2019affrontement semble in\u00e9vitable.<\/p>\n<p><strong>La guitare fracass\u00e9e : le point de non-retour<\/strong><\/p>\n<p>Anticipant la fin du concert, Felder demande \u00e0 un membre de l\u2019\u00e9quipe de placer sa <strong>guitare acoustique Takamine<\/strong> pr\u00e8s de la porte des coulisses. Une guitare choisie d\u00e9lib\u00e9r\u00e9ment.<\/p>\n<p>Une fois le concert termin\u00e9, Felder passe \u00e0 l\u2019acte : <strong>il fracasse la guitare en coulisses<\/strong>, comme un avertissement adress\u00e9 \u00e0 Glenn Frey. Sans savoir que <strong>Jerry Brown et Norma Weintraub<\/strong>, quittant la salle, assistent \u00e0 la sc\u00e8ne.<\/p>\n<p>\u00ab <strong>C&rsquo;est la seule fois o\u00f9 j&rsquo;ai fait \u00e7a<\/strong> \u00bb, se souvient Felder.<br \/>\u00ab <strong>Casser une guitare, c&rsquo;est une erreur qui co\u00fbte cher.<\/strong> \u00bb<\/p>\n<p>Il ajoute :<\/p>\n<p>\u00ab <strong>Vous pourriez vous blesser avec des \u00e9chardes, ou blesser quelqu&rsquo;un autour de vous. Ces ficelles sont en m\u00e9tal. Ce n&rsquo;est pas une fa\u00e7on saine d&rsquo;\u00e9vacuer sa frustration.<\/strong> \u00bb<\/p>\n<p>Mais pour lui, l\u2019alternative \u00e9tait claire :<\/p>\n<p>\u00ab <strong>C&rsquo;\u00e9tait \u00e7a ou on allait en venir aux mains.<\/strong> \u00bb<\/p>\n<p><strong>Une guitare pas si anodine<\/strong><\/p>\n<p>La derni\u00e8re pique de Glenn Frey tombe comme un verdict :<\/p>\n<p>\u00ab <strong>Typique de toi de casser ta putain de guitare la moins ch\u00e8re.<\/strong> \u00bb<\/p>\n<p>Mais derri\u00e8re ce geste se cache une symbolique plus profonde.<\/p>\n<p>\u00ab <strong>Je n&rsquo;avais pas de Martin ; c&rsquo;\u00e9tait que des Takamine<\/strong> \u00bb, explique Felder.<br \/>\u00ab <strong>Glenn avait un contrat avec Takamine, donc tout le monde devait jouer sur des Takamine sur sc\u00e8ne.<\/strong> \u00bb<\/p>\n<p>Un d\u00e9tail qui r\u00e9sume parfaitement les <strong>rapports de force<\/strong>, le <strong>contr\u00f4le<\/strong> et les <strong>frustrations accumul\u00e9es<\/strong> au sein du groupe.<\/p>\n<p><strong>La fin d\u2019une \u00e8re<\/strong><\/p>\n<p><a href=\"https:\/\/virginradio.fr\/news\/rock\/4774\/the-eagles-joe-walsh-raconte-ce-lieu-qui-lui-a-permis-darreter-la-drogue-et-lalcool\" target=\"_blank\" rel=\"noopener\">Les Eagles<\/a> termineront l\u2019album <strong>Eagles Live (1980)<\/strong> <strong>s\u00e9par\u00e9ment<\/strong>, sans jamais vraiment se retrouver.<br \/>La dissolution du groupe est <strong>officiellement reconnue en mai 1982<\/strong>.<\/p>\n<p>Il faudra attendre <strong>1994<\/strong> et la tourn\u00e9e <strong>\u201cHell Freezes Over\u201d<\/strong> pour voir les Eagles rena\u00eetre de leurs cendres. Mais cette nuit de <strong>Long Beach<\/strong>, marqu\u00e9e par une guitare bris\u00e9e et des menaces en plein concert, restera \u00e0 jamais comme <strong>le moment o\u00f9 la premi\u00e8re vie des Eagles s\u2019est brutalement arr\u00eat\u00e9e<\/strong>.<\/p>\n","protected":false},"excerpt":{"rendered":"La fatigue, les egos et les tensions internes vont finir par exploser lors d\u2019un incident rest\u00e9 mythique entre&hellip;\n","protected":false},"author":2,"featured_media":674269,"comment_status":"","ping_status":"","sticky":false,"template":"","format":"standard","meta":{"footnotes":""},"categories":[1355],"tags":[1111,11,650,19312,58,7734,11500,2889,59,2263,19311,1011,27,1922,6417,1114,19315,4662,1361,873,19313,19314,19316,3725,1825,19310,66653,7040,3758,19307,19309,19308],"class_list":{"0":"post-674268","1":"post","2":"type-post","3":"status-publish","4":"format-standard","5":"has-post-thumbnail","7":"category-musique","8":"tag-actu","9":"tag-actualites","10":"tag-cinema","11":"tag-dab","12":"tag-divertissement","13":"tag-ecoute","14":"tag-electro","15":"tag-emission","16":"tag-entertainment","17":"tag-equipe","18":"tag-fm","19":"tag-fr","20":"tag-france","21":"tag-info","22":"tag-information","23":"tag-infos","24":"tag-interviews-rock","25":"tag-journal","26":"tag-music","27":"tag-musique","28":"tag-musique-rock","29":"tag-nouveautes-rock","30":"tag-playlists-rock","31":"tag-podcast","32":"tag-radio","33":"tag-radio-en-ligne","34":"tag-radio-rock","35":"tag-rock","36":"tag-station","37":"tag-virgin","38":"tag-virgin-radio","39":"tag-virginradio"},"share_on_mastodon":{"url":"https:\/\/pubeurope.com\/@fr\/115921551551973123","error":""},"_links":{"self":[{"href":"https:\/\/www.europesays.com\/fr\/wp-json\/wp\/v2\/posts\/674268","targetHints":{"allow":["GET"]}}],"collection":[{"href":"https:\/\/www.europesays.com\/fr\/wp-json\/wp\/v2\/posts"}],"about":[{"href":"https:\/\/www.europesays.com\/fr\/wp-json\/wp\/v2\/types\/post"}],"author":[{"embeddable":true,"href":"https:\/\/www.europesays.com\/fr\/wp-json\/wp\/v2\/users\/2"}],"replies":[{"embeddable":true,"href":"https:\/\/www.europesays.com\/fr\/wp-json\/wp\/v2\/comments?post=674268"}],"version-history":[{"count":0,"href":"https:\/\/www.europesays.com\/fr\/wp-json\/wp\/v2\/posts\/674268\/revisions"}],"wp:featuredmedia":[{"embeddable":true,"href":"https:\/\/www.europesays.com\/fr\/wp-json\/wp\/v2\/media\/674269"}],"wp:attachment":[{"href":"https:\/\/www.europesays.com\/fr\/wp-json\/wp\/v2\/media?parent=674268"}],"wp:term":[{"taxonomy":"category","embeddable":true,"href":"https:\/\/www.europesays.com\/fr\/wp-json\/wp\/v2\/categories?post=674268"},{"taxonomy":"post_tag","embeddable":true,"href":"https:\/\/www.europesays.com\/fr\/wp-json\/wp\/v2\/tags?post=674268"}],"curies":[{"name":"wp","href":"https:\/\/api.w.org\/{rel}","templated":true}]}}