{"id":674272,"date":"2026-01-19T11:36:11","date_gmt":"2026-01-19T11:36:11","guid":{"rendered":"https:\/\/www.europesays.com\/fr\/674272\/"},"modified":"2026-01-19T11:36:11","modified_gmt":"2026-01-19T11:36:11","slug":"pesticides-et-sante-des-agriculteurs-etat-des-lieux-en-suisse","status":"publish","type":"post","link":"https:\/\/www.europesays.com\/fr\/674272\/","title":{"rendered":"Pesticides et sant\u00e9 des agriculteurs: \u00e9tat des lieux en Suisse"},"content":{"rendered":"<p>En Suisse, on examine si les pesticides entra\u00eenent davantage de cas de Parkinson chez les agriculteurs. A l&rsquo;\u00e9tranger, cette affection est consid\u00e9r\u00e9e comme une maladie professionnelle pour les paysans. Chez nous, de nombreuses donn\u00e9es manquent.<\/p>\n<p>En Allemagne, un paysan qui a manipul\u00e9 des pesticides pendant plus de 100 jours au cours de sa vie professionnelle et qui d\u00e9veloppe la maladie de Parkinson a droit \u00e0 une indemnisation financi\u00e8re. Parkinson est en effet consid\u00e9r\u00e9 comme une <a href=\"https:\/\/www.bmas.de\/SharedDocs\/Downloads\/DE\/Soziales\/Unfallversicherung\/aktualisierte-empfehlung-berufskrankheit-parkinson-syndrom-durch-pestizide.pdf?__blob=publicationFile&amp;v=2\" class=\"inline-link\" data-item-id=\"richtext_link\" data-rts-ece-id=\"b80da3db-ac56-3984-8199-ec6227ff6015\" target=\"_blank\" rel=\"noopener\">maladie professionnelle<\/a> \u2013 tout comme en Italie et en France. \u00ab\u00a0<a href=\"https:\/\/www.nature.com\/articles\/s41467-023-38215-z\" class=\"inline-link\" data-item-id=\"richtext_link\" data-rts-ece-id=\"8346f408-8030-358d-a3b5-4164de1de407\" target=\"_blank\" rel=\"noopener\">De grandes \u00e9tudes<\/a> effectu\u00e9es sur le long terme en France et aux Etats-Unis montrent clairement qu&rsquo;il existe un lien\u00a0\u00bb, explique Samuel Fuhrimann, qui \u00e9tudie les effets des produits phytosanitaires sur l&rsquo;\u00eatre humain \u00e0 l&rsquo;Institut tropical et de sant\u00e9 publique suisse. En collaboration avec une grande caisse-maladie et d&rsquo;autres chercheurs, il examine d\u00e9sormais ce lien en Suisse.<\/p>\n<p>Contenu externe<\/p>\n<p> Ce contenu externe ne peut pas \u00eatre affich\u00e9 car il est susceptible de collecter des donn\u00e9es personnelles. Pour voir ce contenu vous devez autoriser la cat\u00e9gorie <strong>Services Tiers<\/strong>. <\/p>\n<p> Accepter Plus d&rsquo;info <\/p>\n<p>    Pas d&rsquo;inqui\u00e9tude pour les h\u00e9licopt\u00e8res de traitement en Valais<\/p>\n<p>Les pr\u00e9occupations vont au-del\u00e0 des agriculteurs: de nombreux parents valaisans s&rsquo;inqui\u00e9taient aussi, car leurs enfants souffraient r\u00e9guli\u00e8rement de maladies respiratoires entre mars et mai. Pr\u00e9cis\u00e9ment \u00e0 la p\u00e9riode o\u00f9 les h\u00e9licopt\u00e8res pulv\u00e9risent r\u00e9guli\u00e8rement des produits phytosanitaires dans les villages viticoles comme Salquenen ou Chamoson.<\/p>\n<p>Sur mandat du canton du Valais, les chercheurs de B\u00e2le ont examin\u00e9 la situation. Ils ont \u00e9quip\u00e9 200 enfants de bracelets sur lesquels 35 pesticides diff\u00e9rents ont \u00e9t\u00e9 enregistr\u00e9s au cours de quatre s\u00e9ries de mesures. Parall\u00e8lement, les chercheurs ont test\u00e9 le volume pulmonaire des enfants.<\/p>\n<blockquote class=\"rts-quote quote\">\n<p class=\"q-text\">Pour \u00e9valuer tous les effets \u00e0 long terme de ces cocktails de pesticides, il faudrait des \u00e9tudes \u00e0 plus grande \u00e9chelle.<\/p>\n<p>  Samuel Fuhrimann, Institut tropical et de sant\u00e9 publique suisse <\/p><\/blockquote>\n<p>Des atteintes \u00e0 la sant\u00e9 se sont effectivement produites durant cette p\u00e9riode. Cependant, celles-ci correspondaient \u00e0 l&rsquo;augmentation des pollens et de la pollution atmosph\u00e9rique et non aux pesticides. On peut donc \u00eatre rassur\u00e9, du moins \u00e0 court terme.<\/p>\n<p>Etude de sant\u00e9 et inventaire des pesticides supprim\u00e9s<\/p>\n<p>\u00ab\u00a0Pour \u00e9valuer tous les effets \u00e0 long terme de ces cocktails de pesticides, il faudrait toutefois des \u00e9tudes \u00e0 plus grande \u00e9chelle\u00a0\u00bb, explique Samuel Fuhrimann de l&rsquo;Institut tropical et de sant\u00e9 publique suisse. Bien qu&rsquo;en Suisse de nombreux pesticides soient utilis\u00e9s, les m\u00eames qui sont employ\u00e9s \u00e0 l&rsquo;\u00e9tranger, la situation ne peut pas \u00eatre transpos\u00e9e telle quelle.<\/p>\n<p>\u00ab\u00a0La plupart des preuves du lien entre utilisation de pesticides et Parkinson proviennent de produits phytosanitaires qui ne sont aujourd&rsquo;hui plus utilis\u00e9s\u00a0\u00bb, explique l&rsquo;expert. Pour faire des affirmations solides sur la situation actuelle en Suisse, il faudrait donc des donn\u00e9es plus r\u00e9centes et une \u00e9tude de sant\u00e9 \u00e0 long terme avec des \u00e9chantillons d&rsquo;urine pr\u00e9lev\u00e9s dans toute la population suisse. De plus, il est n\u00e9cessaire de savoir qui a \u00e9pandu quand, combien de produits phytosanitaires et sur quelles surfaces?<\/p>\n<p>Il y a cinq ans, le Parlement a approuv\u00e9 une telle collecte de donn\u00e9es. Entre-temps, la transparence de cette d\u00e9marche appel\u00e9e Digiflux a \u00e9t\u00e9 si fortement restreinte qu&rsquo;elle n&rsquo;apporte plus grand-chose \u00e0 la recherche. L&rsquo;\u00e9tude de sant\u00e9 \u00e0 grande \u00e9chelle a \u00e9galement \u00e9t\u00e9 supprim\u00e9e pour des raisons financi\u00e8res. Il faut donc craindre qu&rsquo;\u00e0 l&rsquo;avenir, en Suisse, on ne puisse gu\u00e8re faire d&rsquo;affirmations claires sur les effets sanitaires des pesticides sur l&rsquo;\u00eatre humain.<\/p>\n<p>Les autorit\u00e9s et la politique restent largement aveugles et d\u00e9pendent d&rsquo;\u00e9tudes provenant de l&rsquo;\u00e9tranger. Car sans les donn\u00e9es n\u00e9cessaires, certains pesticides, qui ne posent pas de probl\u00e8me, peuvent \u00eatre diabolis\u00e9s alors que d&rsquo;autres, parfois hautement toxiques, sont simplement n\u00e9glig\u00e9s.<\/p>\n<p>Contenu externe<\/p>\n<p> Ce contenu externe ne peut pas \u00eatre affich\u00e9 car il est susceptible de collecter des donn\u00e9es personnelles. Pour voir ce contenu vous devez autoriser la cat\u00e9gorie <strong>Services Tiers<\/strong>. <\/p>\n<p> Accepter Plus d&rsquo;info <\/p>\n<p class=\"sources\">Christian von Burg (SRF)<\/p>\n","protected":false},"excerpt":{"rendered":"En Suisse, on examine si les pesticides entra\u00eenent davantage de cas de Parkinson chez les agriculteurs. A l&rsquo;\u00e9tranger,&hellip;\n","protected":false},"author":2,"featured_media":674273,"comment_status":"","ping_status":"","sticky":false,"template":"","format":"standard","meta":{"footnotes":""},"categories":[10],"tags":[39878,327,14894,8617,6359,847,18087,7078,1011,27,72,226,33202,36135,26345,9303,71,767,3067],"class_list":{"0":"post-674272","1":"post","2":"type-post","3":"status-publish","4":"format-standard","5":"has-post-thumbnail","7":"category-sante","8":"tag-agriculteur","9":"tag-agriculture","10":"tag-chercheur","11":"tag-dialogue","12":"tag-economie-et-finances","13":"tag-enfant","14":"tag-etranger","15":"tag-etude","16":"tag-fr","17":"tag-france","18":"tag-health","19":"tag-maladie","20":"tag-maladies-et-etat-de-sante","21":"tag-pesticide","22":"tag-recherche-medicale","23":"tag-recherche-scientifique","24":"tag-sante","25":"tag-science-et-technologie","26":"tag-suisse"},"share_on_mastodon":{"url":"https:\/\/pubeurope.com\/@fr\/115921563359398710","error":""},"_links":{"self":[{"href":"https:\/\/www.europesays.com\/fr\/wp-json\/wp\/v2\/posts\/674272","targetHints":{"allow":["GET"]}}],"collection":[{"href":"https:\/\/www.europesays.com\/fr\/wp-json\/wp\/v2\/posts"}],"about":[{"href":"https:\/\/www.europesays.com\/fr\/wp-json\/wp\/v2\/types\/post"}],"author":[{"embeddable":true,"href":"https:\/\/www.europesays.com\/fr\/wp-json\/wp\/v2\/users\/2"}],"replies":[{"embeddable":true,"href":"https:\/\/www.europesays.com\/fr\/wp-json\/wp\/v2\/comments?post=674272"}],"version-history":[{"count":0,"href":"https:\/\/www.europesays.com\/fr\/wp-json\/wp\/v2\/posts\/674272\/revisions"}],"wp:featuredmedia":[{"embeddable":true,"href":"https:\/\/www.europesays.com\/fr\/wp-json\/wp\/v2\/media\/674273"}],"wp:attachment":[{"href":"https:\/\/www.europesays.com\/fr\/wp-json\/wp\/v2\/media?parent=674272"}],"wp:term":[{"taxonomy":"category","embeddable":true,"href":"https:\/\/www.europesays.com\/fr\/wp-json\/wp\/v2\/categories?post=674272"},{"taxonomy":"post_tag","embeddable":true,"href":"https:\/\/www.europesays.com\/fr\/wp-json\/wp\/v2\/tags?post=674272"}],"curies":[{"name":"wp","href":"https:\/\/api.w.org\/{rel}","templated":true}]}}