{"id":674403,"date":"2026-01-19T12:58:10","date_gmt":"2026-01-19T12:58:10","guid":{"rendered":"https:\/\/www.europesays.com\/fr\/674403\/"},"modified":"2026-01-19T12:58:10","modified_gmt":"2026-01-19T12:58:10","slug":"rehabilitation-du-hameau-couriot-a-saint-etienne-pour-la-creation-de-14-logements","status":"publish","type":"post","link":"https:\/\/www.europesays.com\/fr\/674403\/","title":{"rendered":"R\u00e9habilitation du hameau Couriot \u00e0 Saint-\u00c9tienne pour la cr\u00e9ation de 14 logements"},"content":{"rendered":"<p>\u00c0 Saint-\u00c9tienne, dans le d\u00e9partement de la Loire, le groupe Cr\u00e9quy termine la r\u00e9habilitation du hameau Couriot pour cr\u00e9er 14 logements sur une friche longtemps inoccup\u00e9e.<\/p>\n<p class=\"c-paragraph\">Le groupe Cr\u00e9quy m\u00e8ne un projet immobilier sur la friche du hameau Couriot, situ\u00e9e rue Calixte-Plotton \u00e0 Saint-\u00c9tienne. D\u00e9but\u00e9e il y a cinq ans, cette op\u00e9ration vise la reconversion de b\u00e2timents vacants depuis plusieurs d\u00e9cennies. Les travaux doivent s\u2019achever en mars 2026, marquant l\u2019aboutissement de ce programme de transformation urbaine.<\/p>\n<p class=\"c-paragraph\">\u00c0 l\u2019issue du chantier, 14 logements seront cr\u00e9\u00e9s dans trois b\u00e2timents r\u00e9habilit\u00e9s sur le site, \u00e0 savoir l\u2019ancienne rubanerie, la maison du ma\u00eetre carrier et une ancienne \u00e9table. Le programme inclut un appartement de type T4, trois logements T3 et dix T2, dont deux seront adapt\u00e9s aux personnes \u00e0 mobilit\u00e9 r\u00e9duite. Chaque logement disposera d\u2019une salle de bains \u00e9quip\u00e9e, et certains b\u00e9n\u00e9ficieront d\u2019une terrasse privative.<\/p>\n<p class=\"c-paragraph\">L\u2019ensemble comprendra \u00e9galement des espaces communs et paysagers, avec une salle partag\u00e9e et pr\u00e8s de 3 000 m\u00b2 d\u2019espaces ext\u00e9rieurs. Plus de 1 200 v\u00e9g\u00e9taux seront plant\u00e9s, et un potager collectif d\u00e9di\u00e9 aux herbes aromatiques sera am\u00e9nag\u00e9. D\u2019un co\u00fbt estim\u00e9 \u00e0 environ 1,5 million d\u2019euros, le projet vise \u00e0 cr\u00e9er un ensemble r\u00e9sidentiel offrant un niveau de confort \u00e9lev\u00e9.<\/p>\n","protected":false},"excerpt":{"rendered":"\u00c0 Saint-\u00c9tienne, dans le d\u00e9partement de la Loire, le groupe Cr\u00e9quy termine la r\u00e9habilitation du hameau Couriot pour&hellip;\n","protected":false},"author":2,"featured_media":667388,"comment_status":"","ping_status":"","sticky":false,"template":"","format":"standard","meta":{"footnotes":"","_share_on_mastodon":"0"},"categories":[9653],"tags":[1111,11,2430,1777,674,1011,27,3367,12,25,4001,7333],"class_list":["post-674403","post","type-post","status-publish","format-standard","has-post-thumbnail","category-saint-etienne","tag-actu","tag-actualites","tag-auvergne-rhone-alpes","tag-eu","tag-europe","tag-fr","tag-france","tag-loire","tag-news","tag-republique-francaise","tag-saint-etienne","tag-vie-du-btp"],"share_on_mastodon":{"url":"https:\/\/pubeurope.com\/@fr\/115921886053087306","error":""},"_links":{"self":[{"href":"https:\/\/www.europesays.com\/fr\/wp-json\/wp\/v2\/posts\/674403","targetHints":{"allow":["GET"]}}],"collection":[{"href":"https:\/\/www.europesays.com\/fr\/wp-json\/wp\/v2\/posts"}],"about":[{"href":"https:\/\/www.europesays.com\/fr\/wp-json\/wp\/v2\/types\/post"}],"author":[{"embeddable":true,"href":"https:\/\/www.europesays.com\/fr\/wp-json\/wp\/v2\/users\/2"}],"replies":[{"embeddable":true,"href":"https:\/\/www.europesays.com\/fr\/wp-json\/wp\/v2\/comments?post=674403"}],"version-history":[{"count":0,"href":"https:\/\/www.europesays.com\/fr\/wp-json\/wp\/v2\/posts\/674403\/revisions"}],"wp:featuredmedia":[{"embeddable":true,"href":"https:\/\/www.europesays.com\/fr\/wp-json\/wp\/v2\/media\/667388"}],"wp:attachment":[{"href":"https:\/\/www.europesays.com\/fr\/wp-json\/wp\/v2\/media?parent=674403"}],"wp:term":[{"taxonomy":"category","embeddable":true,"href":"https:\/\/www.europesays.com\/fr\/wp-json\/wp\/v2\/categories?post=674403"},{"taxonomy":"post_tag","embeddable":true,"href":"https:\/\/www.europesays.com\/fr\/wp-json\/wp\/v2\/tags?post=674403"}],"curies":[{"name":"wp","href":"https:\/\/api.w.org\/{rel}","templated":true}]}}