{"id":674414,"date":"2026-01-19T13:05:08","date_gmt":"2026-01-19T13:05:08","guid":{"rendered":"https:\/\/www.europesays.com\/fr\/674414\/"},"modified":"2026-01-19T13:05:08","modified_gmt":"2026-01-19T13:05:08","slug":"un-conducteur-arrete-pres-de-rouen","status":"publish","type":"post","link":"https:\/\/www.europesays.com\/fr\/674414\/","title":{"rendered":"un conducteur arr\u00eat\u00e9 pr\u00e8s de Rouen"},"content":{"rendered":"<p>                    Par<br \/>\n        <strong><br \/>\n            <a href=\"https:\/\/actu.fr\/auteur\/eaube\" title=\"Consulter tous les articles de Elo\u00efse Aub\u00e9\" target=\"_blank\" rel=\"noopener\">Elo\u00efse Aub\u00e9<\/a><br \/>\n                    <\/strong><\/p>\n<p>        Publi\u00e9 le<\/p>\n<p>            19 janv. 2026 \u00e0 11h43        <\/p>\n<p>C\u2019est ce qui s\u2019appelle prendre des risques inconsid\u00e9r\u00e9s. Vendredi 16\u00a0janvier 2026 \u00e0 19\u2009h\u200950, un v\u00e9hicule utilitaire circule avenue du Val aux Dames \u00e0 Maromme, pr\u00e8s de <a href=\"https:\/\/actu.fr\/normandie\/rouen_76540\" target=\"_blank\" rel=\"noopener\">Rouen<\/a> \u00ab<strong>\u2009\u00e0 une vitesse excessive<\/strong>\u2009\u00bb, d\u00e9taille une source polici\u00e8re. Arriv\u00e9 derri\u00e8re une file de voitures, l\u2019automobiliste d\u00e9cide de<strong> les d\u00e9passer \u00ab\u2009par tous les moyens<\/strong>\u2009\u00bb.<\/p>\n<p>Des d\u00e9bris de voiture partent en \u00e9clats<\/p>\n<p class=\" wall-content\">Alors, il les double, toujours \u00e0 grande vitesse, par la droite, grimpant ainsi sur le trottoir. Dans sa course, il <strong>heurte deux v\u00e9hicules<\/strong>. Des d\u00e9bris de plastique volent en \u00e9clats et se retrouvent au sol.<\/p>\n<p class=\" wall-content\">Voyant la sc\u00e8ne, les agents de police actionnent leur gyrophare et d\u00e9cident de <strong>le suivre \u00e0 moto<\/strong>. Malgr\u00e9 les avertissements, l\u2019automobiliste <a href=\"https:\/\/actu.fr\/tag\/refus-d-obtemperer\" target=\"_blank\" rel=\"noopener\">refuse d\u2019obtemp\u00e9rer<\/a> et continue son chemin. Arriv\u00e9 au niveau de la route d\u00e9partementale 86, en direction de Montigny, le conducteur finit par s\u2019arr\u00eater.<\/p>\n<p class=\" wall-content\">Au moment de son contr\u00f4le, les policiers sentent une<strong> forte odeur d\u2019alcool<\/strong> et pour cause\u2009: l\u2019\u00e9thylom\u00e8tre confirmera un taux de 0,83\u00a0mg par litre d\u2019air expir\u00e9, soit pr\u00e8s de deux grammes d\u2019alcool par litre de sang.<\/p>\n<p class=\" wall-content\">Originaire de Canteleu, le conducteur de 32\u00a0ans sera aussit\u00f4t plac\u00e9 en garde \u00e0 vue.<\/p>\n<p>Vid\u00e9os : en ce moment sur ActuSuivez l\u2019actualit\u00e9 de Rouen sur notre <a href=\"https:\/\/www.whatsapp.com\/channel\/0029VaKfnf99hXF2ddApFB1D\" target=\"_blank\" rel=\"noopener\">cha\u00eene WhatsApp<\/a> et sur notre <a href=\"https:\/\/www.tiktok.com\/@76actu.fr?lang=fr\" target=\"_blank\" rel=\"noopener\">compte TikTok<\/a><\/p>\n<p class=\" wall-content\">Personnalisez votre actualit\u00e9 en ajoutant vos villes et m\u00e9dias en favori avec <a href=\"https:\/\/moncompte.actu.fr\" title=\"D\u00e9couvez Mon Actu\" rel=\"nofollow noopener\" data-trk=\"{&quot;cta&quot;:{&quot;action&quot;:&quot;https:\\\/\\\/moncompte.actu.fr&quot;,&quot;category&quot;:&quot;mon compte&quot;,&quot;from&quot;:&quot;article footer&quot;,&quot;name&quot;:&quot;Mon actu&quot;,&quot;type&quot;:&quot;cta&quot;}}\" target=\"_blank\">Mon Actu<\/a>.<\/p>\n<p>                    <script async src=\"\/\/www.tiktok.com\/embed.js\"><\/script><\/p>\n","protected":false},"excerpt":{"rendered":"Par Elo\u00efse Aub\u00e9 Publi\u00e9 le 19 janv. 2026 \u00e0 11h43 C\u2019est ce qui s\u2019appelle prendre des risques inconsid\u00e9r\u00e9s.&hellip;\n","protected":false},"author":2,"featured_media":674415,"comment_status":"","ping_status":"","sticky":false,"template":"","format":"standard","meta":{"footnotes":""},"categories":[9587],"tags":[1111,11,5702,3542,1777,674,118,1011,27,12,5161,1072,25,9590],"class_list":{"0":"post-674414","1":"post","2":"type-post","3":"status-publish","4":"format-standard","5":"has-post-thumbnail","7":"category-rouen","8":"tag-actu","9":"tag-actualites","10":"tag-alcool","11":"tag-circulation","12":"tag-eu","13":"tag-europe","14":"tag-faits-divers","15":"tag-fr","16":"tag-france","17":"tag-news","18":"tag-normandie","19":"tag-police","20":"tag-republique-francaise","21":"tag-rouen"},"share_on_mastodon":{"url":"https:\/\/pubeurope.com\/@fr\/115921913444034086","error":""},"_links":{"self":[{"href":"https:\/\/www.europesays.com\/fr\/wp-json\/wp\/v2\/posts\/674414","targetHints":{"allow":["GET"]}}],"collection":[{"href":"https:\/\/www.europesays.com\/fr\/wp-json\/wp\/v2\/posts"}],"about":[{"href":"https:\/\/www.europesays.com\/fr\/wp-json\/wp\/v2\/types\/post"}],"author":[{"embeddable":true,"href":"https:\/\/www.europesays.com\/fr\/wp-json\/wp\/v2\/users\/2"}],"replies":[{"embeddable":true,"href":"https:\/\/www.europesays.com\/fr\/wp-json\/wp\/v2\/comments?post=674414"}],"version-history":[{"count":0,"href":"https:\/\/www.europesays.com\/fr\/wp-json\/wp\/v2\/posts\/674414\/revisions"}],"wp:featuredmedia":[{"embeddable":true,"href":"https:\/\/www.europesays.com\/fr\/wp-json\/wp\/v2\/media\/674415"}],"wp:attachment":[{"href":"https:\/\/www.europesays.com\/fr\/wp-json\/wp\/v2\/media?parent=674414"}],"wp:term":[{"taxonomy":"category","embeddable":true,"href":"https:\/\/www.europesays.com\/fr\/wp-json\/wp\/v2\/categories?post=674414"},{"taxonomy":"post_tag","embeddable":true,"href":"https:\/\/www.europesays.com\/fr\/wp-json\/wp\/v2\/tags?post=674414"}],"curies":[{"name":"wp","href":"https:\/\/api.w.org\/{rel}","templated":true}]}}