{"id":674424,"date":"2026-01-19T13:12:48","date_gmt":"2026-01-19T13:12:48","guid":{"rendered":"https:\/\/www.europesays.com\/fr\/674424\/"},"modified":"2026-01-19T13:12:48","modified_gmt":"2026-01-19T13:12:48","slug":"jusqua-700-tracteurs-attendus-demain-a-strasbourg","status":"publish","type":"post","link":"https:\/\/www.europesays.com\/fr\/674424\/","title":{"rendered":"jusqu\u2019\u00e0 700 tracteurs attendus demain \u00e0 Strasbourg !"},"content":{"rendered":"<p><strong>Ce mardi 20 janvier, Strasbourg pourrait bien ressembler \u00e0 une version alsacienne du Salon de l\u2019agriculture. Suite \u00e0 un appel national des principaux syndicats agricoles, des centaines de tracteurs vont converger vers la capitale europ\u00e9enne pour s\u2019opposer au Mercosur, un trait\u00e9 de libre-\u00e9change entre l\u2019Union europ\u00e9enne et l\u2019Am\u00e9rique du Sud. Et la mobilisation pourrait bien se poursuivre le lendemain !\u00a0<\/strong><\/p>\n<p>Depuis plusieurs ann\u00e9es, le trait\u00e9 de libre-\u00e9change entre l\u2019Union europ\u00e9enne et les \u00c9tats d\u2019Am\u00e9rique du Sud membres du Mercosur <a href=\"https:\/\/pokaa.fr\/2024\/01\/25\/nous-sommes-ceux-qui-vous-nourrissent-hier-500-agriculteurs-manifestaient-a-strasbourg\/\" target=\"_blank\" rel=\"noopener\">d\u00e9cha\u00eene la col\u00e8re des agriculteurs\/rices.<\/a> <b>Sur fond de malaise g\u00e9n\u00e9ralis\u00e9 dans la profession et <\/b><a href=\"https:\/\/www.lemonde.fr\/planete\/article\/2025\/12\/28\/dermatose-nodulaire-des-agriculteurs-maintiennent-quelques-blocages-dans-le-sud-ouest_6659644_3244.html\" target=\"_blank\" rel=\"noopener\"><b>d\u2019\u00e9pid\u00e9mie de dermatose nodulaire<\/b><\/a><b>, une maladie qui entraine l\u2019abattage des troupeaux de bovins, le monde agricole est en \u00e9bullition depuis d\u00e9cembre<\/b>. Il ne manquait plus que le retour de l\u2019accord UE-Mercosur pour alimenter le brasier de la col\u00e8re.<\/p>\n<p>Apr\u00e8s avoir men\u00e9 <a href=\"https:\/\/www.franceinfo.fr\/economie\/crise\/blocus-des-agriculteurs\/colere-agricole-les-principales-mobilisations-en-cours-ce-jeudi-region-par-region_7742857.html\" target=\"_blank\" rel=\"noopener\">des actions dans toute la France<\/a> ces derni\u00e8res semaines,<b> c\u2019est vers Strasbourg que les tracteurs vont converger ce mardi 20 janvier.<\/b><\/p>\n<p>    <img width=\"800\" height=\"534\" src=\"https:\/\/www.europesays.com\/fr\/wp-content\/uploads\/2026\/01\/dsc-1699-2-800x534.jpg\" class=\"attachment-image-size-L size-image-size-L\" alt=\"mobilisation agriculteurs blocage autoroute A35\" decoding=\"async\" loading=\"lazy\"  \/>         Des tracteurs bloquant la M35 en janvier 2024. \u00a9 Mathilde Cybulski \/ Pokaa <\/p>\n<p>La F\u00e9d\u00e9ration nationale des syndicats d\u2019exploitant(e)s agricoles (FNSEA) et les Jeunes agriculteurs (JA), deux des principaux syndicats agricoles, appellent \u00e0 un rassemblement national dans la capitale alsacienne. Dans leur ligne de mire, le Parlement europ\u00e9en qui doit se prononcer sur le trait\u00e9 mercredi. <b>Les syndicats annoncent une mobilisation massive et 700 tracteurs sont attendus dans Strasbourg.<\/b><\/p>\n<p><b>D\u00e8s 9h, plusieurs convois convergeront vers la ville en empruntant l\u2019A35 (pour converger vers l\u2019A4) depuis le nord et le sud du d\u00e9partement, ainsi que la N4.<\/b> Ils se sont donn\u00e9s rendez-vous \u00e0 11h devant le Parlement europ\u00e9en. La journ\u00e9e s\u2019annonce noire sur les routes du Bas-Rhin. \u00c0 Strasbourg, les perturbations devraient commencer d\u00e8s 10h.<\/p>\n<p>    <img width=\"800\" height=\"450\" src=\"https:\/\/www.europesays.com\/fr\/wp-content\/uploads\/2026\/01\/img-9709-grande-800x450.jpeg\" class=\"attachment-image-size-L size-image-size-L\" alt=\"Manifestation agriculteurs Mercosur Strasbourg\" decoding=\"async\" loading=\"lazy\"  \/>         Depuis d\u00e9cembre, la Coordination rurale et la Conf\u00e9d\u00e9ration paysanne d\u00e9noncent les abattages de troupeaux de bovins dans le cadre de la lutte contre l&rsquo;\u00e9pid\u00e9mie de dermatose nodulaire. \u00a9 Jules Scheuer \/ Pokaa <\/p>\n<p>Un trait\u00e9 d\u00e9cri\u00e9 mais sign\u00e9<\/p>\n<p><b>Discut\u00e9 depuis 20 ans par l\u2019Union europ\u00e9enne et le Mercosur <\/b>(Br\u00e9sil, Argentine, Uruguay, Paraguay, Bolivie), <b>cet accord pr\u00e9voit de <\/b><a href=\"https:\/\/www.touteleurope.eu\/economie-et-social\/commerce-qu-est-ce-que-l-accord-de-libre-echange-entre-le-mercosur-et-l-union-europeenne\/\" target=\"_blank\" rel=\"noopener\"><b>faciliter les \u00e9changes commerciaux entre l\u2019Europe et une partie de l\u2019Am\u00e9rique du Sud<\/b><\/a><b> par la suppression des droits de douane.<\/b> Dans l\u2019esprit des gouvernements de l\u2019UE, il s\u2019agit d\u2019ouvrir de nouveaux march\u00e9s aux entreprises europ\u00e9ennes en facilitant leurs exportations outre-Atlantique. De mani\u00e8re r\u00e9ciproque, les cinq pays d\u2019Am\u00e9rique latine pourront, eux aussi, exporter leurs productions.<\/p>\n<p><b>Les agriculteurs\/rices estiment que cet accord va les exposer \u00e0 <\/b><a href=\"https:\/\/www.touteleurope.eu\/agriculture-et-peche\/colere-des-agriculteurs-pourquoi-l-accord-avec-le-mercosur-pose-probleme\/\" target=\"_blank\" rel=\"noopener\"><b>une concurrence d\u00e9loyale<\/b><\/a><b>, l\u2019agriculture sud-am\u00e9ricaine \u00e9tant plus industrielle et intensive que la n\u00f4tre.<\/b> La fili\u00e8re bovine, d\u00e9j\u00e0 fragile, se sent particuli\u00e8rement menac\u00e9e par l\u2019importation de viande de b\u0153uf du Br\u00e9sil.<\/p>\n<p>    <img width=\"800\" height=\"450\" src=\"https:\/\/www.europesays.com\/fr\/wp-content\/uploads\/2026\/01\/img-9666-800x450.jpg\" class=\"attachment-image-size-L size-image-size-L\" alt=\"Manifestation agriculteurs Mercosur Strasbourg\" decoding=\"async\" loading=\"lazy\"  \/>         Un tag contre l&rsquo;accord de libre-\u00e9change lors d&rsquo;une manifestation de la Coordination rurale \u00e0 Strasbourg le 13 janvier. \u00a9 Jules Scheuer \/ Pokaa <\/p>\n<p>Le 9 janvier, une majorit\u00e9 d\u2019\u00c9tats europ\u00e9ens ont ratifi\u00e9 le trait\u00e9 malgr\u00e9 l\u2019opposition de la France. Samedi dernier, Ursula von der Leyen \u00e9tait au Paraguay pour signer officiellement l\u2019accord avec le Mercosur. Pourtant, <a href=\"https:\/\/www.touteleurope.eu\/l-ue-dans-le-monde\/mercosur-le-parlement-europeen-se-prononcera-le-21-janvier-sur-une-saisine-de-la-cour-de-justice-de-l-ue\/\" target=\"_blank\" rel=\"noopener\">un vote du Parlement europ\u00e9en<\/a> pourrait tout changer. Ce <strong>m<\/strong><b>ercredi 21 janvier, les eurod\u00e9put\u00e9(e)s auront \u00e0 se prononcer pour ou contre le renvoi du trait\u00e9 devant la Cour de justice de l\u2019Union europ\u00e9enne (CJUE). <\/b><\/p>\n<p><b>En cas de vote favorable, le processus de ratification pourrait \u00eatre gel\u00e9 le temps que les juges europ\u00e9ens v\u00e9rifient la conformit\u00e9 du texte avec le droit de l\u2019UE.<\/b> Par leur d\u00e9monstration de force, les agriculteurs\/rices esp\u00e8rent peser sur le vote des parlementaires.<\/p>\n<p>Une crise agricole latente<\/p>\n<p>En toile de fond de l\u2019opposition au trait\u00e9 de libre-\u00e9change, c\u2019est <a href=\"https:\/\/pokaa.fr\/2026\/01\/13\/nos-fermes-sont-en-danger-a-strasbourg-rencontre-avec-5-agriculteurs-contre-le-mercosur\/\" target=\"_blank\" rel=\"noopener\">la situation \u00e9conomique<\/a> des exploitations qui pousse les agriculteurs\/rices dans la rue. <b>La profession estime travailler \u00e9norm\u00e9ment sans parvenir \u00e0 se d\u00e9gager de revenus. Bien que les situations soient variables selon les fili\u00e8res, une \u00e9tude de l\u2019Insee estimait en 2021 qu\u2019un agriculteur\/rice sur cinq vivait sous le seuil de pauvret\u00e9.<\/b><\/p>\n<p>Depuis, la hausse du co\u00fbt des mati\u00e8res premi\u00e8res et de l\u2019\u00e9nergie, la baisse des subventions europ\u00e9ennes et les \u00e9v\u00e9nements climatiques extr\u00eames ont contribu\u00e9 \u00e0 fragiliser encore plus la profession.<\/p>\n<p>                <a href=\"https:\/\/pokaa.fr\/2026\/01\/13\/nos-fermes-sont-en-danger-a-strasbourg-rencontre-avec-5-agriculteurs-contre-le-mercosur\/\" target=\"_blank\" rel=\"noopener\"><br \/>\n                    <img width=\"450\" height=\"270\" src=\"https:\/\/www.europesays.com\/fr\/wp-content\/uploads\/2026\/01\/d1-450x270.jpg\" class=\"attachment-card-horizontal--same-subject size-card-horizontal--same-subject wp-post-image\" alt=\"\" decoding=\"async\" loading=\"lazy\"\/>                <\/a><\/p>\n<p>\u00c9galement au c\u0153ur des revendications, la pression administrative et la question des normes environnementales, fortement contest\u00e9es par les syndicats agricoles. Plus globalement, le monde agricole d\u00e9nonce un manque de reconnaissance des pouvoirs publics et des consommateurs\/rices.<\/p>\n<p><strong>Si les revendications varient entre les trois principaux syndicats<\/strong> (FNSEA, Coordination rurale, Conf\u00e9d\u00e9ration paysanne),<strong> tous t\u00e9moignent d\u2019un fort sentiment d\u2019abandon dans le monde paysan.<\/strong><\/p>\n<p>    <img width=\"800\" height=\"534\" src=\"https:\/\/www.europesays.com\/fr\/wp-content\/uploads\/2026\/01\/dsc-1725-2-800x534.jpg\" class=\"attachment-image-size-L size-image-size-L\" alt=\"mobilisation agriculteurs blocage autoroute A35\" decoding=\"async\" loading=\"lazy\"  \/>         Une banderole d\u00e9nonce le poids des normes et de l&rsquo;administration lors du blocage de la M35 en janvier 2024. \u00a9 Mathilde Cybulski \/ Pokaa <\/p>\n<p>Un mouvement qui pourrait durer<\/p>\n<p>\u00c0 quoi s\u2019attendre mardi soir ? <b>Si la FNSEA et les JA annoncent un rassemblement devant le Parlement europ\u00e9en en fin de matin\u00e9e, il n\u2019est pas impossible que l\u2019occupation se prolonge. <\/b>Mardi dernier, alors qu\u2019ils s\u2019\u00e9taient install\u00e9s devant l\u2019Assembl\u00e9e nationale, les agriculteurs\/rices avaient choisi de rester pour la nuit et de poursuivre leur action le lendemain. Un \u00e9pisode qui risque de se r\u00e9p\u00e9ter.<\/p>\n<p>La promesse d\u2019une <a href=\"https:\/\/www.maire-info.com\/agriculture\/le-premier-ministre-annonce-une-loi-d%27urgence-agricole-article-30368\" target=\"_blank\" rel=\"noopener\">\u00ab loi d\u2019urgence agricole \u00bb<\/a> par le gouvernement n\u2019a pas suffi \u00e0 mettre fin \u00e0 la contestation, pas plus que l\u2019opposition de la France au trait\u00e9 de libre-\u00e9change. <strong>La mobilisation pourrait donc se prolonger dans les prochaines semaines.<\/strong><\/p>\n","protected":false},"excerpt":{"rendered":"Ce mardi 20 janvier, Strasbourg pourrait bien ressembler \u00e0 une version alsacienne du Salon de l\u2019agriculture. Suite \u00e0&hellip;\n","protected":false},"author":2,"featured_media":673256,"comment_status":"","ping_status":"","sticky":false,"template":"","format":"standard","meta":{"footnotes":""},"categories":[2820],"tags":[1111,11,327,77273,1777,674,1011,27,775,2088,12,25,640,58524],"class_list":{"0":"post-674424","1":"post","2":"type-post","3":"status-publish","4":"format-standard","5":"has-post-thumbnail","7":"category-strasbourg","8":"tag-actu","9":"tag-actualites","10":"tag-agriculture","11":"tag-colere-agricole","12":"tag-eu","13":"tag-europe","14":"tag-fr","15":"tag-france","16":"tag-grand-est","17":"tag-manifestation","18":"tag-news","19":"tag-republique-francaise","20":"tag-strasbourg","21":"tag-strasbourg-actualite"},"share_on_mastodon":{"url":"https:\/\/pubeurope.com\/@fr\/115921945067041120","error":""},"_links":{"self":[{"href":"https:\/\/www.europesays.com\/fr\/wp-json\/wp\/v2\/posts\/674424","targetHints":{"allow":["GET"]}}],"collection":[{"href":"https:\/\/www.europesays.com\/fr\/wp-json\/wp\/v2\/posts"}],"about":[{"href":"https:\/\/www.europesays.com\/fr\/wp-json\/wp\/v2\/types\/post"}],"author":[{"embeddable":true,"href":"https:\/\/www.europesays.com\/fr\/wp-json\/wp\/v2\/users\/2"}],"replies":[{"embeddable":true,"href":"https:\/\/www.europesays.com\/fr\/wp-json\/wp\/v2\/comments?post=674424"}],"version-history":[{"count":0,"href":"https:\/\/www.europesays.com\/fr\/wp-json\/wp\/v2\/posts\/674424\/revisions"}],"wp:featuredmedia":[{"embeddable":true,"href":"https:\/\/www.europesays.com\/fr\/wp-json\/wp\/v2\/media\/673256"}],"wp:attachment":[{"href":"https:\/\/www.europesays.com\/fr\/wp-json\/wp\/v2\/media?parent=674424"}],"wp:term":[{"taxonomy":"category","embeddable":true,"href":"https:\/\/www.europesays.com\/fr\/wp-json\/wp\/v2\/categories?post=674424"},{"taxonomy":"post_tag","embeddable":true,"href":"https:\/\/www.europesays.com\/fr\/wp-json\/wp\/v2\/tags?post=674424"}],"curies":[{"name":"wp","href":"https:\/\/api.w.org\/{rel}","templated":true}]}}