{"id":67450,"date":"2025-05-01T17:59:09","date_gmt":"2025-05-01T17:59:09","guid":{"rendered":"https:\/\/www.europesays.com\/fr\/67450\/"},"modified":"2025-05-01T17:59:09","modified_gmt":"2025-05-01T17:59:09","slug":"disparition-bruno-bonnell-rend-hommage-a-francois-corteel","status":"publish","type":"post","link":"https:\/\/www.europesays.com\/fr\/67450\/","title":{"rendered":"Disparition. Bruno Bonnell rend hommage \u00e0 Fran\u00e7ois Corteel &#8211;"},"content":{"rendered":"<p>\t\t\t\t<img fetchpriority=\"high\" decoding=\"async\" width=\"900\" height=\"624\" src=\"https:\/\/www.europesays.com\/fr\/wp-content\/uploads\/2025\/05\/Francois-Corteel.jpg\" alt=\"\" title=\"Fran\u00e7ois Corteel\"   class=\"wp-image-159073\"\/><\/p>\n<p>Photos Fabrice Schiff et  Saby Maviel pour Lyon People <\/p>\n<p><strong>Texte\u00a0: Marco Polisson<\/strong> \u2013 <strong>Fran\u00e7ois Corteel<\/strong>, ancien d\u00e9l\u00e9gu\u00e9 r\u00e9gional EDF en Rh\u00f4ne-Alpes, est d\u00e9c\u00e9d\u00e9. Il a marqu\u00e9\u00a0de son empreinte la ville lumi\u00e8re.<\/p>\n<p>L\u2019homme du nord \u00ab\u00a0originaire de villages courageux\u00a0\u00bb a transmis sa chaleur aussi bien \u00e0 Grenoble, \u00e0 Rouen, qu\u2019\u00e0 Cahors, avant d\u2019atterrir \u00e0 Lyon en int\u00e9grant la direction commerciale d\u2019EDF avant d\u2019\u00eatre nomm\u00e9 d\u00e9l\u00e9gu\u00e9 g\u00e9n\u00e9ral d\u2019EDF Rh\u00f4ne-Alpes, puis pr\u00e9sident du Cluster Lumi\u00e8re.<\/p>\n<p>Parrain\u00e9 d\u00e8s son arriv\u00e9e par <strong>Roger Monnami<\/strong>, Fran\u00e7ois Corteel a \u00e9t\u00e9 tr\u00e8s rapidement int\u00e9gr\u00e9 dans le c\u00e9nacle lyonnais o\u00f9 il comptait de nombreux amis. En premier lieu l\u2019artiste lumi\u00e8re <strong>Gilbert Coudene<\/strong> qu\u2019il a continu\u00e9 d\u2019accompagner apr\u00e8s son d\u00e9part \u00e0 la retraite en 2016.<\/p>\n<p>Sa famille et ses proches \u00e9taient de la partie pour la remise de ses insignes de chevalier dans l\u2019Ordre national du m\u00e9rite en 2013. <a href=\"https:\/\/www.lyonpeople.com\/les-gens\/francois-corteel-chevalier-lordre-national-du-merite-2013-11-18.html\" target=\"_blank\" rel=\"noopener\"><strong>Les photos de la c\u00e9r\u00e9monie et son discours de remerciement<\/strong><\/a>, o\u00f9 il revient de fa\u00e7on savoureuse sur son parcours, sont \u00e0 retrouver ici. Adieu, cher Fran\u00e7ois.<\/p>\n<p>L\u2019\u00e9quipe de Lyon People pr\u00e9sente ses condol\u00e9ances \u00e0 son \u00e9pouse Mireille, ses enfants et ses proches.<\/p>\n<p><img loading=\"lazy\" decoding=\"async\" class=\"lazy lazy-hidden alignnone size-full wp-image-159074\" data-lazy-type=\"image\" src=\"https:\/\/www.europesays.com\/fr\/wp-content\/uploads\/2025\/05\/Francois-Corteel-et-Bruno-Bonnell.jpg\" alt=\"\" width=\"900\" height=\"668\"  \/><\/p>\n<p><strong>L\u2019HOMMAGE DE BRUNO BONNELL <\/strong><\/p>\n<p>\u00ab\u00a0Merci Fran\u00e7ois, mon ami, tu peux d\u00e9sormais allumer les \u00e9toiles.<\/p>\n<p>S\u2019il fallait trouver un seul mot pour r\u00e9sumer Fran\u00e7ois Corteel qui nous a quitt\u00e9 trop t\u00f4t, c\u2019est le mot LUMI\u00c8RE que je choisirais.<\/p>\n<p>Lumi\u00e8re des paysages de son Nord natal qui refl\u00e8te les nuages sur la mer jusqu\u2019\u00e0 en \u00e9mouvoir les plus endurcis.<br \/>Lumi\u00e8re dans la nuit des non-voyants qu\u2019il a voulu sociabiliser.<br \/>Lumi\u00e8re dans le jaillissement des id\u00e9es d\u00e9cal\u00e9es et nouvelles pour d\u00e9poussi\u00e9rer la vielle dame EDF et d\u00e9montrer son agilit\u00e9.<br \/>Lumi\u00e8re dans le feu de l\u2019amiti\u00e9 dont les flammes partag\u00e9es r\u00e9chauffent l\u2019\u00e2me des copains.<br \/>Lumi\u00e8re dans la bougie au bout du tunnel qu\u2019il regardait vaillamment dans les moments difficiles.<br \/>Lumi\u00e8re dans les yeux de sa femme et de toute sa famille remplies d\u2019amour et de fiert\u00e9.<br \/>Lumi\u00e8re dans le symbole absolu de la victoire de\u00a0\u00bb l\u2019\u00e9clair\u00e9\u00a0\u00bb sur l\u2019obscurantisme.<\/p>\n<p>Cette lumi\u00e8re, Fran\u00e7ois a su l\u2019attraper, comme un Prom\u00e9th\u00e9e moderne pour la partager avec ses collaborateurs, ses amis et tant de gens qui l\u2019ont rencontr\u00e9.<\/p>\n<p>Elle n\u2019a pas servi \u00e0 l\u2019\u00e9clairer, trop modeste qu\u2019il \u00e9tait, mais \u00e0 mettre en valeur ce qu\u2019il consid\u00e9rait comme beau et important, de l\u2019\u00e9clairage de b\u00e2timents \u00e0 l\u2019assistance au handicap.<br \/>Il a toujours su diriger cette lumi\u00e8re l\u00e0 ou ses convictions le dictaient.\u00a0\u00bb<\/p>\n","protected":false},"excerpt":{"rendered":"Photos Fabrice Schiff et Saby Maviel pour Lyon People Texte\u00a0: Marco Polisson \u2013 Fran\u00e7ois Corteel, ancien d\u00e9l\u00e9gu\u00e9 r\u00e9gional&hellip;\n","protected":false},"author":2,"featured_media":67451,"comment_status":"","ping_status":"","sticky":false,"template":"","format":"standard","meta":{"footnotes":""},"categories":[1889],"tags":[4257,1111,11,2430,1777,674,1011,27,16838,2428,12,25],"class_list":{"0":"post-67450","1":"post","2":"type-post","3":"status-publish","4":"format-standard","5":"has-post-thumbnail","7":"category-lyon","8":"tag-0top","9":"tag-actu","10":"tag-actualites","11":"tag-auvergne-rhone-alpes","12":"tag-eu","13":"tag-europe","14":"tag-fr","15":"tag-france","16":"tag-francois-corteel","17":"tag-lyon","18":"tag-news","19":"tag-republique-francaise"},"share_on_mastodon":{"url":"https:\/\/pubeurope.com\/@fr\/114433882212565286","error":""},"_links":{"self":[{"href":"https:\/\/www.europesays.com\/fr\/wp-json\/wp\/v2\/posts\/67450","targetHints":{"allow":["GET"]}}],"collection":[{"href":"https:\/\/www.europesays.com\/fr\/wp-json\/wp\/v2\/posts"}],"about":[{"href":"https:\/\/www.europesays.com\/fr\/wp-json\/wp\/v2\/types\/post"}],"author":[{"embeddable":true,"href":"https:\/\/www.europesays.com\/fr\/wp-json\/wp\/v2\/users\/2"}],"replies":[{"embeddable":true,"href":"https:\/\/www.europesays.com\/fr\/wp-json\/wp\/v2\/comments?post=67450"}],"version-history":[{"count":0,"href":"https:\/\/www.europesays.com\/fr\/wp-json\/wp\/v2\/posts\/67450\/revisions"}],"wp:featuredmedia":[{"embeddable":true,"href":"https:\/\/www.europesays.com\/fr\/wp-json\/wp\/v2\/media\/67451"}],"wp:attachment":[{"href":"https:\/\/www.europesays.com\/fr\/wp-json\/wp\/v2\/media?parent=67450"}],"wp:term":[{"taxonomy":"category","embeddable":true,"href":"https:\/\/www.europesays.com\/fr\/wp-json\/wp\/v2\/categories?post=67450"},{"taxonomy":"post_tag","embeddable":true,"href":"https:\/\/www.europesays.com\/fr\/wp-json\/wp\/v2\/tags?post=67450"}],"curies":[{"name":"wp","href":"https:\/\/api.w.org\/{rel}","templated":true}]}}