{"id":67454,"date":"2025-05-01T18:03:15","date_gmt":"2025-05-01T18:03:15","guid":{"rendered":"https:\/\/www.europesays.com\/fr\/67454\/"},"modified":"2025-05-01T18:03:15","modified_gmt":"2025-05-01T18:03:15","slug":"a-paris-des-elus-du-parti-socialiste-cibles-par-des-black-blocks","status":"publish","type":"post","link":"https:\/\/www.europesays.com\/fr\/67454\/","title":{"rendered":"\u00e0 Paris, des \u00e9lus du Parti Socialiste cibl\u00e9s par des black blocks"},"content":{"rendered":"<p>            Par<br \/>\n        <strong><br \/>\n            <a href=\"https:\/\/actu.fr\/auteur\/redaction-paris\" title=\"Consulter tous les articles de R\u00e9daction Paris\" rel=\"nofollow noopener\" target=\"_blank\">R\u00e9daction Paris<\/a><br \/>\n        <\/strong><\/p>\n<p>        Publi\u00e9 le<\/p>\n<p>            1 mai 2025 \u00e0 17h06        <\/p>\n<p>Jeudi 1er-Mai 2025, dans l\u2019apr\u00e8s-midi, des <strong>black blocks<\/strong> ont attaqu\u00e9 le point fixe du Parti Socialiste (PS), boulevard de l\u2019h\u00f4pital \u00e0 Paris (13e), lors de la <a href=\"https:\/\/actu.fr\/ile-de-france\/paris_75056\/manifestation-du-1er-mai-a-paris-1000-a-1500-fauteurs-de-troubles-attendus-par-la-prefecture_62584359.html\" rel=\"nofollow noopener\" target=\"_blank\">manifestation des travailleurs<\/a>. D\u2019abord prot\u00e9g\u00e9s par leur service d\u2019ordre, les \u00e9lus ont d\u00fb attendre l\u2019<strong>intervention de la police<\/strong>.<\/p>\n<p>Le stand du PS \u00ab\u00a0d\u00e9truit\u00a0\u00bb<\/p>\n<p class=\" wall-content\">Ce jeudi matin, le pr\u00e9fet de police, Laurent Nu\u00f1ez, disait craindre \u00ab des d\u00e9bordements \u00bb. Ce f\u00fbt le cas, peu avant 15 heures, aux abords du local du PS.<\/p>\n<p class=\" wall-content\">Sur X, la porte-parole du parti, Chlo\u00e9 Ridel, rembobine les \u00e9v\u00e9nements qui viennent de se d\u00e9rouler dans le 13e arrondissement : \u00ab\u00a0Nous avons \u00e9t\u00e9 insult\u00e9s, puis attaqu\u00e9s par des black blocks. Ils ont arrach\u00e9 nos drapeaux et nos banderoles, ont donn\u00e9 des coups de pied, coup de poings, lanc\u00e9 des p\u00e9tards. <strong>Un camarade a \u00e9t\u00e9 tra\u00een\u00e9 et lynch\u00e9 au sol<\/strong>, un autre \u00e9lu a \u00e9t\u00e9 bless\u00e9. Notre service d\u2019ordre nous a d\u00e9fendu avec courage jusqu\u2019\u00e0 l\u2019arriv\u00e9e de la police. Notre stand a \u00e9t\u00e9 d\u00e9truit.\u00a0\u00bb\u00a0<\/p>\n<p class=\" wall-content\">\n<p class=\" wall-content\">Pris pour cible, le d\u00e9put\u00e9 J\u00e9r\u00f4me Guedj a, lui, \u00e9t\u00e9 escort\u00e9 par les forces de l\u2019ordre.\u00a0<\/p>\n<p class=\" wall-content\">\n<p class=\" wall-content\">\u00c0 15 heures 30, la pr\u00e9fecture de police de Paris r\u00e9v\u00e9lait avoir proc\u00e9d\u00e9 \u00e0 <strong>13 interpellations<\/strong> au total, la plupart pour \u00ab\u00a0participation \u00e0 un groupement en vue de commettre des violences et\/ou d\u00e9gradations.\u00a0<\/p>\n<p>Vid\u00e9os : en ce moment sur Actu<\/p>\n<p class=\" wall-content\">Suivez toute l\u2019actualit\u00e9 de vos villes et m\u00e9dias favoris en vous inscrivant \u00e0 <a href=\"https:\/\/moncompte.actu.fr\" title=\"D\u00e9couvez Mon Actu\" rel=\"nofollow noopener\" data-trk=\"{&quot;cta&quot;:{&quot;action&quot;:&quot;https:\\\/\\\/moncompte.actu.fr&quot;,&quot;category&quot;:&quot;mon compte&quot;,&quot;from&quot;:&quot;article footer&quot;,&quot;name&quot;:&quot;Mon actu&quot;,&quot;type&quot;:&quot;cta&quot;}}\" target=\"_blank\">Mon Actu<\/a>.<\/p>\n","protected":false},"excerpt":{"rendered":"Par R\u00e9daction Paris Publi\u00e9 le 1 mai 2025 \u00e0 17h06 Jeudi 1er-Mai 2025, dans l\u2019apr\u00e8s-midi, des black blocks&hellip;\n","protected":false},"author":2,"featured_media":67455,"comment_status":"","ping_status":"","sticky":false,"template":"","format":"standard","meta":{"footnotes":""},"categories":[1888],"tags":[1111,1928,11,1927,1777,674,118,1011,27,1272,12,1926,626,1925,1072,25,9547],"class_list":{"0":"post-67454","1":"post","2":"type-post","3":"status-publish","4":"format-standard","5":"has-post-thumbnail","7":"category-paris","8":"tag-actu","9":"tag-actu-paris","10":"tag-actualites","11":"tag-actualites-paris","12":"tag-eu","13":"tag-europe","14":"tag-faits-divers","15":"tag-fr","16":"tag-france","17":"tag-manifestations","18":"tag-news","19":"tag-news-paris","20":"tag-paris","21":"tag-paris-news","22":"tag-police","23":"tag-republique-francaise","24":"tag-violences-contre-les-elus"},"share_on_mastodon":{"url":"https:\/\/pubeurope.com\/@fr\/114433897495358168","error":""},"_links":{"self":[{"href":"https:\/\/www.europesays.com\/fr\/wp-json\/wp\/v2\/posts\/67454","targetHints":{"allow":["GET"]}}],"collection":[{"href":"https:\/\/www.europesays.com\/fr\/wp-json\/wp\/v2\/posts"}],"about":[{"href":"https:\/\/www.europesays.com\/fr\/wp-json\/wp\/v2\/types\/post"}],"author":[{"embeddable":true,"href":"https:\/\/www.europesays.com\/fr\/wp-json\/wp\/v2\/users\/2"}],"replies":[{"embeddable":true,"href":"https:\/\/www.europesays.com\/fr\/wp-json\/wp\/v2\/comments?post=67454"}],"version-history":[{"count":0,"href":"https:\/\/www.europesays.com\/fr\/wp-json\/wp\/v2\/posts\/67454\/revisions"}],"wp:featuredmedia":[{"embeddable":true,"href":"https:\/\/www.europesays.com\/fr\/wp-json\/wp\/v2\/media\/67455"}],"wp:attachment":[{"href":"https:\/\/www.europesays.com\/fr\/wp-json\/wp\/v2\/media?parent=67454"}],"wp:term":[{"taxonomy":"category","embeddable":true,"href":"https:\/\/www.europesays.com\/fr\/wp-json\/wp\/v2\/categories?post=67454"},{"taxonomy":"post_tag","embeddable":true,"href":"https:\/\/www.europesays.com\/fr\/wp-json\/wp\/v2\/tags?post=67454"}],"curies":[{"name":"wp","href":"https:\/\/api.w.org\/{rel}","templated":true}]}}