{"id":674607,"date":"2026-01-19T15:17:10","date_gmt":"2026-01-19T15:17:10","guid":{"rendered":"https:\/\/www.europesays.com\/fr\/674607\/"},"modified":"2026-01-19T15:17:10","modified_gmt":"2026-01-19T15:17:10","slug":"electricite-cette-option-dedf-fait-baisser-la-facture-mais-peut-plomber-votre-budget-cet-hiver","status":"publish","type":"post","link":"https:\/\/www.europesays.com\/fr\/674607\/","title":{"rendered":"\u00c9lectricit\u00e9 : cette option d\u2019EDF fait baisser la facture\u2026 mais peut plomber votre budget cet hiver"},"content":{"rendered":"<p>\u00c9conomiser sur sa facture tout en soulageant le r\u00e9seau<br \/>\n\u00e9lectrique, c&rsquo;est l&rsquo;id\u00e9e derri\u00e8re <strong>Tempo EDF<\/strong>. Cette<br \/>\noption du <strong>tarif r\u00e9glement\u00e9 de vente<\/strong> s\u00e9duit des<br \/>\nm\u00e9nages qui veulent faire de l&rsquo;<strong>\u00e9co \u00e9lectricit\u00e9<\/strong><br \/>\nsans renoncer \u00e0 leur confort. Sur le papier, le principe est assez<br \/>\nclair : payer peu la plupart de l&rsquo;ann\u00e9e, mais accepter un kWh tr\u00e8s<br \/>\ncher pendant quelques jours bien cibl\u00e9s.<\/p>\n<p>Du 1er septembre au 31 ao\u00fbt, Tempo alterne 300 <strong>jours<br \/>\nbleus<\/strong> et 43 <strong>jours blancs<\/strong>, o\u00f9 les tarifs<br \/>\nrestent avantageux, et seulement 22 <strong>jours rouges<\/strong><br \/>\nen plein hiver, quand la demande \u00e9lectrique explose. La<br \/>\n<strong>Commission de r\u00e9gulation de l&rsquo;\u00e9nergie<\/strong> recensait<br \/>\nd\u00e9j\u00e0 pr\u00e8s de 900 000 clients r\u00e9sidentiels en juillet 2025, contre<br \/>\n500 000 en octobre 2023. Reste une question simple : \u00e0 qui ce jeu<br \/>\nde couleur profite vraiment.<\/p>\n<p>Tarif tempo EDF : un tarif tr\u00e8s bas souvent, tr\u00e8s haut<br \/>\nparfois<\/p>\n<p>Tempo est une option propos\u00e9e par <strong>EDF<\/strong> et<br \/>\ncertaines entreprises locales de distribution, int\u00e9gr\u00e9e au<br \/>\n<strong>tarif r\u00e9glement\u00e9 de vente de l&rsquo;\u00e9lectricit\u00e9<\/strong>. Les<br \/>\n<strong>heures pleines<\/strong>, toujours de 6 h \u00e0 22 h, sont plus<br \/>\nch\u00e8res que les <strong>heures creuses<\/strong>, de 22 h \u00e0 6 h. Le<br \/>\ntout se combine avec la couleur du jour, affich\u00e9e sur le<br \/>\n<strong>compteur Linky<\/strong> ou dans l&rsquo;application EDF et Moi,<br \/>\nce qui cr\u00e9e six prix possibles pour le kWh au fil de l&rsquo;ann\u00e9e.<\/p>\n<p>En 2025, les six tarifs Tempo vont d&rsquo;environ 0,1232 euro en<br \/>\nheures creuses bleues \u00e0 0,6468 euro le kWh en heures pleines<br \/>\nrouges, soit un rapport de plus de un \u00e0 cinq. Pour un foyer rennais<br \/>\nconsommant 8 500 kWh par an, avec 40 % en heures creuses et 60 % en<br \/>\nheures pleines, MoneyVox estime la facture \u00e0 1 560 euros avec<br \/>\nTempo, contre 1 597 euros avec la deuxi\u00e8me offre la moins<br \/>\nch\u00e8re.<\/p>\n<p>Pour qui Tempo EDF rime avec vraies \u00e9conomies ?<\/p>\n<p>Le profil id\u00e9al combine chauffage non \u00e9lectrique et consommation<br \/>\nadaptable. Pour Clarisse Berger, charg\u00e9e de mission \u00e9nergie et<br \/>\nlogement \u00e0 l&rsquo;<strong>UFC Que Choisir<\/strong>, Tempo convient \u00e0<br \/>\nceux qui cuisinent et se chauffent au gaz, aux r\u00e9sidences<br \/>\nsecondaires et aux foyers capables de suivre l&rsquo;information<br \/>\ntarifaire et de programmer leurs appareils ; elle juge l&rsquo;offre<br \/>\nrisqu\u00e9e pour un logement chauff\u00e9 uniquement \u00e0 l&rsquo;\u00e9lectricit\u00e9, sans<br \/>\npilotage. Dans une grande maison ancienne bien isol\u00e9e, \u00ab\u00a0Pipiou\u00a0\u00bb<br \/>\nr\u00e9sume son exp\u00e9rience : \u00ab\u00a0Je suis propri\u00e9taire d&rsquo;une grande maison<br \/>\nancienne, mais bien isol\u00e9e, avec une chaudi\u00e8re fuel. J&rsquo;ai \u00e9conomis\u00e9<br \/>\n28% sur mes factures\u00a0\u00bb.<\/p>\n<p>Dans une maison de 96 m2 en r\u00e9gion parisienne, Sylvie indique<br \/>\npayer autour de 1 400 euros d&rsquo;\u00e9lectricit\u00e9 par an, plus 200 euros de<br \/>\nbois pour la chemin\u00e9e, et rester en dessous de la facture de<br \/>\nproches ayant une maison comparable. Henri, en long\u00e8re mal isol\u00e9e<br \/>\navec chauffage bois et v\u00e9hicule \u00e9lectrique, a pay\u00e9 1 760 euros pour<br \/>\nenviron 8 500 kWh, soit environ 220 euros d&rsquo;\u00e9conomie par rapport \u00e0<br \/>\nl&rsquo;option heures creuses classique. Aude r\u00e9sume bien l&rsquo;enjeu : \u00ab\u00a0Je<br \/>\ntrouve que c&rsquo;est une bonne option pour quelqu&rsquo;un qui peut faire<br \/>\nattention. Pour une personne cherchant \u00e0 maintenir 18 degr\u00e9s dans<br \/>\nson logement tous les jours, ce sera compliqu\u00e9, surtout s&rsquo;il est<br \/>\nmal isol\u00e9\u00a0\u00bb.<\/p>\n<p>Vivre avec Tempo EDF au quotidien<\/p>\n<p>Au quotidien, les abonn\u00e9s Tempo vivent au rythme des couleurs,<br \/>\nsans forc\u00e9ment se priver. \u00ab\u00a0Pipiou\u00a0\u00bb constate que son co\u00fbt journalier<br \/>\n\u00ab\u00a0est presque multipli\u00e9 par trois pendant les jours rouges\u00a0\u00bb, alors<br \/>\nil \u00e9vite les usages superflus ces jours-l\u00e0. Beaucoup, comme Sylvie,<br \/>\nd\u00e9placent lave-linge et lave-vaisselle la nuit ou s&rsquo;appuient sur un<br \/>\npo\u00eale ou une chemin\u00e9e. Elle confie d&rsquo;ailleurs : \u00ab\u00a0On fait attention<br \/>\naussi parce qu&rsquo;on pense qu&rsquo;il faut jouer le jeu\u00a0\u00bb.<\/p>\n","protected":false},"excerpt":{"rendered":"\u00c9conomiser sur sa facture tout en soulageant le r\u00e9seau \u00e9lectrique, c&rsquo;est l&rsquo;id\u00e9e derri\u00e8re Tempo EDF. Cette option du&hellip;\n","protected":false},"author":2,"featured_media":674608,"comment_status":"","ping_status":"","sticky":false,"template":"","format":"standard","meta":{"footnotes":""},"categories":[6],"tags":[5056,1003,35,33318,3477,77381,33,34,579,189,21,1011,27,6736,4743,4564,35994,5055,76859,15161],"class_list":{"0":"post-674607","1":"post","2":"type-post","3":"status-publish","4":"format-standard","5":"has-post-thumbnail","7":"category-economie","8":"tag-baisser","9":"tag-budget","10":"tag-business","11":"tag-cet","12":"tag-cette","13":"tag-dedf","14":"tag-economie","15":"tag-economy","16":"tag-electricite","17":"tag-facture","18":"tag-fait","19":"tag-fr","20":"tag-france","21":"tag-hiver","22":"tag-la","23":"tag-mais","24":"tag-option","25":"tag-peut","26":"tag-plomber","27":"tag-votre"},"share_on_mastodon":{"url":"https:\/\/pubeurope.com\/@fr\/115922432444405464","error":""},"_links":{"self":[{"href":"https:\/\/www.europesays.com\/fr\/wp-json\/wp\/v2\/posts\/674607","targetHints":{"allow":["GET"]}}],"collection":[{"href":"https:\/\/www.europesays.com\/fr\/wp-json\/wp\/v2\/posts"}],"about":[{"href":"https:\/\/www.europesays.com\/fr\/wp-json\/wp\/v2\/types\/post"}],"author":[{"embeddable":true,"href":"https:\/\/www.europesays.com\/fr\/wp-json\/wp\/v2\/users\/2"}],"replies":[{"embeddable":true,"href":"https:\/\/www.europesays.com\/fr\/wp-json\/wp\/v2\/comments?post=674607"}],"version-history":[{"count":0,"href":"https:\/\/www.europesays.com\/fr\/wp-json\/wp\/v2\/posts\/674607\/revisions"}],"wp:featuredmedia":[{"embeddable":true,"href":"https:\/\/www.europesays.com\/fr\/wp-json\/wp\/v2\/media\/674608"}],"wp:attachment":[{"href":"https:\/\/www.europesays.com\/fr\/wp-json\/wp\/v2\/media?parent=674607"}],"wp:term":[{"taxonomy":"category","embeddable":true,"href":"https:\/\/www.europesays.com\/fr\/wp-json\/wp\/v2\/categories?post=674607"},{"taxonomy":"post_tag","embeddable":true,"href":"https:\/\/www.europesays.com\/fr\/wp-json\/wp\/v2\/tags?post=674607"}],"curies":[{"name":"wp","href":"https:\/\/api.w.org\/{rel}","templated":true}]}}