{"id":674660,"date":"2026-01-19T15:45:18","date_gmt":"2026-01-19T15:45:18","guid":{"rendered":"https:\/\/www.europesays.com\/fr\/674660\/"},"modified":"2026-01-19T15:45:18","modified_gmt":"2026-01-19T15:45:18","slug":"le-bus-de-lacces-au-droit-service-itinerant-pour-informer-et-accompagner-les-habitants","status":"publish","type":"post","link":"https:\/\/www.europesays.com\/fr\/674660\/","title":{"rendered":"Le Bus de l\u2019Acc\u00e8s au Droit : service itin\u00e9rant pour informer et accompagner les habitants"},"content":{"rendered":"<p class=\"introduction\">Pour lutter contre les in\u00e9galit\u00e9s d\u2019acc\u00e8s \u00e0 l\u2019information juridique, la Clinique Juridique de l\u2019Universit\u00e9 Catholique de Lille d\u00e9ploie le Bus de l\u2019Acc\u00e8s au Droit. En partenariat avec les Restos du C\u0153ur, ce dispositif itin\u00e9rant propose un accompagnement juridique gratuit, confidentiel et sans rendez-vous, au plus pr\u00e8s des habitants, notamment \u00e0 Roubaix.<\/p>\n<p>Am\u00e9nag\u00e9 comme un v\u00e9ritable espace d\u2019accueil, le Bus de l\u2019Acc\u00e8s au Droit permet aux usagers d\u2019\u00eatre re\u00e7us dans de bonnes conditions. \u00c0 son bord, quatre b\u00e9n\u00e9voles, \u00e9tudiants en droit, membres de la Clinique Juridique, assurent des permanences d\u2019information et d\u2019orientation juridique, hors droit p\u00e9nal. Leur mission : \u00e9couter, informer et guider les personnes vers les solutions ou interlocuteurs adapt\u00e9s.<\/p>\n<p>Logement, travail, famille : des probl\u00e9matiques du quotidien<\/p>\n<p>Les questions abord\u00e9es sont vari\u00e9es et refl\u00e8tent les difficult\u00e9s rencontr\u00e9es dans la vie courante : logement, droit du travail, famille, consommation, dettes, relations avec l\u2019administration ou les organismes sociaux. Le bus offre ainsi un premier niveau d\u2019accompagnement essentiel pour pr\u00e9venir les litiges et faciliter l\u2019acc\u00e8s aux droits.<\/p>\n<p>Un partenariat avec les Restos du C\u0153ur<\/p>\n<p>Afin de toucher les publics les plus \u00e9loign\u00e9s des institutions, le dispositif intervient directement sur les sites des <strong>Restos du C\u0153ur<\/strong> de la m\u00e9tropole. \u00c0 Roubaix, des permanences ont lieu <strong>18 rue d\u2019Ypres (1er jeudi du mois) <\/strong>et sur au <strong>1 rue Descartes (4e jeudi du mois)<\/strong>, <strong>sans rendez-vous et gratuitement<\/strong>.<\/p>\n<p>Un enjeu social majeur<\/p>\n<p>En rapprochant l\u2019information juridique des habitants, le Bus de l\u2019Acc\u00e8s au Droit contribue \u00e0 lutter contre le non-recours aux droits. Un service de proximit\u00e9, humain et innovant, qui circule sur le territoire jusqu\u2019en juillet, avec l\u2019ambition de se d\u00e9velopper dans les ann\u00e9es \u00e0 venir.<\/p>\n","protected":false},"excerpt":{"rendered":"Pour lutter contre les in\u00e9galit\u00e9s d\u2019acc\u00e8s \u00e0 l\u2019information juridique, la Clinique Juridique de l\u2019Universit\u00e9 Catholique de Lille d\u00e9ploie&hellip;\n","protected":false},"author":2,"featured_media":674661,"comment_status":"","ping_status":"","sticky":false,"template":"","format":"standard","meta":{"footnotes":""},"categories":[2815],"tags":[1111,11,28123,6084,1777,674,1011,27,811,1307,12,25,3400],"class_list":{"0":"post-674660","1":"post","2":"type-post","3":"status-publish","4":"format-standard","5":"has-post-thumbnail","7":"category-lille","8":"tag-actu","9":"tag-actualites","10":"tag-demarches","11":"tag-droit","12":"tag-eu","13":"tag-europe","14":"tag-fr","15":"tag-france","16":"tag-hauts-de-france","17":"tag-lille","18":"tag-news","19":"tag-republique-francaise","20":"tag-solidarite"},"share_on_mastodon":{"url":"https:\/\/pubeurope.com\/@fr\/115922542583908663","error":""},"_links":{"self":[{"href":"https:\/\/www.europesays.com\/fr\/wp-json\/wp\/v2\/posts\/674660","targetHints":{"allow":["GET"]}}],"collection":[{"href":"https:\/\/www.europesays.com\/fr\/wp-json\/wp\/v2\/posts"}],"about":[{"href":"https:\/\/www.europesays.com\/fr\/wp-json\/wp\/v2\/types\/post"}],"author":[{"embeddable":true,"href":"https:\/\/www.europesays.com\/fr\/wp-json\/wp\/v2\/users\/2"}],"replies":[{"embeddable":true,"href":"https:\/\/www.europesays.com\/fr\/wp-json\/wp\/v2\/comments?post=674660"}],"version-history":[{"count":0,"href":"https:\/\/www.europesays.com\/fr\/wp-json\/wp\/v2\/posts\/674660\/revisions"}],"wp:featuredmedia":[{"embeddable":true,"href":"https:\/\/www.europesays.com\/fr\/wp-json\/wp\/v2\/media\/674661"}],"wp:attachment":[{"href":"https:\/\/www.europesays.com\/fr\/wp-json\/wp\/v2\/media?parent=674660"}],"wp:term":[{"taxonomy":"category","embeddable":true,"href":"https:\/\/www.europesays.com\/fr\/wp-json\/wp\/v2\/categories?post=674660"},{"taxonomy":"post_tag","embeddable":true,"href":"https:\/\/www.europesays.com\/fr\/wp-json\/wp\/v2\/tags?post=674660"}],"curies":[{"name":"wp","href":"https:\/\/api.w.org\/{rel}","templated":true}]}}