{"id":674666,"date":"2026-01-19T15:48:12","date_gmt":"2026-01-19T15:48:12","guid":{"rendered":"https:\/\/www.europesays.com\/fr\/674666\/"},"modified":"2026-01-19T15:48:12","modified_gmt":"2026-01-19T15:48:12","slug":"quatre-coproprietes-degradees-vont-etre-renovees","status":"publish","type":"post","link":"https:\/\/www.europesays.com\/fr\/674666\/","title":{"rendered":"quatre copropri\u00e9t\u00e9s d\u00e9grad\u00e9es vont \u00eatre r\u00e9nov\u00e9es"},"content":{"rendered":"<p>\n        Pour lutter contre l\u2019habitat indigne, quatre copropri\u00e9t\u00e9s tr\u00e8s d\u00e9grad\u00e9es de Marseille vont faire l\u2019objet d\u2019une r\u00e9novation d\u2019ampleur, port\u00e9e par l\u2019\u00c9tat et les collectivit\u00e9s.\n    <\/p>\n<p>Estim\u00e9e \u00e0 600 millions d\u2019euros, la <a href=\"https:\/\/www.batiweb.com\/actualites\/legislation\/renovation-energetique-les-evolutions-legislatives-au-1er-janvier-47934\" target=\"_blank\" rel=\"noopener\">r\u00e9novation<\/a> compl\u00e8te de quatre copropri\u00e9t\u00e9s marseillaises <a href=\"https:\/\/www.batiweb.com\/actualites\/justice\/proces-de-la-rue-d-aubagne-la-municipalite-face-a-ses-responsabilites-45564\" target=\"_blank\" rel=\"noopener\">tr\u00e8s d\u00e9grad\u00e9es<\/a> va \u00eatre engag\u00e9e, a annonc\u00e9 vendredi 16 janvier le ministre de la Ville et du Logement, donnant corps \u00e0 <strong>une promesse formul\u00e9e en 2023 par le chef de l\u2019\u00c9tat, dans le cadre du plan <a href=\"https:\/\/www.batiweb.com\/actualites\/urbanisme\/marseille-en-grand-quel-bilan-pour-le-projet-chiffre-a-5-milliards-47946\" target=\"_blank\" rel=\"noopener\">\u00ab Marseille en grand \u00bb<\/a><\/strong>.<\/p>\n<p>\u00ab Le niveau de d\u00e9gradation de ces copropri\u00e9t\u00e9s n\u00e9cessite une action des services publics \u00bb et \u00ab l\u2019\u00c9tat veut mettre les moyens et aller le plus vite possible \u00bb, a d\u00e9clar\u00e9 Vincent Jeanbrun lors d\u2019une visite sur le site de <strong>la Maurelette, une copropri\u00e9t\u00e9 de 2 500 habitants situ\u00e9e dans les quartiers Nord de Marseille (15\u00e8me\u00a0arrondissement)<\/strong>.<\/p>\n<p>Le ministre est venu sur les bords de la M\u00e9diterran\u00e9e annoncer aux habitants de quatre copropri\u00e9t\u00e9s priv\u00e9es, La Maurelette, Les Rosiers, Consolat et le Mail, que ces ensembles allaient b\u00e9n\u00e9ficier d&rsquo;<strong>une Op\u00e9ration de requalification des copropri\u00e9t\u00e9s d\u00e9grad\u00e9es d&rsquo;int\u00e9r\u00eat national (Orcod-IN)<\/strong>. Ce m\u00e9canisme offre aux pouvoirs publics des outils \u00e9largis pour proc\u00e9der \u00e0 des expropriations ou des rachats facilit\u00e9s, engager des op\u00e9rations de d\u00e9molition ou de r\u00e9novation, financer les travaux dans les parties communes et renforcer la gestion des enjeux de s\u00e9curit\u00e9.<\/p>\n<p>Les habitants\u00a0esp\u00e8rent ces r\u00e9novations de longue date<\/p>\n<p>\u00a0<\/p>\n<p>Les op\u00e9rations de requalification, qui ont re\u00e7u l\u2019aval du Conseil d\u2019\u00c9tat en d\u00e9cembre, devraient co\u00fbter autour de 600 millions d\u2019euros, \u00e0 la charge conjointe de l\u2019\u00c9tat, de la m\u00e9tropole, de la R\u00e9gion et de la Ville.<\/p>\n<p>\u00c0 La Maurelette, sous arr\u00eat\u00e9 de p\u00e9ril, le ministre a constat\u00e9 des d\u00e9chets dans les escaliers, des ascenseurs hors service et des tags li\u00e9s au trafic de drogue.<\/p>\n<p>\u00ab\u202fOn va pouvoir, et de fa\u00e7on rapide, <strong>commencer la r\u00e9novation, commencer la s\u00e9curisation, commencer la r\u00e9habilitation et faire en sorte que le quotidien des gens soit transform\u00e9\u202f<\/strong>\u00bb, a-t-il affirm\u00e9 devant les journalistes pr\u00e9sents.<\/p>\n<p>Mais l\u2019impatience des habitants est palpable. \u00ab\u202fLe ravalement des fa\u00e7ades, on l\u2019attendait en janvier, maintenant on nous dit avril\u202f\u00bb, a d\u00e9plor\u00e9 Aline Rey, 78 ans, aupr\u00e8s de l\u2019AFP.<\/p>\n<p>\u00c0 Marseille, o\u00f9 la question de l\u2019habitat indigne a \u00e9t\u00e9 brutalement mise en lumi\u00e8re par <strong>l\u2019effondrement de la rue d\u2019Aubagne en 2018, qui avait fait huit morts<\/strong>, \u00ab\u202f28 ensembles immobiliers regroupant pr\u00e8s de 10 000 logements\u202f\u00bb font \u00ab\u202fl\u2019objet d\u2019une attention particuli\u00e8re de l\u2019\u00c9tat, de la m\u00e9tropole et de la ville\u202f\u00bb.<\/p>\n<p>\u00a0<\/p>\n<p>Par Nils Buchsbaum (avec AFP)<\/p>\n","protected":false},"excerpt":{"rendered":"Pour lutter contre l\u2019habitat indigne, quatre copropri\u00e9t\u00e9s tr\u00e8s d\u00e9grad\u00e9es de Marseille vont faire l\u2019objet d\u2019une r\u00e9novation d\u2019ampleur, port\u00e9e&hellip;\n","protected":false},"author":2,"featured_media":674667,"comment_status":"","ping_status":"","sticky":false,"template":"","format":"standard","meta":{"footnotes":""},"categories":[2814],"tags":[1111,11,13773,22743,16309,1777,674,1011,27,4250,65801,26518,1908,36909,884,12,882,16,716,25,656],"class_list":{"0":"post-674666","1":"post","2":"type-post","3":"status-publish","4":"format-standard","5":"has-post-thumbnail","7":"category-marseille","8":"tag-actu","9":"tag-actualites","10":"tag-collective","11":"tag-crise-du-logement","12":"tag-etat","13":"tag-eu","14":"tag-europe","15":"tag-fr","16":"tag-france","17":"tag-habitat","18":"tag-habitat-indigne","19":"tag-insalubrite","20":"tag-logement","21":"tag-logement-insalubre","22":"tag-marseille","23":"tag-news","24":"tag-provence-alpes-cote-dazur","25":"tag-region","26":"tag-renovation","27":"tag-republique-francaise","28":"tag-securite"},"share_on_mastodon":{"url":"https:\/\/pubeurope.com\/@fr\/115922554395909386","error":""},"_links":{"self":[{"href":"https:\/\/www.europesays.com\/fr\/wp-json\/wp\/v2\/posts\/674666","targetHints":{"allow":["GET"]}}],"collection":[{"href":"https:\/\/www.europesays.com\/fr\/wp-json\/wp\/v2\/posts"}],"about":[{"href":"https:\/\/www.europesays.com\/fr\/wp-json\/wp\/v2\/types\/post"}],"author":[{"embeddable":true,"href":"https:\/\/www.europesays.com\/fr\/wp-json\/wp\/v2\/users\/2"}],"replies":[{"embeddable":true,"href":"https:\/\/www.europesays.com\/fr\/wp-json\/wp\/v2\/comments?post=674666"}],"version-history":[{"count":0,"href":"https:\/\/www.europesays.com\/fr\/wp-json\/wp\/v2\/posts\/674666\/revisions"}],"wp:featuredmedia":[{"embeddable":true,"href":"https:\/\/www.europesays.com\/fr\/wp-json\/wp\/v2\/media\/674667"}],"wp:attachment":[{"href":"https:\/\/www.europesays.com\/fr\/wp-json\/wp\/v2\/media?parent=674666"}],"wp:term":[{"taxonomy":"category","embeddable":true,"href":"https:\/\/www.europesays.com\/fr\/wp-json\/wp\/v2\/categories?post=674666"},{"taxonomy":"post_tag","embeddable":true,"href":"https:\/\/www.europesays.com\/fr\/wp-json\/wp\/v2\/tags?post=674666"}],"curies":[{"name":"wp","href":"https:\/\/api.w.org\/{rel}","templated":true}]}}