{"id":67469,"date":"2025-05-01T18:11:09","date_gmt":"2025-05-01T18:11:09","guid":{"rendered":"https:\/\/www.europesays.com\/fr\/67469\/"},"modified":"2025-05-01T18:11:09","modified_gmt":"2025-05-01T18:11:09","slug":"en-allemagne-lediteur-conservateur-wolfram-weimer-nomme-ministre-de-la-culture","status":"publish","type":"post","link":"https:\/\/www.europesays.com\/fr\/67469\/","title":{"rendered":"En Allemagne, l&rsquo;\u00e9diteur conservateur Wolfram Weimer nomm\u00e9 ministre de la Culture"},"content":{"rendered":"<p>La nouvelle aura fait son effet : alors que depuis des semaines, le nom de Joe Chialo, s\u00e9nateur de la Culture \u00e0 Berlin, tournait dans tous les m\u00e9dias allemands, c&rsquo;est finalement celui de Wolfram Weimar qui a\u00a0cette semaine fait la une des pages culture. Lundi 28 avril, le parti de centre-droit\u00a0CDU\/CSU, qui a remport\u00e9 les \u00e9lections parlementaires du 23 f\u00e9vrier, a annonc\u00e9 que le journaliste et \u00e9diteur, n\u00e9 en 1964 \u00e0 Gelnhausen dans le Land de Hesse, prendrait le relais de la Verte Claudia Roth, ministre de la Culture depuis 2021. Quoiqu&rsquo;il ne d\u00e9tienne pas la carte du parti, Wolfram Weimer\u00a0est\u00a0consid\u00e9r\u00e9 comme proche de ses membres, en particulier de Friedrich Merz, chef de parti et\u00a0futur\u2026<\/p>\n","protected":false},"excerpt":{"rendered":"La nouvelle aura fait son effet : alors que depuis des semaines, le nom de Joe Chialo, s\u00e9nateur&hellip;\n","protected":false},"author":2,"featured_media":67470,"comment_status":"","ping_status":"","sticky":false,"template":"","format":"standard","meta":{"footnotes":""},"categories":[1587],"tags":[11,672,1804,16841,1805,1803,1777,674,1801,12,7393,1802,16842],"class_list":{"0":"post-67469","1":"post","2":"type-post","3":"status-publish","4":"format-standard","5":"has-post-thumbnail","7":"category-allemagne","8":"tag-actualites","9":"tag-allemagne","10":"tag-bundesrepublik-deutschland","11":"tag-claudia-roth","12":"tag-de","13":"tag-deutschland","14":"tag-eu","15":"tag-europe","16":"tag-germany","17":"tag-news","18":"tag-politique-culturelle","19":"tag-republique-federale-dallemagne","20":"tag-wolfram-weimer"},"share_on_mastodon":{"url":"https:\/\/pubeurope.com\/@fr\/114433928912445377","error":""},"_links":{"self":[{"href":"https:\/\/www.europesays.com\/fr\/wp-json\/wp\/v2\/posts\/67469","targetHints":{"allow":["GET"]}}],"collection":[{"href":"https:\/\/www.europesays.com\/fr\/wp-json\/wp\/v2\/posts"}],"about":[{"href":"https:\/\/www.europesays.com\/fr\/wp-json\/wp\/v2\/types\/post"}],"author":[{"embeddable":true,"href":"https:\/\/www.europesays.com\/fr\/wp-json\/wp\/v2\/users\/2"}],"replies":[{"embeddable":true,"href":"https:\/\/www.europesays.com\/fr\/wp-json\/wp\/v2\/comments?post=67469"}],"version-history":[{"count":0,"href":"https:\/\/www.europesays.com\/fr\/wp-json\/wp\/v2\/posts\/67469\/revisions"}],"wp:featuredmedia":[{"embeddable":true,"href":"https:\/\/www.europesays.com\/fr\/wp-json\/wp\/v2\/media\/67470"}],"wp:attachment":[{"href":"https:\/\/www.europesays.com\/fr\/wp-json\/wp\/v2\/media?parent=67469"}],"wp:term":[{"taxonomy":"category","embeddable":true,"href":"https:\/\/www.europesays.com\/fr\/wp-json\/wp\/v2\/categories?post=67469"},{"taxonomy":"post_tag","embeddable":true,"href":"https:\/\/www.europesays.com\/fr\/wp-json\/wp\/v2\/tags?post=67469"}],"curies":[{"name":"wp","href":"https:\/\/api.w.org\/{rel}","templated":true}]}}