{"id":674704,"date":"2026-01-19T16:09:10","date_gmt":"2026-01-19T16:09:10","guid":{"rendered":"https:\/\/www.europesays.com\/fr\/674704\/"},"modified":"2026-01-19T16:09:10","modified_gmt":"2026-01-19T16:09:10","slug":"louis-bielle-biarrey-continue-daffoler-les-compteurs","status":"publish","type":"post","link":"https:\/\/www.europesays.com\/fr\/674704\/","title":{"rendered":"Louis Bielle-Biarrey continue d\u2019affoler les compteurs"},"content":{"rendered":"<p>\n    L\u2019ailier supersonique de l\u2019UBB, auteur d\u2019un tripl\u00e9 dimanche en Champions Cup, est dans les temps de sa saison record 2024-2025. Une r\u00e9gularit\u00e9 exceptionnelle.<\/p>\n<p class=\"fig-paragraph\"><a href=\"http:\/\/www.lefigaro.fr\/sports\/rugby\/rugby-louis-bielle-biarrey-seul-francais-retenu-dans-l-equipe-de-l-annee-2025-de-world-rugby-20251125\" data-fig-type=\"NewsFlash\" data-gtm-custom-categorie=\"navigation\" data-gtm-custom-action=\"crossclick\" data-gtm-custom-label=\"Contextuel\" data-gtm-event=\"customEventSPE\" data-fig-domain=\"LEFIGARO\" target=\"_blank\" rel=\"noopener\">La fus\u00e9e de l\u2019UBB<\/a>\u00a0avait sign\u00e9\u00a0<a href=\"http:\/\/www.lefigaro.fr\/sports\/rugby\/rugby-les-statistiques-affolantes-du-phenomene-louis-bielle-biarrey-20251006\" data-fig-type=\"NewsFlash\" data-gtm-custom-categorie=\"navigation\" data-gtm-custom-action=\"crossclick\" data-gtm-custom-label=\"Contextuel\" data-gtm-event=\"customEventSPE\" data-fig-domain=\"LEFIGARO\" target=\"_blank\" rel=\"noopener\">une saison 2024-205 \u00e9poustouflante<\/a>\u00a0avec 33 essais inscrits en 30 matchs disput\u00e9s. Dans le d\u00e9tail, 13 essais en 18 rencontres de Top 14 (il avait termin\u00e9 meilleur marqueur de la saison), 8 en 6 matchs de Champions Cup. Et 12 essais en 8 s\u00e9lections, avec, au passage, un vieux record \u00e9gal\u00e9 dans le Tournoi des six nations (8 essais).<\/p>\n<p class=\"fig-paragraph\">Depuis le d\u00e9but de la saison, pas de baisse de r\u00e9gime. Louis Bielle-Biarrey continue d\u2019affoler les compteurs.\u00a0<a href=\"http:\/\/www.lefigaro.fr\/sports\/rugby\/coupe-d-europe\/rugby-champions-cup-en-video-le-triple-de-bielle-biarrey-face-a-bristol-pour-le-sans-faute-de-l-ubb-20260118\" data-fig-type=\"NewsFlash\" data-gtm-custom-categorie=\"navigation\" data-gtm-custom-action=\"crossclick\" data-gtm-custom-label=\"Contextuel\" data-gtm-event=\"customEventSPE\" data-fig-domain=\"LEFIGARO\" target=\"_blank\" rel=\"noopener\">Avec son tripl\u00e9 dimanche face aux Anglais<\/a>\u00a0de Bristol, \u00abLBB\u00bb en est d\u00e9j\u00e0 \u00e0 18 essais en 17 matchs disput\u00e9s.<\/p>\n<p>                                            <a class=\"fig-a11y-skip\" href=\"#fig-a11y-skip-main-inarticle\" data-module=\"a11y-skip\" data-context=\"was @visible\"><br \/>\n    Passer la publicit\u00e9<br \/>\n<\/a>            <\/p>\n<p class=\"fig-paragraph\">En t\u00eate du classement des marqueurs en Top 14 (10 essais en 10 matchs), il en a d\u00e9j\u00e0 inscrit 6 en quatre rencontres de Champions Cup (il est le meilleur marqueur de la phase de poules&#8230;). Ajoutons les deux aplatis avec le XV de France lors de la tourn\u00e9e d\u2019automne est le compte est bon. Et n\u2019a s\u00fbrement pas fini d\u2019enfler.<\/p>\n<p class=\"fig-paragraph\">Depuis d\u00e9but septembre 2025, Bielle-Biarrey a d\u00e9j\u00e0 sign\u00e9 un tripl\u00e9 et cinq doubl\u00e9s. Le dernier en date\u00a0? Le 3 janvier face au Racing 92. Rempla\u00e7ant pour la premi\u00e8re (et unique) fois de la saison, l\u2019ailier de l\u2019UBB \u00e9tait entr\u00e9 en jeu \u00e0 la 52e minute. Suffisant pour aplatir deux fois&#8230;<\/p>\n","protected":false},"excerpt":{"rendered":"L\u2019ailier supersonique de l\u2019UBB, auteur d\u2019un tripl\u00e9 dimanche en Champions Cup, est dans les temps de sa saison&hellip;\n","protected":false},"author":2,"featured_media":674705,"comment_status":"","ping_status":"","sticky":false,"template":"","format":"standard","meta":{"footnotes":""},"categories":[1416],"tags":[1011,27,12099,479,1468,60,4364,513],"class_list":{"0":"post-674704","1":"post","2":"type-post","3":"status-publish","4":"format-standard","5":"has-post-thumbnail","7":"category-rugby","8":"tag-fr","9":"tag-france","10":"tag-louis-bielle-biarrey","11":"tag-rugby","12":"tag-rugby-football","13":"tag-sports","14":"tag-ubb","15":"tag-xv-de-france"},"share_on_mastodon":{"url":"https:\/\/pubeurope.com\/@fr\/115922636896733805","error":""},"_links":{"self":[{"href":"https:\/\/www.europesays.com\/fr\/wp-json\/wp\/v2\/posts\/674704","targetHints":{"allow":["GET"]}}],"collection":[{"href":"https:\/\/www.europesays.com\/fr\/wp-json\/wp\/v2\/posts"}],"about":[{"href":"https:\/\/www.europesays.com\/fr\/wp-json\/wp\/v2\/types\/post"}],"author":[{"embeddable":true,"href":"https:\/\/www.europesays.com\/fr\/wp-json\/wp\/v2\/users\/2"}],"replies":[{"embeddable":true,"href":"https:\/\/www.europesays.com\/fr\/wp-json\/wp\/v2\/comments?post=674704"}],"version-history":[{"count":0,"href":"https:\/\/www.europesays.com\/fr\/wp-json\/wp\/v2\/posts\/674704\/revisions"}],"wp:featuredmedia":[{"embeddable":true,"href":"https:\/\/www.europesays.com\/fr\/wp-json\/wp\/v2\/media\/674705"}],"wp:attachment":[{"href":"https:\/\/www.europesays.com\/fr\/wp-json\/wp\/v2\/media?parent=674704"}],"wp:term":[{"taxonomy":"category","embeddable":true,"href":"https:\/\/www.europesays.com\/fr\/wp-json\/wp\/v2\/categories?post=674704"},{"taxonomy":"post_tag","embeddable":true,"href":"https:\/\/www.europesays.com\/fr\/wp-json\/wp\/v2\/tags?post=674704"}],"curies":[{"name":"wp","href":"https:\/\/api.w.org\/{rel}","templated":true}]}}