{"id":674756,"date":"2026-01-19T16:40:19","date_gmt":"2026-01-19T16:40:19","guid":{"rendered":"https:\/\/www.europesays.com\/fr\/674756\/"},"modified":"2026-01-19T16:40:19","modified_gmt":"2026-01-19T16:40:19","slug":"prochainement-accessible-le-jardin-dinspiration-chinoise-au-jardin-des-plantes-de-rouen","status":"publish","type":"post","link":"https:\/\/www.europesays.com\/fr\/674756\/","title":{"rendered":"Prochainement accessible, le jardin d\u2019inspiration chinoise au Jardin des plantes de Rouen"},"content":{"rendered":"<p>Le jardin d\u2019inspiration chinoise, en cours d\u2019am\u00e9nagement depuis 2024 dans le Jardin des plantes de Rouen, dans le d\u00e9partement de la Seine-Maritime, sera bient\u00f4t accessible.<\/p>\n<p class=\"c-paragraph\">Une zone de 2 000 m\u00b2 d\u00e9di\u00e9e \u00e0 l\u2019art des jardins chinois est en cours d\u2019am\u00e9nagement au Jardin des plantes de Rouen. Ce projet, d\u00e9velopp\u00e9 en collaboration avec la ville de Ningbo, un partenaire de longue date, fait \u00e9cho au jardin fran\u00e7ais ouvert en 2019 dans la m\u00e9tropole chinoise. Le chantier, entam\u00e9 en novembre 2024, approche de son ach\u00e8vement en ce d\u00e9but d\u2019ann\u00e9e 2026.<\/p>\n<p class=\"c-paragraph\">Le futur espace comprendra plusieurs \u00e9l\u00e9ments caract\u00e9ristiques des jardins chinois, tels que des rochers, de l\u2019eau, une architecture traditionnelle et une s\u00e9lection v\u00e9g\u00e9tale adapt\u00e9e. Deux arbres seront d\u00e9plac\u00e9s, tandis qu\u2019un ginkgo biloba d\u00e9j\u00e0 pr\u00e9sent sera int\u00e9gr\u00e9e au nouvel ensemble. L\u2019am\u00e9nagement pr\u00e9voit \u00e9galement un pavillon sur\u00e9lev\u00e9 et un point d\u2019eau. Le site accueillera des fleurs originaires de Chine, produites par une p\u00e9pini\u00e8re sp\u00e9cialis\u00e9e situ\u00e9e en Bretagne, afin d\u2019assurer l\u2019approvisionnement en vari\u00e9t\u00e9s rares.<\/p>\n<p class=\"c-paragraph\">Plac\u00e9e sous la ma\u00eetrise d\u2019\u0153uvre d\u2019Antoine Cr\u00e9pin, responsable du projet pour la ville, cette op\u00e9ration repr\u00e9sente un investissement de plus de 1 million d\u2019euros. Elle s\u2019inscrit dans le programme de renaturation men\u00e9 par Rouen, visant \u00e0 diversifier les ambiances paysag\u00e8res du Jardin des plantes tout en accompagnant son adaptation aux enjeux climatiques.<\/p>\n","protected":false},"excerpt":{"rendered":"Le jardin d\u2019inspiration chinoise, en cours d\u2019am\u00e9nagement depuis 2024 dans le Jardin des plantes de Rouen, dans le&hellip;\n","protected":false},"author":2,"featured_media":667388,"comment_status":"","ping_status":"","sticky":false,"template":"","format":"standard","meta":{"footnotes":"","_share_on_mastodon":"0"},"categories":[9587],"tags":[1111,11,1777,674,1011,27,12,5161,25,9590,5163,7333],"class_list":["post-674756","post","type-post","status-publish","format-standard","has-post-thumbnail","category-rouen","tag-actu","tag-actualites","tag-eu","tag-europe","tag-fr","tag-france","tag-news","tag-normandie","tag-republique-francaise","tag-rouen","tag-seine-maritime","tag-vie-du-btp"],"share_on_mastodon":{"url":"https:\/\/pubeurope.com\/@fr\/115922759029529160","error":""},"_links":{"self":[{"href":"https:\/\/www.europesays.com\/fr\/wp-json\/wp\/v2\/posts\/674756","targetHints":{"allow":["GET"]}}],"collection":[{"href":"https:\/\/www.europesays.com\/fr\/wp-json\/wp\/v2\/posts"}],"about":[{"href":"https:\/\/www.europesays.com\/fr\/wp-json\/wp\/v2\/types\/post"}],"author":[{"embeddable":true,"href":"https:\/\/www.europesays.com\/fr\/wp-json\/wp\/v2\/users\/2"}],"replies":[{"embeddable":true,"href":"https:\/\/www.europesays.com\/fr\/wp-json\/wp\/v2\/comments?post=674756"}],"version-history":[{"count":0,"href":"https:\/\/www.europesays.com\/fr\/wp-json\/wp\/v2\/posts\/674756\/revisions"}],"wp:featuredmedia":[{"embeddable":true,"href":"https:\/\/www.europesays.com\/fr\/wp-json\/wp\/v2\/media\/667388"}],"wp:attachment":[{"href":"https:\/\/www.europesays.com\/fr\/wp-json\/wp\/v2\/media?parent=674756"}],"wp:term":[{"taxonomy":"category","embeddable":true,"href":"https:\/\/www.europesays.com\/fr\/wp-json\/wp\/v2\/categories?post=674756"},{"taxonomy":"post_tag","embeddable":true,"href":"https:\/\/www.europesays.com\/fr\/wp-json\/wp\/v2\/tags?post=674756"}],"curies":[{"name":"wp","href":"https:\/\/api.w.org\/{rel}","templated":true}]}}