{"id":674784,"date":"2026-01-19T16:55:12","date_gmt":"2026-01-19T16:55:12","guid":{"rendered":"https:\/\/www.europesays.com\/fr\/674784\/"},"modified":"2026-01-19T16:55:12","modified_gmt":"2026-01-19T16:55:12","slug":"metropole-de-lille-le-voleur-de-voiture-de-15-ans-stoppe-net-dans-sa-fuite-par-le-chien-policier","status":"publish","type":"post","link":"https:\/\/www.europesays.com\/fr\/674784\/","title":{"rendered":"M\u00e9tropole de Lille. Le voleur de voiture de 15 ans stopp\u00e9 net dans sa fuite par le chien policier"},"content":{"rendered":"<p>                    Par<br \/>\n        <strong><br \/>\n            <a href=\"https:\/\/actu.fr\/auteur\/margot-nicodeme\" title=\"Consulter tous les articles de Margot Nicod\u00e8me\" target=\"_blank\" rel=\"noopener\">Margot Nicod\u00e8me<\/a><br \/>\n                    <\/strong><\/p>\n<p>        Publi\u00e9 le<\/p>\n<p>            19 janv. 2026 \u00e0 17h22        <\/p>\n<p>Le <b><a href=\"https:\/\/actu.fr\/hauts-de-france\/roubaix_59512\/roubaix-le-flair-du-chien-policier-mene-a-un-logement-grosse-saisie-de-drogues-dont-28-kg-dheroine_62250612.html\" target=\"_blank\" rel=\"noopener\">chien policier<\/a> <\/b>a parfaitement accompli la mission \u00e0 laquelle il est form\u00e9, <b>en arr\u00eatant la fuite d\u2019un voleur <\/b>dans la m\u00e9tropole de <a href=\"https:\/\/actu.fr\/hauts-de-france\/lille_59350\" target=\"_blank\" rel=\"noopener\">Lille<\/a> (Nord). C\u2019\u00e9tait le samedi 17 janvier 2026, en d\u00e9but de soir\u00e9e : l\u2019individu et ses complices ont p\u00e9n\u00e9tr\u00e9 sur<b> le parking d\u2019un garage professionnel<\/b>, \u00e0 <a href=\"https:\/\/actu.fr\/hauts-de-france\/perenchies_59457\" target=\"_blank\" rel=\"noopener\">P\u00e9renchies<\/a>. C\u2019est le propri\u00e9taire des lieux, situ\u00e9s avenue du Parc de l\u2019Horloge, qui a pr\u00e9venu les autorit\u00e9s.<\/p>\n<p>Il tente de voler un utilitaire sur le parking d\u2019un garage et fuit, le chien policier l\u2019immobilise<\/p>\n<p class=\" wall-content\"><b>L\u2019homme a compos\u00e9 le 17, vers 21h<\/b>, pour rapporter la pr\u00e9sence de trois individus sur le parking de la Carrosserie du Nord. Les intrus s\u2019affairaient sur les porti\u00e8res d\u2019un <b>utilitaire Renaut Master<\/b> stationn\u00e9, apr\u00e8s \u00eatre entr\u00e9s par le grillage qu\u2019ils ont d\u00e9grad\u00e9.\u00a0<\/p>\n<p class=\" wall-content\">\u00c0 la vue des policiers, ils prennent la fuite. Un seul, le dernier \u00e0 \u00eatre ressorti par le trou du grillage, est intercept\u00e9. En effet, un fonctionnaire a d\u00e9ploy\u00e9 son chien, qui a entrav\u00e9 sa fuite. \u00c2g\u00e9 de seulement 15 ans, le voleur a \u00e9t\u00e9 interpell\u00e9 et plac\u00e9 en garde \u00e0 vue.<\/p>\n<p class=\" wall-content\">Ses complices n\u2019ont pas \u00e9t\u00e9 retrouv\u00e9s.<\/p>\n<p class=\" wall-content\">Personnalisez votre actualit\u00e9 en ajoutant vos villes et m\u00e9dias en favori avec <a href=\"https:\/\/moncompte.actu.fr\" title=\"D\u00e9couvez Mon Actu\" rel=\"nofollow noopener\" data-trk=\"{&quot;cta&quot;:{&quot;action&quot;:&quot;https:\\\/\\\/moncompte.actu.fr&quot;,&quot;category&quot;:&quot;mon compte&quot;,&quot;from&quot;:&quot;article footer&quot;,&quot;name&quot;:&quot;Mon actu&quot;,&quot;type&quot;:&quot;cta&quot;}}\" target=\"_blank\">Mon Actu<\/a>.<\/p>\n","protected":false},"excerpt":{"rendered":"Par Margot Nicod\u00e8me Publi\u00e9 le 19 janv. 2026 \u00e0 17h22 Le chien policier a parfaitement accompli la mission&hellip;\n","protected":false},"author":2,"featured_media":674785,"comment_status":"","ping_status":"","sticky":false,"template":"","format":"standard","meta":{"footnotes":""},"categories":[2815],"tags":[1111,11,4850,1777,674,118,1011,27,811,1307,12,1072,25],"class_list":{"0":"post-674784","1":"post","2":"type-post","3":"status-publish","4":"format-standard","5":"has-post-thumbnail","7":"category-lille","8":"tag-actu","9":"tag-actualites","10":"tag-chien","11":"tag-eu","12":"tag-europe","13":"tag-faits-divers","14":"tag-fr","15":"tag-france","16":"tag-hauts-de-france","17":"tag-lille","18":"tag-news","19":"tag-police","20":"tag-republique-francaise"},"share_on_mastodon":{"url":"https:\/\/pubeurope.com\/@fr\/115922817789947837","error":""},"_links":{"self":[{"href":"https:\/\/www.europesays.com\/fr\/wp-json\/wp\/v2\/posts\/674784","targetHints":{"allow":["GET"]}}],"collection":[{"href":"https:\/\/www.europesays.com\/fr\/wp-json\/wp\/v2\/posts"}],"about":[{"href":"https:\/\/www.europesays.com\/fr\/wp-json\/wp\/v2\/types\/post"}],"author":[{"embeddable":true,"href":"https:\/\/www.europesays.com\/fr\/wp-json\/wp\/v2\/users\/2"}],"replies":[{"embeddable":true,"href":"https:\/\/www.europesays.com\/fr\/wp-json\/wp\/v2\/comments?post=674784"}],"version-history":[{"count":0,"href":"https:\/\/www.europesays.com\/fr\/wp-json\/wp\/v2\/posts\/674784\/revisions"}],"wp:featuredmedia":[{"embeddable":true,"href":"https:\/\/www.europesays.com\/fr\/wp-json\/wp\/v2\/media\/674785"}],"wp:attachment":[{"href":"https:\/\/www.europesays.com\/fr\/wp-json\/wp\/v2\/media?parent=674784"}],"wp:term":[{"taxonomy":"category","embeddable":true,"href":"https:\/\/www.europesays.com\/fr\/wp-json\/wp\/v2\/categories?post=674784"},{"taxonomy":"post_tag","embeddable":true,"href":"https:\/\/www.europesays.com\/fr\/wp-json\/wp\/v2\/tags?post=674784"}],"curies":[{"name":"wp","href":"https:\/\/api.w.org\/{rel}","templated":true}]}}