{"id":674790,"date":"2026-01-19T16:58:13","date_gmt":"2026-01-19T16:58:13","guid":{"rendered":"https:\/\/www.europesays.com\/fr\/674790\/"},"modified":"2026-01-19T16:58:13","modified_gmt":"2026-01-19T16:58:13","slug":"narcotrafic-site-dorange-ferme-a-marseille-le-groupe-propose-de-relocaliser-300-salaries-du-tertiaire-liberation-avec-afp-dans-les-medias-presse","status":"publish","type":"post","link":"https:\/\/www.europesays.com\/fr\/674790\/","title":{"rendered":"Narcotrafic Site d\u2019Orange ferm\u00e9 \u00e0 Marseille : le groupe propose de relocaliser 300 salari\u00e9s du tertiaire &#8211; Lib\u00e9ration avec AFP | Dans les m\u00e9dias | Presse"},"content":{"rendered":"<p class=\"uk-margin-small-top uk-margin-remove-bottom uk-article-meta\">\n                R\u00e9dig\u00e9 par St\u00e9phanie CRESPIN le 19 janvier 2026.                Publi\u00e9 dans <a href=\"https:\/\/www.cfecgc-orange.org\/revue-de-presse\/\" target=\"_blank\" rel=\"noopener\">Dans les m\u00e9dias<\/a>.            <\/p>\n<p>\t\t\t\t        \t\t\t\t            <img loading=\"lazy\" decoding=\"async\" src=\"https:\/\/www.europesays.com\/fr\/wp-content\/uploads\/2026\/01\/metro_national.jpg\" alt=\"metro national\" width=\"695\" height=\"463\"\/><br \/>\nFerm\u00e9 par le groupe de t\u00e9l\u00e9communications depuis la d\u00e9couverte d\u2019impact de balles sur sa fa\u00e7ade, le local ne devrait plus accueillir que les techniciens qui travaillent au sous-sol, avec \u00abdispositif de s\u00e9curit\u00e9 adapt\u00e9\u00bb, a annonc\u00e9 ce lundi 19\u00a0janvier le groupe.<\/p>\n<p>Joint par l\u2019AFP, S\u00e9bastien Crozier, d\u00e9l\u00e9gu\u00e9 CFE-CGC a pr\u00e9cis\u00e9 que \u00ab\u00a0la plupart\u00a0\u00bb des technicisn oblig\u00e9s de se rendre sur le site \u00ab\u00a0viennent en voiture et travaillent en sous-sol\u00a0\u00bb ce qui \u00ab\u00a0minimise les risques\u00a0\u00bb<br \/>[&#8230;]<\/p>\n<p><strong>Lire l&rsquo;article complet dans <a href=\"https:\/\/www.liberation.fr\/societe\/police-justice\/site-dorange-ferme-a-marseille-le-groupe-propose-de-relocaliser-300-salaries-du-tertiaire-20260119_A3PGGZXDRRA2HCW4HFKIHPELEM\/\" target=\"_blank\" rel=\"noopener\">Liberation<\/a> avec AFP (abonn\u00e9) &#8211; 19\/01\/2026<\/strong><\/p>\n<p>\t\t\t\t\t\t\t\t\t\t\t\t<a href=\"https:\/\/www.cfecgc-orange.org\/tag\/key-cit-conditions.html\" class=\"my-tag\" property=\"keywords\" target=\"_blank\" rel=\"noopener\">Conditions de Travail et Sant\u00e9<\/a><br \/>\n\t\t\t\t\t\t\t\t\t\t\t\t\t\t<a href=\"https:\/\/www.cfecgc-orange.org\/tag\/key-do-gse.html\" class=\"my-tag\" property=\"keywords\" target=\"_blank\" rel=\"noopener\">DO Grand Sud-Est<\/a>\n\t\t\t<\/p>\n","protected":false},"excerpt":{"rendered":"R\u00e9dig\u00e9 par St\u00e9phanie CRESPIN le 19 janvier 2026. Publi\u00e9 dans Dans les m\u00e9dias. Ferm\u00e9 par le groupe de&hellip;\n","protected":false},"author":2,"featured_media":674791,"comment_status":"","ping_status":"","sticky":false,"template":"","format":"standard","meta":{"footnotes":""},"categories":[2814],"tags":[1111,11,33781,68592,32577,68593,68594,68597,32581,1777,674,6248,1011,27,964,68595,68596,884,12,68598,738,882,25,68599,34263,68590,68591,11564],"class_list":{"0":"post-674790","1":"post","2":"type-post","3":"status-publish","4":"format-standard","5":"has-post-thumbnail","7":"category-marseille","8":"tag-actu","9":"tag-actualites","10":"tag-cadre","11":"tag-cfe","12":"tag-cfe-cgc","13":"tag-cfecgc","14":"tag-cgc","15":"tag-droit-prive","16":"tag-encadrement","17":"tag-eu","18":"tag-europe","19":"tag-fonctionnaire","20":"tag-fr","21":"tag-france","22":"tag-france-telecom","23":"tag-ft","24":"tag-ft-sa","25":"tag-marseille","26":"tag-news","27":"tag-non-cadre","28":"tag-orange","29":"tag-provence-alpes-cote-dazur","30":"tag-republique-francaise","31":"tag-sebastien-crozier","32":"tag-section","33":"tag-sncgc","34":"tag-sncgc-ft","35":"tag-syndicat"},"share_on_mastodon":{"url":"https:\/\/pubeurope.com\/@fr\/115922829641243603","error":""},"_links":{"self":[{"href":"https:\/\/www.europesays.com\/fr\/wp-json\/wp\/v2\/posts\/674790","targetHints":{"allow":["GET"]}}],"collection":[{"href":"https:\/\/www.europesays.com\/fr\/wp-json\/wp\/v2\/posts"}],"about":[{"href":"https:\/\/www.europesays.com\/fr\/wp-json\/wp\/v2\/types\/post"}],"author":[{"embeddable":true,"href":"https:\/\/www.europesays.com\/fr\/wp-json\/wp\/v2\/users\/2"}],"replies":[{"embeddable":true,"href":"https:\/\/www.europesays.com\/fr\/wp-json\/wp\/v2\/comments?post=674790"}],"version-history":[{"count":0,"href":"https:\/\/www.europesays.com\/fr\/wp-json\/wp\/v2\/posts\/674790\/revisions"}],"wp:featuredmedia":[{"embeddable":true,"href":"https:\/\/www.europesays.com\/fr\/wp-json\/wp\/v2\/media\/674791"}],"wp:attachment":[{"href":"https:\/\/www.europesays.com\/fr\/wp-json\/wp\/v2\/media?parent=674790"}],"wp:term":[{"taxonomy":"category","embeddable":true,"href":"https:\/\/www.europesays.com\/fr\/wp-json\/wp\/v2\/categories?post=674790"},{"taxonomy":"post_tag","embeddable":true,"href":"https:\/\/www.europesays.com\/fr\/wp-json\/wp\/v2\/tags?post=674790"}],"curies":[{"name":"wp","href":"https:\/\/api.w.org\/{rel}","templated":true}]}}