{"id":674816,"date":"2026-01-19T17:12:11","date_gmt":"2026-01-19T17:12:11","guid":{"rendered":"https:\/\/www.europesays.com\/fr\/674816\/"},"modified":"2026-01-19T17:12:11","modified_gmt":"2026-01-19T17:12:11","slug":"leurope-cloture-dans-le-rouge-menacee-par-trump-et-ses-droits-de-douane-eutelsat-senvole-de-plus-de-14-lessentiel-de-lactu-bourse-du-19-janvier","status":"publish","type":"post","link":"https:\/\/www.europesays.com\/fr\/674816\/","title":{"rendered":"L\u2019Europe cl\u00f4ture dans le rouge, menac\u00e9e par Trump et ses droits de douane, Eutelsat s\u2019envole de plus de 14%&#8230; L\u2019essentiel de l\u2019actu bourse du 19 janvier"},"content":{"rendered":"<p>    Eutelsat s\u2019envole de plus de 14% au SBF 120 ce lundi.<br \/>\n                rottenman &#8211; stock.adobe.com<\/p>\n<p>\n    Le CAC 40 cl\u00f4ture en forte baisse de 1,78% \u00e0 8.112,02 points, perturb\u00e9 par les menaces am\u00e9ricaines de nouveaux droits de douane contre plusieurs pays d\u2019Europe oppos\u00e9s \u00e0 l\u2019annexion du Groenland.<\/p>\n<p class=\"fig-paragraph\"><strong>Les Bourses europ\u00e9ennes<\/strong> \u00e9voluent dans le rouge lundi, p\u00e9nalis\u00e9es par la menace de nouveaux\u00a0<a href=\"https:\/\/video.lefigaro.fr\/figaro\/international\/de-nouvelles-menaces-de-droits-de-douane-affaibliraient-les-relations-transatlantiques-avertit-le-chancelier-allemand-20260119\" data-fig-type=\"Video\" data-gtm-custom-categorie=\"navigation\" data-gtm-custom-action=\"crossclick\" data-gtm-custom-label=\"Contextuel\" data-gtm-event=\"customEventSPE\" data-fig-domain=\"LEFIGARO\" target=\"_blank\" rel=\"noopener\">droits de douane<\/a>\u00a0annonc\u00e9s par Donald Trump contre plusieurs pays du Vieux Continent oppos\u00e9s \u00e0 son projet d\u2019annexion du Groenland. Les \u00e9conomistes de Deutsche Bank jugent que ces mesures \u00ab auraient des cons\u00e9quences n\u00e9fastes tant sur le plan \u00e9conomique que g\u00e9opolitique\u00a0\u00bb, alors m\u00eame que \u00ab l\u2019Europe a besoin des \u00c9tats\u2011Unis pour soutenir l\u2019Ukraine\u00a0\u00bb.\u00a0<\/p>\n<p class=\"fig-paragraph\">\u00abLe risque est de retour\u00bb alerte Christopher Dembik, conseiller en strat\u00e9gie d\u2019investissement chez Pictet AM. Le souvenir de la chute de d\u00e9but avril 2025 reste vif\u00a0: les Bourses europ\u00e9ennes et am\u00e9ricaines avaient c\u00e9d\u00e9 entre 4% et 6% apr\u00e8s l\u2019annonce de Donald Trump d\u2019une salve de droits de douane r\u00e9ciproques visant ses partenaires commerciaux.<\/p>\n<p>                                                                <a class=\"fig-a11y-skip\" href=\"#fig-a11y-skip-main-inarticle\" data-module=\"a11y-skip\" data-context=\"was @visible\"><br \/>\n    Passer la publicit\u00e9<br \/>\n<\/a>            <\/p>\n<p class=\"fig-paragraph\">En raison du Marthin Luther King Day aux \u00c9tats-Unis et de la fermeture de Wall Street en ce jour f\u00e9ri\u00e9, les volumes sont faibles, ce qui induit une volatilit\u00e9 importante.<\/p>\n<p>                                                                STMicroelectronics et le luxe chutent \u00e0 Paris<\/p>\n<p class=\"fig-paragraph\"><a href=\"https:\/\/data-bourse.lefigaro.fr\/actions\/STMICROELECTRONICS\/STMPA-FR\" target=\"_blank\" rel=\"sponsored noopener\" data-gtm-custom-categorie=\"navigation\" data-gtm-custom-action=\"crossclick\" data-gtm-custom-label=\"Contextuel\" data-gtm-event=\"customEventSPE\"><strong>STMicroelectronics\u00a0<\/strong><\/a> signe la plus forte baisse du CAC 40 avec une chute de 4,81% \u00e0 23,14 euros, suivi des valeurs phares du luxe\u00a0<a href=\"https:\/\/data-bourse.lefigaro.fr\/actions\/LVMH\/MC-FR\" target=\"_blank\" rel=\"sponsored noopener\" data-gtm-custom-categorie=\"navigation\" data-gtm-custom-action=\"crossclick\" data-gtm-custom-label=\"Contextuel\" data-gtm-event=\"customEventSPE\"><strong>LVMH\u00a0<\/strong><\/a> et\u00a0<a href=\"https:\/\/data-bourse.lefigaro.fr\/actions\/KERING\/KER-FR\" target=\"_blank\" rel=\"sponsored noopener\" data-gtm-custom-categorie=\"navigation\" data-gtm-custom-action=\"crossclick\" data-gtm-custom-label=\"Contextuel\" data-gtm-event=\"customEventSPE\"><strong>Kering<\/strong><\/a> . Les titres perdent respectivement 4,33% et 4,10%, affect\u00e9s par les menaces du pr\u00e9sident am\u00e9ricain, leur secteur faisant partie des plus expos\u00e9s aux exportations vers les \u00c9tats-Unis.<\/p>\n<p class=\"fig-paragraph\">\u00c0 l\u2019inverse, l\u2019incertitude g\u00e9opolitique li\u00e9e au Groenland fait progresser les valeurs de la d\u00e9fense. \u00c0 Paris,\u00a0<a href=\"https:\/\/data-bourse.lefigaro.fr\/actions\/THALES\/HO-FR\" target=\"_blank\" rel=\"sponsored noopener\" data-gtm-custom-categorie=\"navigation\" data-gtm-custom-action=\"crossclick\" data-gtm-custom-label=\"Contextuel\" data-gtm-event=\"customEventSPE\"><strong>Thal\u00e8s\u00a0<\/strong><\/a> grimpe de 1% et\u00a0<a href=\"https:\/\/data-bourse.lefigaro.fr\/actions\/DASSAULT-AVIATION\/AM-FR\" target=\"_blank\" rel=\"sponsored noopener\" data-gtm-custom-categorie=\"navigation\" data-gtm-custom-action=\"crossclick\" data-gtm-custom-label=\"Contextuel\" data-gtm-event=\"customEventSPE\"><strong>Dassault Aviation<\/strong><\/a> * progresse de 3,98%, tandis que Bayer cl\u00f4ture en t\u00eate \u00e0 Francfort avec une hausse de 7,17%, suivi de Rheinmetall \u00e0 +1,21%.<\/p>\n<p class=\"fig-paragraph\"><a href=\"https:\/\/data-bourse.lefigaro.fr\/actions\/EUTELSAT-COMMUNIC.\/ETL-FR\" target=\"_blank\" rel=\"sponsored noopener\" data-gtm-custom-categorie=\"navigation\" data-gtm-custom-action=\"crossclick\" data-gtm-custom-label=\"Contextuel\" data-gtm-event=\"customEventSPE\"><strong>Eutelsat\u00a0<\/strong><\/a> s\u2019envole de plus de 14% \u00e0 2,55 euros et signe la meilleure performance du SBF 120. Vendredi dernier, le sp\u00e9cialiste des satellites a conclu un accord strat\u00e9gique avec la start-up fran\u00e7aise MaiaSpace, filiale d\u2019ArianeGroup, pour assurer plusieurs lancements de ses futurs satellites en orbite basse \u00e0 partir de 2027, offrant \u00e0 l\u2019Europe une alternative suppl\u00e9mentaire \u00e0 Space X pour les constellations LEO.<\/p>\n<p class=\"fig-paragraph\"><strong>L\u2019or <\/strong>a de nouveau atteint un record \u00e0 4.690,79 dollars l\u2019once, tandis que le cours de l\u2019argent a d\u00e9pass\u00e9 pour la premi\u00e8re fois les 94 dollars.<\/p>\n<p>                                                                <strong>Du c\u00f4t\u00e9 des indices en France et dans le monde<\/strong><\/p>\n<tr>\n<td><strong>CAC 40<\/strong><\/td>\n<td>&#8211; 1,78 %<\/td>\n<td>8 112,02\u00a0points<\/td>\n<\/tr>\n<tr>\n<td><strong>SBF 120<\/strong><\/td>\n<td>&#8211; 1,68 %<\/td>\n<td>6 141,08\u00a0points<\/td>\n<\/tr>\n<tr>\n<td><strong>DAX<\/strong><\/td>\n<td>&#8211; 1,22 %<\/td>\n<td>24 966,74\u00a0points<\/td>\n<\/tr>\n<tr>\n<td><strong>FTSE 100<\/strong><\/td>\n<td>&#8211; 0,44 %<\/td>\n<td>10 190,21\u00a0points<\/td>\n<\/tr>\n<tr>\n<td><strong>Nikkei<\/strong><\/td>\n<td>&#8211; 0,65 %<\/td>\n<td>53 583,57\u00a0points<\/td>\n<\/tr>\n<tr>\n<td><strong>Dow Jones*<\/strong><\/td>\n<td>Ferm\u00e9e ce jour<\/td>\n<td>\u00a0<\/td>\n<\/tr>\n<tr>\n<td><strong>Nasdaq*<\/strong><\/td>\n<td>Ferm\u00e9e ce jour<\/td>\n<td>\u00a0<\/td>\n<\/tr>\n<tr>\n<td colspan=\"3\">*indice arr\u00eat\u00e9 \u00e0 la cl\u00f4ture des bourses europ\u00e9ennes<\/td>\n<\/tr>\n<p>                                                                <a class=\"fig-a11y-skip\" href=\"#fig-a11y-skip-main-inarticle_mtf\" data-module=\"a11y-skip\" data-context=\"was @visible\"><br \/>\n    Passer la publicit\u00e9<br \/>\n<\/a>            <\/p>\n<p class=\"fig-paragraph\">*Le groupe Dassault est propri\u00e9taire du Figaro.<\/p>\n","protected":false},"excerpt":{"rendered":"Eutelsat s\u2019envole de plus de 14% au SBF 120 ce lundi. rottenman &#8211; stock.adobe.com Le CAC 40 cl\u00f4ture&hellip;\n","protected":false},"author":2,"featured_media":674817,"comment_status":"","ping_status":"","sticky":false,"template":"","format":"standard","meta":{"footnotes":""},"categories":[1586],"tags":[11,343,1777,674,1011,27,146,12,25],"class_list":{"0":"post-674816","1":"post","2":"type-post","3":"status-publish","4":"format-standard","5":"has-post-thumbnail","7":"category-europe","8":"tag-actualites","9":"tag-cac-40","10":"tag-eu","11":"tag-europe","12":"tag-fr","13":"tag-france","14":"tag-groenland","15":"tag-news","16":"tag-republique-francaise"},"share_on_mastodon":{"url":"https:\/\/pubeurope.com\/@fr\/115922884899724080","error":""},"_links":{"self":[{"href":"https:\/\/www.europesays.com\/fr\/wp-json\/wp\/v2\/posts\/674816","targetHints":{"allow":["GET"]}}],"collection":[{"href":"https:\/\/www.europesays.com\/fr\/wp-json\/wp\/v2\/posts"}],"about":[{"href":"https:\/\/www.europesays.com\/fr\/wp-json\/wp\/v2\/types\/post"}],"author":[{"embeddable":true,"href":"https:\/\/www.europesays.com\/fr\/wp-json\/wp\/v2\/users\/2"}],"replies":[{"embeddable":true,"href":"https:\/\/www.europesays.com\/fr\/wp-json\/wp\/v2\/comments?post=674816"}],"version-history":[{"count":0,"href":"https:\/\/www.europesays.com\/fr\/wp-json\/wp\/v2\/posts\/674816\/revisions"}],"wp:featuredmedia":[{"embeddable":true,"href":"https:\/\/www.europesays.com\/fr\/wp-json\/wp\/v2\/media\/674817"}],"wp:attachment":[{"href":"https:\/\/www.europesays.com\/fr\/wp-json\/wp\/v2\/media?parent=674816"}],"wp:term":[{"taxonomy":"category","embeddable":true,"href":"https:\/\/www.europesays.com\/fr\/wp-json\/wp\/v2\/categories?post=674816"},{"taxonomy":"post_tag","embeddable":true,"href":"https:\/\/www.europesays.com\/fr\/wp-json\/wp\/v2\/tags?post=674816"}],"curies":[{"name":"wp","href":"https:\/\/api.w.org\/{rel}","templated":true}]}}