{"id":674923,"date":"2026-01-19T18:13:10","date_gmt":"2026-01-19T18:13:10","guid":{"rendered":"https:\/\/www.europesays.com\/fr\/674923\/"},"modified":"2026-01-19T18:13:10","modified_gmt":"2026-01-19T18:13:10","slug":"paris-ce-nest-pas-exceptionnel-pourquoi-le-plancher-dun-immeuble-sest-effondre-dans-le-11e","status":"publish","type":"post","link":"https:\/\/www.europesays.com\/fr\/674923\/","title":{"rendered":"Paris : \u00ab Ce n\u2019est pas exceptionnel \u00bb\u2026 Pourquoi le plancher d\u2019un immeuble s\u2019est effondr\u00e9 dans le 11e ?"},"content":{"rendered":"<p class=\"mb-4 text-lg md:leading-8 break-words\"><strong>enquete &#8211; \u00ab 20 Minutes \u00bb a interrog\u00e9 une experte judiciaire pour tenter de comprendre comment le plancher d\u2019un appartement parisien a pu s\u2019effondrer dans la nuit de samedi \u00e0 dimanche<\/strong><\/p>\n<p class=\"mb-4 text-lg md:leading-8 break-words\">Une soixantaine de convives \u00e9taient rassembl\u00e9es pour f\u00eater un anniversaire. Et soudain, le plancher s\u2019est effondr\u00e9 sur l\u2019\u00e9tage d\u2019en dessous. <a href=\"https:\/\/www.20minutes.fr\/paris\/4196612-20260118-paris-appartement-effondre-autre-faisant-blesse-grave?at_medium=RSS%20feed&amp;at_campaign=ynews&amp;utm_source=yahoo&amp;utm_medium=rss&amp;utm_campaign=news_feed&amp;utm_content=in_article_link\" rel=\"nofollow noopener\" target=\"_blank\" data-ylk=\"slk:Quinze personnes ont \u00e9t\u00e9 bless\u00e9es, dont une gri\u00e8vement;elm:context_link;itc:0;sec:content-canvas\" class=\"link \">Quinze personnes ont \u00e9t\u00e9 bless\u00e9es, dont une gri\u00e8vement<\/a>, dans la nuit de samedi \u00e0 dimanche rue Amelot, dans le 11e arrondissement de la capitale. Le parquet de <a href=\"https:\/\/www.20minutes.fr\/paris\/?at_medium=RSS%20feed&amp;at_campaign=ynews&amp;utm_source=yahoo&amp;utm_medium=rss&amp;utm_campaign=news_feed&amp;utm_content=in_article_link\" rel=\"nofollow noopener\" target=\"_blank\" data-ylk=\"slk:Paris;elm:context_link;itc:0;sec:content-canvas\" class=\"link \">Paris<\/a> a ouvert une enqu\u00eate \u00ab en recherches des causes des blessures \u00bb, confi\u00e9e au commissariat local. Le but est \u00ab d\u2019avoir un cadre judiciaire qui permette de recueillir les \u00e9l\u00e9ments d\u2019explication \u00bb et \u00ab de pouvoir changer de cadre pour basculer en enqu\u00eate si des indices de commission d\u2019une infraction apparaissaient \u00bb, pr\u00e9cise-t-il \u00e0 20 Minutes.<\/p>\n<p class=\"mb-4 text-lg md:leading-8 break-words\">Antoine Cardon, architecte de s\u00e9curit\u00e9 de la pr\u00e9fecture de police de Paris, a constat\u00e9 \u00ab qu\u2019un plancher avait \u00e9t\u00e9 fragilis\u00e9 par suite d\u2019une infiltration depuis un balcon \u00bb, a-t-il d\u00e9clar\u00e9 \u00e0 <a href=\"https:\/\/www.franceinfo.fr\/replay-jt\/france-2\/13-heures\/comment-le-plancher-d-un-appartement-parisien-a-t-il-pu-s-effondrer_7749508.html?at_medium=RSS%20feed&amp;at_campaign=ynews&amp;utm_source=yahoo&amp;utm_medium=rss&amp;utm_campaign=news_feed&amp;utm_content=in_article_link\" rel=\"nofollow noopener\" target=\"_blank\" data-ylk=\"slk:Franceinfo;elm:context_link;itc:0;sec:content-canvas\" class=\"link \">Franceinfo<\/a>. Une hypoth\u00e8se sur laquelle se pencheront les experts judiciaires qui seront saisis pour tenter de comprendre comment le plancher a pu c\u00e9der sous le poids des occupants des lieux. \u00ab On ne conna\u00eet pas les causes du sinistre \u00e0 l\u2019avance et on n\u2019\u00e9carte aucune piste. On doit fermer une \u00e0 une les portes qui ne m\u00e8nent \u00e0 rien, comme le feraient des policiers qui enqu\u00eatent sur un crime \u00bb, explique \u00e0 20 Minutes H\u00e9l\u00e8ne Abel, ing\u00e9nieure g\u00e9n\u00e9rale des ponts et chauss\u00e9es et experte judiciaire pr\u00e8s la Cour d\u2019Appel de Versailles.<\/p>\n<p>Collecter \u00ab les preuves qui risqueraient de dispara\u00eetre \u00bb<\/p>\n<p class=\"mb-4 text-lg md:leading-8 break-words\">\u00ab Qu\u2019un plancher s\u2019effondre, ce n\u2019est pas exceptionnel dans les immeubles (&#8230;)<\/p>\n<p class=\"mb-4 text-lg md:leading-8 break-words\"><a href=\"https:\/\/www.20minutes.fr\/faits_divers\/4196938-20260119-paris-exceptionnel-pourquoi-plancher-immeuble-effondre?at_medium=RSS%20feed&amp;at_campaign=ynews&amp;utm_source=yahoo&amp;utm_medium=rss&amp;utm_campaign=news_feed&amp;utm_content=read_more_link&quot;\" rel=\"nofollow noopener\" target=\"_blank\" data-ylk=\"slk:Lire la suite sur 20minutes;elm:context_link;itc:0;sec:content-canvas\" class=\"link \">Lire la suite sur 20minutes<\/a><\/p>\n<p>\u00c0 lire aussi :<br \/><a href=\"https:\/\/www.20minutes.fr\/paris\/4196612-20260118-paris-appartement-effondre-autre-faisant-blesse-grave?at_medium=RSS%20feed&amp;at_campaign=ynews&amp;utm_source=yahoo&amp;utm_medium=rss&amp;utm_campaign=news_feed&amp;utm_content=related_content_link\" rel=\"nofollow noopener\" target=\"_blank\" data-ylk=\"slk:Paris : Un appartement s\u2019effondre sur un autre, une quinzaine de bless\u00e9s dont un grave;elm:context_link;itc:0;sec:content-canvas\" class=\"link \">Paris : Un appartement s\u2019effondre sur un autre, une quinzaine de bless\u00e9s dont un grave<\/a><br \/><a href=\"https:\/\/www.20minutes.fr\/societe\/4013990-20221208-rennes-quand-bricole-proprietaires-rend-dangereux-vieux-immeubles?at_medium=RSS%20feed&amp;at_campaign=ynews&amp;utm_source=yahoo&amp;utm_medium=rss&amp;utm_campaign=news_feed&amp;utm_content=related_content_link\" rel=\"nofollow noopener\" target=\"_blank\" data-ylk=\"slk:Rennes : Quand la bricole des propri\u00e9taires rend dangereux les vieux immeubles;elm:context_link;itc:0;sec:content-canvas\" class=\"link \">Rennes : Quand la bricole des propri\u00e9taires rend dangereux les vieux immeubles<\/a><\/p>\n","protected":false},"excerpt":{"rendered":"enquete &#8211; \u00ab 20 Minutes \u00bb a interrog\u00e9 une experte judiciaire pour tenter de comprendre comment le plancher&hellip;\n","protected":false},"author":2,"featured_media":674924,"comment_status":"","ping_status":"","sticky":false,"template":"","format":"standard","meta":{"footnotes":""},"categories":[1888],"tags":[642,1111,1928,11,1927,77397,1777,674,1011,27,12,1926,626,1925,25],"class_list":{"0":"post-674923","1":"post","2":"type-post","3":"status-publish","4":"format-standard","5":"has-post-thumbnail","7":"category-paris","8":"tag-20-minutes","9":"tag-actu","10":"tag-actu-paris","11":"tag-actualites","12":"tag-actualites-paris","13":"tag-antoine-cardon","14":"tag-eu","15":"tag-europe","16":"tag-fr","17":"tag-france","18":"tag-news","19":"tag-news-paris","20":"tag-paris","21":"tag-paris-news","22":"tag-republique-francaise"},"share_on_mastodon":{"url":"https:\/\/pubeurope.com\/@fr\/115923124469536022","error":""},"_links":{"self":[{"href":"https:\/\/www.europesays.com\/fr\/wp-json\/wp\/v2\/posts\/674923","targetHints":{"allow":["GET"]}}],"collection":[{"href":"https:\/\/www.europesays.com\/fr\/wp-json\/wp\/v2\/posts"}],"about":[{"href":"https:\/\/www.europesays.com\/fr\/wp-json\/wp\/v2\/types\/post"}],"author":[{"embeddable":true,"href":"https:\/\/www.europesays.com\/fr\/wp-json\/wp\/v2\/users\/2"}],"replies":[{"embeddable":true,"href":"https:\/\/www.europesays.com\/fr\/wp-json\/wp\/v2\/comments?post=674923"}],"version-history":[{"count":0,"href":"https:\/\/www.europesays.com\/fr\/wp-json\/wp\/v2\/posts\/674923\/revisions"}],"wp:featuredmedia":[{"embeddable":true,"href":"https:\/\/www.europesays.com\/fr\/wp-json\/wp\/v2\/media\/674924"}],"wp:attachment":[{"href":"https:\/\/www.europesays.com\/fr\/wp-json\/wp\/v2\/media?parent=674923"}],"wp:term":[{"taxonomy":"category","embeddable":true,"href":"https:\/\/www.europesays.com\/fr\/wp-json\/wp\/v2\/categories?post=674923"},{"taxonomy":"post_tag","embeddable":true,"href":"https:\/\/www.europesays.com\/fr\/wp-json\/wp\/v2\/tags?post=674923"}],"curies":[{"name":"wp","href":"https:\/\/api.w.org\/{rel}","templated":true}]}}