{"id":67493,"date":"2025-05-01T18:26:11","date_gmt":"2025-05-01T18:26:11","guid":{"rendered":"https:\/\/www.europesays.com\/fr\/67493\/"},"modified":"2025-05-01T18:26:11","modified_gmt":"2025-05-01T18:26:11","slug":"apprends-a-parler-francais-thierry-ardisson-pousse-laurent-baffie-sous-le-bus-en-plein-direct","status":"publish","type":"post","link":"https:\/\/www.europesays.com\/fr\/67493\/","title":{"rendered":"\u00ab Apprends \u00e0 parler fran\u00e7ais \u00bb : Thierry Ardisson pousse Laurent Baffie sous le bus en plein direct"},"content":{"rendered":"<p>Pour ses 40 ans de carri\u00e8re, <a href=\"https:\/\/www.closermag.fr\/people\/thierry-ardisson-millionnaire-ce-jackpot-a-sept-chiffres-qui-pourrait-peser-lourd-sur-cyril-hanouna-3488115\" target=\"_blank\" rel=\"noopener\"><br \/>\nThierry Ardisson<\/a> publie un nouveau livre, L\u2019homme en<br \/>\nnoir, dont il est venu faire la promotion sur France Inter.<br \/>\nFace \u00e0 l\u2019animateur, <a href=\"https:\/\/www.closermag.fr\/people\/lea-salame-en-pleines-vacances-scolaires-elle-apprend-une-heureuse-nouvelle-3537055\" target=\"_blank\" rel=\"noopener\"><br \/>\nL\u00e9a Salam\u00e9<\/a> est revenue sur le <strong>style d\u2019interview<br \/>\ncontrovers\u00e9<\/strong> de ce dernier, alors que plusieurs femmes<br \/>\nc\u00e9l\u00e8bres lui reprochent des m\u00e9thodes provocatrices et une tendance<br \/>\n\u00e0 la sexualisation des invit\u00e9es.\u00a0<\/p>\n<p>Thierry Ardisson, agac\u00e9, il se d\u00e9solidarise de Laurent<br \/>\nBaffie<\/p>\n<p>\u201cD\u2019abord, moi j\u2019ai rien \u00e0 voir avec MeToo, faut quand m\u00eame<br \/>\nle pr\u00e9ciser\u201d, lance Thierry Ardisson en pr\u00e9ambule. Puis<br \/>\nd\u2019ajouter, aux sujets des femmes qui le pointent du doigt :<br \/>\n\u201c<strong>Elles connaissaient l\u2019\u00e9mission<\/strong>, c\u2019\u00e9tait pas<br \/>\nun traquenard, tout le monde savait o\u00f9 il mettait les pieds. Et<br \/>\nelles revenaient !\u201d<\/p>\n<p>Pas de regret, donc, pour Thierry Ardisson. Un sentiment qu\u2019il<br \/>\nne partage pas avec son ancien acolyte <a href=\"https:\/\/www.closermag.fr\/people\/thierry-ardisson-cn-et-machiste-le-mea-culpa-de-laurent-baffie-lui-a-donne-les-abeilles-3537435\" target=\"_blank\" rel=\"noopener\"><br \/>\nLaurent Baffie<\/a>, qui a exprim\u00e9 quant \u00e0 lui des remords<br \/>\nconcernant cette \u00e9poque controvers\u00e9e. \u201cIl s\u2019excuse\u201d,<br \/>\npr\u00e9cise L\u00e9a Salam\u00e9 avant d\u2019ajouter : \u201cIl a dit : \u2018avec<br \/>\nArdisson, on \u00e9tait <strong>un peu con, un peu<br \/>\nmachiste<\/strong>\u201d.\u00a0<\/p>\n<p>\u201cIl n\u2019a pas \u00e0 s\u2019excuser\u201d : Thierry<br \/>\nArdisson r\u00e8gle ses comptes avec Laurent Baffie<\/p>\n<p>Des propos auxquels ne go\u00fbte que peu l\u2019homme en noir. \u201cC\u2019est<br \/>\nfou de dire \u00e7a !\u201d, lance-t-il, avant de se montrer pointilleux<br \/>\nsur la langue fran\u00e7aise. \u201cD\u2019abord <strong>il n&rsquo;a pas \u00e0<br \/>\ns\u2019excuser<\/strong>, il doit demander aux gens qui ont \u00e9t\u00e9 offens\u00e9s<br \/>\nde l\u2019excuser\u201d. Une remarque que Thierry Ardisson aurait d\u00e9j\u00e0<br \/>\nfaite en priv\u00e9 \u00e0 Laurent Baffie. \u201cJe l\u2019ai appel\u00e9 apr\u00e8s son<br \/>\npassage chez vous, je lui ai dit : \u2018Faut d\u00e9j\u00e0 que t&rsquo;apprennes \u00e0<br \/>\nparler fran\u00e7ais !\u201d\u00a0<\/p>\n<p>Sur les excuses de son ancien coll\u00e8gue, Thierry Ardisson ajoute<br \/>\n: \u201cMoi, j\u2019\u00e9tais ni con, ni macho (&#8230;) Lui, peut-\u00eatre !\u201d.<br \/>\nUne fa\u00e7on de dire que les propos de Laurent Baffie n\u2019engagent que<br \/>\nlui. Malgr\u00e9 cette mise au point, l\u2019animateur garde une affection<br \/>\ntoute particuli\u00e8re pour l\u2019humoriste, avec qui il a collabor\u00e9<br \/>\npendant plusieurs ann\u00e9es. \u201cJ\u2019aime Laurent, \u00e7a a \u00e9t\u00e9 <strong>une<br \/>\nrencontre formidable<\/strong>\u201d, assure-t-il.\u00a0<\/p>\n","protected":false},"excerpt":{"rendered":"Pour ses 40 ans de carri\u00e8re, Thierry Ardisson publie un nouveau livre, L\u2019homme en noir, dont il est&hellip;\n","protected":false},"author":2,"featured_media":67494,"comment_status":"","ping_status":"","sticky":false,"template":"","format":"standard","meta":{"footnotes":""},"categories":[1359],"tags":[548,58,59,1011,27,7547,973,10058],"class_list":{"0":"post-67493","1":"post","2":"type-post","3":"status-publish","4":"format-standard","5":"has-post-thumbnail","7":"category-people","8":"tag-article-simple","9":"tag-divertissement","10":"tag-entertainment","11":"tag-fr","12":"tag-france","13":"tag-laurent-baffie","14":"tag-people","15":"tag-thierry-ardisson"},"share_on_mastodon":{"url":"https:\/\/pubeurope.com\/@fr\/114433988010385319","error":""},"_links":{"self":[{"href":"https:\/\/www.europesays.com\/fr\/wp-json\/wp\/v2\/posts\/67493","targetHints":{"allow":["GET"]}}],"collection":[{"href":"https:\/\/www.europesays.com\/fr\/wp-json\/wp\/v2\/posts"}],"about":[{"href":"https:\/\/www.europesays.com\/fr\/wp-json\/wp\/v2\/types\/post"}],"author":[{"embeddable":true,"href":"https:\/\/www.europesays.com\/fr\/wp-json\/wp\/v2\/users\/2"}],"replies":[{"embeddable":true,"href":"https:\/\/www.europesays.com\/fr\/wp-json\/wp\/v2\/comments?post=67493"}],"version-history":[{"count":0,"href":"https:\/\/www.europesays.com\/fr\/wp-json\/wp\/v2\/posts\/67493\/revisions"}],"wp:featuredmedia":[{"embeddable":true,"href":"https:\/\/www.europesays.com\/fr\/wp-json\/wp\/v2\/media\/67494"}],"wp:attachment":[{"href":"https:\/\/www.europesays.com\/fr\/wp-json\/wp\/v2\/media?parent=67493"}],"wp:term":[{"taxonomy":"category","embeddable":true,"href":"https:\/\/www.europesays.com\/fr\/wp-json\/wp\/v2\/categories?post=67493"},{"taxonomy":"post_tag","embeddable":true,"href":"https:\/\/www.europesays.com\/fr\/wp-json\/wp\/v2\/tags?post=67493"}],"curies":[{"name":"wp","href":"https:\/\/api.w.org\/{rel}","templated":true}]}}