{"id":674932,"date":"2026-01-19T18:18:19","date_gmt":"2026-01-19T18:18:19","guid":{"rendered":"https:\/\/www.europesays.com\/fr\/674932\/"},"modified":"2026-01-19T18:18:19","modified_gmt":"2026-01-19T18:18:19","slug":"usa-le-pentagone-envisage-le-deploiement-des-militaires-dans-le-minnesota-medias-us","status":"publish","type":"post","link":"https:\/\/www.europesays.com\/fr\/674932\/","title":{"rendered":"USA : Le Pentagone envisage le d\u00e9ploiement des militaires dans le Minnesota (m\u00e9dias US)"},"content":{"rendered":"<p>Le Pentagone se pr\u00e9pare \u00e0 un \u00e9ventuel d\u00e9ploiement de soldats dans l\u2019\u00c9tat du Minnesota (Midwest), rapportent lundi plusieurs m\u00e9dias am\u00e9ricains, quelques jours apr\u00e8s que le pr\u00e9sident Donald Trump ait menac\u00e9 d\u2019invoquer une loi d\u2019exception afin d\u2019y envoyer l\u2019arm\u00e9e pour faire face aux mouvements d\u2019opposition \u00e0 la police de l\u2019immigration (ICE).<\/p>\n<p>\t\t\t\t\t<a class=\"post-thumbnail open-lightbox\" href=\"https:\/\/atlasinfo.fr\/wp-content\/uploads\/2026\/01\/TWITTER-ATLASINFO-6-3.png\" target=\"_blank\" rel=\"noopener\"><img decoding=\"async\" src=\"https:\/\/www.europesays.com\/fr\/wp-content\/uploads\/2026\/01\/TWITTER-ATLASINFO-6-3-750x430.png\" alt=\"\"\/>\t\t\t\t\t\t<\/a><\/p>\n<p>Selon la presse US, environ 1.500 soldats ont \u00e9t\u00e9 plac\u00e9s en alerte et ont re\u00e7u pour consigne de se tenir pr\u00eats \u00e0 un \u00e9ventuel d\u00e9ploiement. Ces forces pourraient \u00eatre envoy\u00e9es plus particuli\u00e8rement \u00e0 la ville de Minneapolis qui reste sous forte tension depuis le 7 janvier, date \u00e0 laquelle une Am\u00e9ricaine a \u00e9t\u00e9 tu\u00e9e par un agent de l\u2019ICE.<\/p>\n<p>Bas\u00e9es en Alaska, les unit\u00e9s que le Pentagone a plac\u00e9es en alerte sont form\u00e9es pour mener les op\u00e9rations par grand froid, pr\u00e9cisent les m\u00eames sources.<\/p>\n<p>Depuis quelques jours, malgr\u00e9 des temp\u00e9ratures glaciales, pouvant fr\u00f4ler les -20 ou -30\u00b0C, des rassemblements citoyens ont eu lieu pour d\u00e9noncer les m\u00e9thodes de ces agents et paralyser leurs op\u00e9rations d\u2019arrestations manu militari d\u2019immigr\u00e9s.<\/p>\n<p>Apr\u00e8s des heurts entre policiers et manifestants, le pr\u00e9sident Trump avait menac\u00e9 jeudi dernier d\u2019invoquer l&rsquo;\u00a0\u00bbInsurrection Act\u00a0\u00bb afin de d\u00e9ployer l\u2019arm\u00e9e, accusant les responsables locaux d\u00e9mocrates de ne pas \u00ab\u00a0emp\u00eacher les agitateurs professionnels et les insurg\u00e9s d\u2019attaquer\u00a0\u00bb les agents d\u2019ICE.<\/p>\n<p>Toutefois, le locataire de la Maison Blanche est revenu sur ses propos vendredi, affirmant qu\u2019il ne voyait \u00ab\u00a0pas de raison pour le moment\u00a0\u00bb de recourir \u00e0 cette loi.<\/p>\n<p><a itemprop=\"url\" class=\"turagvzm-link\" href=\"https:\/\/www.youtube.com\/watch?v=LB5b4t_CTSg\" target=\"_blank\" rel=\"noopener\"><img decoding=\"async\" class=\"turagvzm-image\" src=\"https:\/\/www.europesays.com\/fr\/wp-content\/uploads\/2026\/01\/AOM-AF-300x250-1.jpg\" alt=\"Airports-M-small\"\/><\/a> <\/p>\n<p>Face \u00e0 cette situation, le maire d\u00e9mocrate de Minneapolis, Jacob Frey, a d\u00e9nonc\u00e9 dimanche sur la chaine am\u00e9ricaine CBS un d\u00e9ploiement militaire qui viserait selon lui \u00e0 \u00ab\u00a0terroriser les gens simplement parce qu\u2019ils sont latino-am\u00e9ricains ou somaliens\u00a0\u00bb.<\/p>\n<p>Il a pr\u00e9cis\u00e9 que le gouvernement aurait d\u00e9j\u00e0 envoy\u00e9 \u00ab\u00a0environ 3.000 agents d\u2019ICE et de la police aux fronti\u00e8res\u00a0\u00bb, soit cinq fois les effectifs de la police municipale.<\/p>\n<p>Dans le m\u00eame temps, le gouverneur de l\u2019\u00c9tat, Tim Walz, a mobilis\u00e9 samedi les militaires de la Garde nationale du Minnesota, corps de r\u00e9serve, en pr\u00e9vision d\u2019un possible d\u00e9ploiement.<\/p>\n<p>Par ailleurs, la ministre am\u00e9ricaine de la S\u00e9curit\u00e9 int\u00e9rieure (DHS), Kristi Noem, a assur\u00e9 dimanche sur CBS que les op\u00e9rations de la police de l\u2019immigration se poursuivraient \u00ab\u00a0jusqu\u2019\u00e0 ce que nous soyons s\u00fbrs que toutes les personnes dangereuses soient arr\u00eat\u00e9es, traduites en justice puis expuls\u00e9es vers leur pays d\u2019origine\u00a0\u00bb.<\/p>\n<p>Ces op\u00e9rations polici\u00e8res, men\u00e9es par des agents arm\u00e9s et parfois masqu\u00e9s, ont suscit\u00e9 des critiques au sein de la population. Selon plusieurs sondages, une majorit\u00e9 d\u2019Am\u00e9ricains d\u00e9sapprouvent l\u2019action de l\u2019agent impliqu\u00e9 dans la mort par balle de Ren\u00e9 Good, m\u00e8re de famille de 37 ans.<\/p>\n<p> <a itemprop=\"url\" class=\"turagvzm-link\" href=\"https:\/\/www.visitmorocco.com\/fr\/maroc-terre-de-football\/fr?utm_source=supportspremiumma&amp;utm_campaign=007~afcon25~ma~11~25~supportspremiumma~display~reservation~awareness~cam50m~fr&amp;utm_content=007~006~007~premium~image~1x1~autres\/?source=onmt-can-atlas\" target=\"_blank\" rel=\"noopener\"><img decoding=\"async\" class=\"turagvzm-image\" src=\"https:\/\/www.europesays.com\/fr\/wp-content\/uploads\/2025\/12\/Atlas-300x250-1.jpg\" alt=\"can2025-atlas\"\/><\/a>\t\t\t<\/p>\n","protected":false},"excerpt":{"rendered":"Le Pentagone se pr\u00e9pare \u00e0 un \u00e9ventuel d\u00e9ploiement de soldats dans l\u2019\u00c9tat du Minnesota (Midwest), rapportent lundi plusieurs&hellip;\n","protected":false},"author":2,"featured_media":674933,"comment_status":"","ping_status":"","sticky":false,"template":"","format":"standard","meta":{"footnotes":""},"categories":[1589],"tags":[930,328,11,12224,1446,74331,154,7556,73,1866,14,500,13264,31220,12,1068,656,467,1864,1865,1863,308,77398],"class_list":{"0":"post-674932","1":"post","2":"type-post","3":"status-publish","4":"format-standard","5":"has-post-thumbnail","7":"category-etats-unis","8":"tag-le","9":"tag-a-la-une","10":"tag-actualites","11":"tag-atlasinfo","12":"tag-dans","13":"tag-deploiement","14":"tag-des","15":"tag-envisage","16":"tag-etats-unis","17":"tag-etats-unis-damerique","18":"tag-international","19":"tag-medias","20":"tag-militaires","21":"tag-minnesota","22":"tag-news","23":"tag-pentagone","24":"tag-securite","25":"tag-trump","26":"tag-united-states","27":"tag-united-states-of-america","28":"tag-us","29":"tag-usa","30":"tag-usa-le-pentagone-envisage-le-deploiement-des-militaires-dans-le-minnesota-medias-us"},"share_on_mastodon":{"url":"https:\/\/pubeurope.com\/@fr\/115923144406235937","error":""},"_links":{"self":[{"href":"https:\/\/www.europesays.com\/fr\/wp-json\/wp\/v2\/posts\/674932","targetHints":{"allow":["GET"]}}],"collection":[{"href":"https:\/\/www.europesays.com\/fr\/wp-json\/wp\/v2\/posts"}],"about":[{"href":"https:\/\/www.europesays.com\/fr\/wp-json\/wp\/v2\/types\/post"}],"author":[{"embeddable":true,"href":"https:\/\/www.europesays.com\/fr\/wp-json\/wp\/v2\/users\/2"}],"replies":[{"embeddable":true,"href":"https:\/\/www.europesays.com\/fr\/wp-json\/wp\/v2\/comments?post=674932"}],"version-history":[{"count":0,"href":"https:\/\/www.europesays.com\/fr\/wp-json\/wp\/v2\/posts\/674932\/revisions"}],"wp:featuredmedia":[{"embeddable":true,"href":"https:\/\/www.europesays.com\/fr\/wp-json\/wp\/v2\/media\/674933"}],"wp:attachment":[{"href":"https:\/\/www.europesays.com\/fr\/wp-json\/wp\/v2\/media?parent=674932"}],"wp:term":[{"taxonomy":"category","embeddable":true,"href":"https:\/\/www.europesays.com\/fr\/wp-json\/wp\/v2\/categories?post=674932"},{"taxonomy":"post_tag","embeddable":true,"href":"https:\/\/www.europesays.com\/fr\/wp-json\/wp\/v2\/tags?post=674932"}],"curies":[{"name":"wp","href":"https:\/\/api.w.org\/{rel}","templated":true}]}}