{"id":674934,"date":"2026-01-19T18:19:16","date_gmt":"2026-01-19T18:19:16","guid":{"rendered":"https:\/\/www.europesays.com\/fr\/674934\/"},"modified":"2026-01-19T18:19:16","modified_gmt":"2026-01-19T18:19:16","slug":"groenland-le-royaume-uni-exclut-des-droits-de-douane-de-retorsion-contre-les-etats-unis","status":"publish","type":"post","link":"https:\/\/www.europesays.com\/fr\/674934\/","title":{"rendered":"Groenland : le Royaume-Uni exclut des droits de douane de r\u00e9torsion contre les \u00c9tats-Unis"},"content":{"rendered":"<p>\t\t\t\t\t<a class=\"post-thumbnail open-lightbox\" href=\"https:\/\/atlasinfo.fr\/wp-content\/uploads\/2020\/04\/Keir-Starmer.jpg\" target=\"_blank\" rel=\"noopener\"><img decoding=\"async\" src=\"https:\/\/www.europesays.com\/fr\/wp-content\/uploads\/2026\/01\/Keir-Starmer-750x430.jpg\" alt=\"\"\/>\t\t\t\t\t\t<\/a><\/p>\n<p><strong>Le Premier ministre britannique, Keir Starmer, a \u00e9cart\u00e9, lundi, toute imposition de droits de douane de r\u00e9torsion contre les \u00c9tats-Unis, \u00e0 la suite de l\u2019annonce par Washington de nouveaux tarifs visant plusieurs pays europ\u00e9ens dans le contexte du dossier du Groenland.<\/strong><\/p>\n<p><a itemprop=\"url\" class=\"turagvzm-link\" href=\"https:\/\/www.youtube.com\/watch?v=LB5b4t_CTSg\" target=\"_blank\" rel=\"noopener\"><img decoding=\"async\" class=\"turagvzm-image\" src=\"https:\/\/www.europesays.com\/fr\/wp-content\/uploads\/2026\/01\/AOM-AF-300x250-1.jpg\" alt=\"Airports-M-small\"\/><\/a> <\/p>\n<p class=\"justifyText add-more-font-size-dep\" dir=\"ltr\">Lors d\u2019une conf\u00e9rence de presse, M. Starmer a estim\u00e9 que de telles mesures \u00e0 l\u2019encontre des \u00c9tats-Unis porteraient atteinte \u00e0 l\u2019\u00e9conomie britannique et ne seraient \u00ab\u00a0dans l\u2019int\u00e9r\u00eat de personne\u00a0\u00bb. Le Royaume-Uni privil\u00e9gie, a-t-il soulign\u00e9, un r\u00e8glement de la question par des \u00ab\u00a0discussions calmes\u00a0\u00bb entre alli\u00e9s.<\/p>\n<p>\u00ab\u00a0Je pense que cette question peut \u00eatre r\u00e9solue, et doit l\u2019\u00eatre, par un dialogue calme\u00a0\u00bb, a-t-il d\u00e9clar\u00e9, r\u00e9affirmant sa volont\u00e9 de pr\u00e9server une relation Royaume-Uni\u2013\u00c9tats-Unis \u00ab\u00a0forte, constructive et ax\u00e9e sur des r\u00e9sultats\u00a0\u00bb.<\/p>\n<p>Le chef du Downing Street a, par ailleurs, r\u00e9it\u00e9r\u00e9 le rejet par Londres de toute perspective d\u2019acquisition du Groenland par les \u00c9tats-Unis, tout en condamnant les menaces de droits de douane visant huit pays europ\u00e9ens afin d\u2019exercer une pression sur ce dossier.<\/p>\n<p>\u00ab\u00a0Toute d\u00e9cision concernant le statut futur du Groenland appartient exclusivement au peuple groenlandais et au Royaume du Danemark. Ce droit est fondamental\u00a0\u00bb, a-t-il ajout\u00e9.<\/p>\n<p>Samedi, le pr\u00e9sident am\u00e9ricain Donald Trump a annonc\u00e9 de nouveaux droits de douane ciblant plusieurs pays europ\u00e9ens, affirmant que ces mesures resteraient en vigueur jusqu\u2019\u00e0 la conclusion d\u2019un accord portant sur la \u00ab\u00a0vente totale et int\u00e9grale\u00a0\u00bb du Groenland aux \u00c9tats-Unis.<\/p>\n<p>M. Trump a pr\u00e9cis\u00e9 que ces droits de douane pourraient \u00eatre port\u00e9es \u00e0 25 %, justifiant cette d\u00e9marche par des consid\u00e9rations strat\u00e9giques li\u00e9es \u00e0 l\u2019importance croissante du Groenland dans l\u2019architecture de d\u00e9fense am\u00e9ricaine.<\/p>\n<p> <a itemprop=\"url\" class=\"turagvzm-link\" href=\"https:\/\/www.visitmorocco.com\/fr\/maroc-terre-de-football\/fr?utm_source=supportspremiumma&amp;utm_campaign=007~afcon25~ma~11~25~supportspremiumma~display~reservation~awareness~cam50m~fr&amp;utm_content=007~006~007~premium~image~1x1~autres\/?source=onmt-can-atlas\" target=\"_blank\" rel=\"noopener\"><img decoding=\"async\" class=\"turagvzm-image\" src=\"https:\/\/www.europesays.com\/fr\/wp-content\/uploads\/2025\/12\/Atlas-300x250-1.jpg\" alt=\"can2025-atlas\"\/><\/a>\t\t\t<\/p>\n","protected":false},"excerpt":{"rendered":"Le Premier ministre britannique, Keir Starmer, a \u00e9cart\u00e9, lundi, toute imposition de droits de douane de r\u00e9torsion contre&hellip;\n","protected":false},"author":2,"featured_media":674935,"comment_status":"","ping_status":"","sticky":false,"template":"","format":"standard","meta":{"footnotes":""},"categories":[1588],"tags":[930,11,12224,1444,1805,154,981,2483,33,18579,73,1777,674,77400,146,77399,151,12,71776,473,1853,1851,1850,1852],"class_list":{"0":"post-674934","1":"post","2":"type-post","3":"status-publish","4":"format-standard","5":"has-post-thumbnail","7":"category-royaume-uni","8":"tag-le","9":"tag-actualites","10":"tag-atlasinfo","11":"tag-contre","12":"tag-de","13":"tag-des","14":"tag-douane","15":"tag-droits","16":"tag-economie","17":"tag-en-direct","18":"tag-etats-unis","19":"tag-eu","20":"tag-europe","21":"tag-exclut","22":"tag-groenland","23":"tag-groenland-le-royaume-uni-exclut-des-droits-de-douane-de-retorsion-contre-les-etats-unis","24":"tag-les","25":"tag-news","26":"tag-retorsion","27":"tag-royaume-uni","28":"tag-royaume-uni-de-grande-bretagne-et-dirlande-du-nord","29":"tag-uk","30":"tag-united-kingdom","31":"tag-united-kingdom-of-great-britain-and-northern-ireland"},"share_on_mastodon":{"url":"https:\/\/pubeurope.com\/@fr\/115923148173806112","error":""},"_links":{"self":[{"href":"https:\/\/www.europesays.com\/fr\/wp-json\/wp\/v2\/posts\/674934","targetHints":{"allow":["GET"]}}],"collection":[{"href":"https:\/\/www.europesays.com\/fr\/wp-json\/wp\/v2\/posts"}],"about":[{"href":"https:\/\/www.europesays.com\/fr\/wp-json\/wp\/v2\/types\/post"}],"author":[{"embeddable":true,"href":"https:\/\/www.europesays.com\/fr\/wp-json\/wp\/v2\/users\/2"}],"replies":[{"embeddable":true,"href":"https:\/\/www.europesays.com\/fr\/wp-json\/wp\/v2\/comments?post=674934"}],"version-history":[{"count":0,"href":"https:\/\/www.europesays.com\/fr\/wp-json\/wp\/v2\/posts\/674934\/revisions"}],"wp:featuredmedia":[{"embeddable":true,"href":"https:\/\/www.europesays.com\/fr\/wp-json\/wp\/v2\/media\/674935"}],"wp:attachment":[{"href":"https:\/\/www.europesays.com\/fr\/wp-json\/wp\/v2\/media?parent=674934"}],"wp:term":[{"taxonomy":"category","embeddable":true,"href":"https:\/\/www.europesays.com\/fr\/wp-json\/wp\/v2\/categories?post=674934"},{"taxonomy":"post_tag","embeddable":true,"href":"https:\/\/www.europesays.com\/fr\/wp-json\/wp\/v2\/tags?post=674934"}],"curies":[{"name":"wp","href":"https:\/\/api.w.org\/{rel}","templated":true}]}}