{"id":674967,"date":"2026-01-19T18:41:10","date_gmt":"2026-01-19T18:41:10","guid":{"rendered":"https:\/\/www.europesays.com\/fr\/674967\/"},"modified":"2026-01-19T18:41:10","modified_gmt":"2026-01-19T18:41:10","slug":"vers-un-nouveau-pic-epidemique-fin-janvier-ce-que-lon-sait-a-ce-stade","status":"publish","type":"post","link":"https:\/\/www.europesays.com\/fr\/674967\/","title":{"rendered":"vers un nouveau pic \u00e9pid\u00e9mique fin janvier ? Ce que l\u2019on sait \u00e0 ce stade"},"content":{"rendered":"<p>Grippe : vers un nouveau pic \u00e9pid\u00e9mique fin janvier 2026 ?<\/p>\n<p>Retour de vacances et classes pleines : la saison de la<br \/>\n<strong>grippe<\/strong> 2025-2026 n\u2019a pas dit son dernier mot.<br \/>\nApr\u00e8s un bref reflux fin 2025, les courbes repartent \u00e0 la hausse en<br \/>\nm\u00e9tropole. Les enfants portent la circulation, quand les adultes<br \/>\nconsultent moins. Les d\u00e9c\u00e8s, eux, continuent d\u2019augmenter. La<br \/>\npossibilit\u00e9 d\u2019un <strong>nouveau pic \u00e9pid\u00e9mique<\/strong> en<br \/>\n<strong>fin janvier 2026<\/strong> refait surface, sans certitude<br \/>\npour l\u2019instant.<\/p>\n<p>\u00ab\u00a0Recours aux soins globalement stable ou en diminution chez les<br \/>\nadultes mais \u00e0 nouveau en augmentation chez les enfants, en<br \/>\nparticulier en m\u00e9decine de ville. Poursuite de l\u2019augmentation des<br \/>\nd\u00e9c\u00e8s. Ensemble des r\u00e9gions fran\u00e7aises en \u00e9pid\u00e9mie except\u00e9 La<br \/>\nR\u00e9union, en pr\u00e9-\u00e9pid\u00e9mie\u00a0\u00bb, a r\u00e9sum\u00e9 <strong>Sant\u00e9 publique<br \/>\nFrance<\/strong> dans son point du 14 janvier 2026, cit\u00e9 par Sant\u00e9<br \/>\nMagazine. Le paysage reste contrast\u00e9. Suspense.<\/p>\n<p>Enfants en t\u00eate : o\u00f9 en est l\u2019\u00e9pid\u00e9mie de grippe en S02 ?<\/p>\n<p>Dans le d\u00e9tail, Sant\u00e9 publique France fait le point sur la<br \/>\nSemaine 02 : \u00ab\u00a0Le taux de consultations tous \u00e2ges confondus pour<br \/>\nsyndrome grippal estim\u00e9 \u00e0 partir des donn\u00e9es du r\u00e9seau Sentinelles<br \/>\net IQVIA \u00e9tait de <strong>256 pour 100 000 habitants<\/strong> [IC95<br \/>\n% : 246-266] (donn\u00e9es non consolid\u00e9es) vs 233 pour 100 000<br \/>\nhabitants [222-243] en S01. Le recours aux soins pour syndrome<br \/>\ngrippal en m\u00e9decine de ville \u00e9tait stable (SOS M\u00e9decins) ou<br \/>\naugmentait \u00e0 nouveau (r\u00e9seau Sentinelles\/IQVIA) tous \u00e2ges<br \/>\nconfondus, se situant \u00e0 un niveau d\u2019intensit\u00e9 mod\u00e9r\u00e9. Il \u00e9tait en<br \/>\nnette augmentation chez les moins de 15 ans\u00a0\u00bb.<\/p>\n<p>\u00ab\u00a0Cette tendance \u00e9tait particuli\u00e8rement marqu\u00e9e chez les enfants<br \/>\nde moins de 15 ans. \u00c0 l\u2019h\u00f4pital, la part d\u2019activit\u00e9 pour<br \/>\ngrippe\/syndrome grippal parmi les passages aux urgences et les<br \/>\nhospitalisations apr\u00e8s passage diminuait tous \u00e2ges confondus et<br \/>\nchez les adultes, se stabilisait chez les 5-14 ans et augmentait \u00e0<br \/>\nnouveau chez les moins de 5 ans\u00a0\u00bb, a rapport\u00e9 Sant\u00e9 publique France.<br \/>\nLe reflux observ\u00e9 fin 2025 a donc laiss\u00e9 place \u00e0 une reprise<br \/>\np\u00e9diatrique.<\/p>\n<p>Fin janvier : pic pass\u00e9 ou \u00e0 venir selon Sant\u00e9 publique France<br \/>\n?<\/p>\n<p>La reprise chez les enfants \u00ab\u00a0pourrait entra\u00eener une<br \/>\nrecrudescence du recours aux soins chez les adultes dans les<br \/>\nsemaines \u00e0 venir\u00a0\u00bb, a pr\u00e9venu Sant\u00e9 publique France. Le territoire<br \/>\nreste en \u00e9pid\u00e9mie, toutes r\u00e9gions fran\u00e7aises concern\u00e9es, \u00e0<br \/>\nl\u2019exception de <strong>La R\u00e9union<\/strong> signal\u00e9e en<br \/>\npr\u00e9-\u00e9pid\u00e9mie. Bonne nouvelle tout de m\u00eame, la bronchiolite est en<br \/>\nreflux, ce qui all\u00e8ge un peu la pression sur les services<br \/>\np\u00e9diatriques.<\/p>\n<p>\u00ab\u00a0Il est toutefois tr\u00e8s difficile d\u2019anticiper l\u2019impact qu\u2019une<br \/>\ntelle reprise \u00e9pid\u00e9mique pourrait avoir sur le syst\u00e8me de soins\u00a0\u00bb.<br \/>\nC\u00f4t\u00e9 gravit\u00e9, la mortalit\u00e9 li\u00e9e \u00e0 la grippe est \u00e9lev\u00e9e, avec une<br \/>\nproportion de d\u00e9c\u00e8s comparable au pic 2024-2025 (7,2 % contre 7,4<br \/>\n%), touchant principalement les <strong>65 ans et plus<\/strong>.<br \/>\nAutrement dit, m\u00eame si l\u2019activit\u00e9 adulte reste plus sage pour<br \/>\nl\u2019instant, la charge hospitali\u00e8re ne faiblit pas.<\/p>\n<p>Vaccination et fin janvier : que faire<br \/>\nmaintenant ?<\/p>\n<p>Concernant la vaccination, la couverture est estim\u00e9e \u00e0 46,3 %<br \/>\nchez l\u2019ensemble des personnes cibl\u00e9es, 53,3 % chez les 65 ans et<br \/>\nplus et 27,1 % chez les moins de 65 ans \u00e0 risque de grippe s\u00e9v\u00e8re.<br \/>\nLa <strong>campagne de vaccination<\/strong> contre la grippe et la<br \/>\nCovid-19 se poursuit jusqu\u2019au <strong>31 janvier 2026<\/strong>. \u00c0<br \/>\nnoter que la vaccination reste la mesure la plus efficace pour<br \/>\nr\u00e9duire les risques de formes graves et les hospitalisations.<\/p>\n<p>\u00c0 ce stade, les indicateurs d\u00e9crivent une \u00e9pid\u00e9mie toujours<br \/>\nactive, tir\u00e9e par les enfants, avec une mortalit\u00e9 soutenue chez les<br \/>\nseniors. Un second sommet d\u2019activit\u00e9 fin janvier 2026 reste<br \/>\npossible si la hausse p\u00e9diatrique diffuse aux adultes, mais l\u2019issue<br \/>\nn\u2019est pas \u00e9crite. Les prochains bulletins pr\u00e9ciseront la<br \/>\ntrajectoire, entre rebond, plateau ou d\u00e9crue progressive. Les<br \/>\nprochaines semaines feront la diff\u00e9rence.<\/p>\n","protected":false},"excerpt":{"rendered":"Grippe : vers un nouveau pic \u00e9pid\u00e9mique fin janvier 2026 ? Retour de vacances et classes pleines :&hellip;\n","protected":false},"author":2,"featured_media":674968,"comment_status":"","ping_status":"","sticky":false,"template":"","format":"standard","meta":{"footnotes":""},"categories":[10],"tags":[13041,17488,77403,5729,1011,27,29786,72,25104,747,4565,26773,746,748,71,2858,9066,13703],"class_list":{"0":"post-674967","1":"post","2":"type-post","3":"status-publish","4":"format-standard","5":"has-post-thumbnail","7":"category-sante","8":"tag-a","9":"tag-ce","10":"tag-epidemique","11":"tag-fin","12":"tag-fr","13":"tag-france","14":"tag-grippe","15":"tag-health","16":"tag-janvier","17":"tag-lon","18":"tag-nouveau","19":"tag-pic","20":"tag-que","21":"tag-sait","22":"tag-sante","23":"tag-stade","24":"tag-un","25":"tag-vers"},"share_on_mastodon":{"url":"https:\/\/pubeurope.com\/@fr\/115923234614606875","error":""},"_links":{"self":[{"href":"https:\/\/www.europesays.com\/fr\/wp-json\/wp\/v2\/posts\/674967","targetHints":{"allow":["GET"]}}],"collection":[{"href":"https:\/\/www.europesays.com\/fr\/wp-json\/wp\/v2\/posts"}],"about":[{"href":"https:\/\/www.europesays.com\/fr\/wp-json\/wp\/v2\/types\/post"}],"author":[{"embeddable":true,"href":"https:\/\/www.europesays.com\/fr\/wp-json\/wp\/v2\/users\/2"}],"replies":[{"embeddable":true,"href":"https:\/\/www.europesays.com\/fr\/wp-json\/wp\/v2\/comments?post=674967"}],"version-history":[{"count":0,"href":"https:\/\/www.europesays.com\/fr\/wp-json\/wp\/v2\/posts\/674967\/revisions"}],"wp:featuredmedia":[{"embeddable":true,"href":"https:\/\/www.europesays.com\/fr\/wp-json\/wp\/v2\/media\/674968"}],"wp:attachment":[{"href":"https:\/\/www.europesays.com\/fr\/wp-json\/wp\/v2\/media?parent=674967"}],"wp:term":[{"taxonomy":"category","embeddable":true,"href":"https:\/\/www.europesays.com\/fr\/wp-json\/wp\/v2\/categories?post=674967"},{"taxonomy":"post_tag","embeddable":true,"href":"https:\/\/www.europesays.com\/fr\/wp-json\/wp\/v2\/tags?post=674967"}],"curies":[{"name":"wp","href":"https:\/\/api.w.org\/{rel}","templated":true}]}}