{"id":67497,"date":"2025-05-01T18:28:08","date_gmt":"2025-05-01T18:28:08","guid":{"rendered":"https:\/\/www.europesays.com\/fr\/67497\/"},"modified":"2025-05-01T18:28:08","modified_gmt":"2025-05-01T18:28:08","slug":"ce-que-contient-le-livre-que-les-wokistes-ont-voulu-censurer","status":"publish","type":"post","link":"https:\/\/www.europesays.com\/fr\/67497\/","title":{"rendered":"ce que contient le livre que les wokistes ont voulu censurer"},"content":{"rendered":"<p><strong>EXCLUSIF<\/strong> &#8211; Apr\u00e8s avoir \u00e9t\u00e9 d\u00e9programm\u00e9 par son \u00e9diteur, le livre para\u00eet enfin cette semaine aux Presses universitaires de France. Un livre collectif qui pourrait \u00eatre un tournant dans la bataille culturelle qui se joue entre wokes et antiwokes.<\/p>\n<p class=\"fig-paragraph\">Rarement un livre aura \u00e9t\u00e9 autant vilipend\u00e9 avant m\u00eame sa parution. Avant m\u00eame que quiconque n\u2019ait pu le lire. On dit que le monde de l\u2019\u00e9dition se nourrit de pol\u00e9miques, mais Paul Garapon, qui dirige les Puf, le temple de l\u2019\u00e9dition universitaire, se serait bien pass\u00e9 de celle qu\u2019a d\u00e9clench\u00e9e l\u2019annonce de la parution de<a href=\"http:\/\/www.lefigaro.fr\/actualite-france\/face-a-l-obscurantisme-woke-l-histoire-secrete-de-ce-livre-qui-fait-polemique-avant-meme-sa-sortie-20250328\" data-fig-type=\"Article\" data-gtm-custom-categorie=\"navigation\" data-gtm-custom-action=\"crossclick\" data-gtm-custom-label=\"Contextuel\" data-gtm-event=\"customEventSPE\" data-fig-domain=\"LEFIGARO\" target=\"_blank\" rel=\"noopener\">\u00a0Face \u00e0 l\u2019obscurantisme woke<\/a> . Au point que l\u2019\u00e9diteur, pourtant initiateur du projet, a h\u00e9sit\u00e9 \u00e0 censurer l\u2019ouvrage, sans doute effray\u00e9 par la campagne m\u00e9diatique orchestr\u00e9e par une partie du monde journalistique et intellectuel de gauche. Aux yeux des journalistes du Monde et de Lib\u00e9ration, le seul titre du livre a suffi pour le disqualifier et instruire un proc\u00e8s en\u00a0<a href=\"http:\/\/www.lefigaro.fr\/international\/jd-vance-vice-president-americain-sur-tous-les-fronts-du-trumpisme-20250418\" data-fig-type=\"Article\" data-gtm-custom-categorie=\"navigation\" data-gtm-custom-action=\"crossclick\" data-gtm-custom-label=\"Contextuel\" data-gtm-event=\"customEventSPE\" data-fig-domain=\"LEFIGARO\" target=\"_blank\" rel=\"noopener\">trumpisme<\/a>\u00a0et en poutinisme \u00e0 ses auteurs.<\/p>\n<p class=\"fig-paragraph\">C\u00f4t\u00e9 intellectuels, c\u2019est l\u2019historien Patrick Boucheron, professeur au Coll\u00e8ge de France et coauteur de la c\u00e9r\u00e9monie d\u2019ouverture des JO de Paris, qui a d\u00e9coch\u00e9 les premi\u00e8res fl\u00e8ches. Le vendredi 7 mars, lors d\u2019une conf\u00e9rence de presse \u00e0 l\u2019occasion d\u2019une journ\u00e9e de mobilisation\u2026<\/p>\n<p class=\"fig-premium-paywall__infos\">\n        Cet article est r\u00e9serv\u00e9 aux abonn\u00e9s.        Il vous reste 93% \u00e0 d\u00e9couvrir.\n    <\/p>\n<p>                <img  data- alt=\"Le Figaro\" class=\"fig-img--complete fig-img\"\/><\/p>\n<p class=\"fig-premium-paywall__title\">Je m&rsquo;informe, je m&rsquo;inspire, je m&rsquo;abonne.<\/p>\n<p class=\"fig-premium-paywall__subtitle\">D\u00e9couvrez notre offre de bienvenue.<\/p>\n<p class=\"fig-premium-paywall__connect\">\n                D\u00e9j\u00e0 abonn\u00e9\u00a0?                <a class=\"fig-premium-paywall__connect-link\" href=\"https:\/\/connect.lefigaro.fr\/login?client=horizon_web&amp;type=main&amp;redirect_uri=https%3A%2F%2Fwww.lefigaro.fr%2Fvox%2Fsociete%2Fface-a-l-obscurantisme-woke-ce-que-contient-le-livre-que-les-wokistes-ont-voulu-censurer-20250501\" data-js-gtm=\"{&quot;customCategorie&quot;: &quot;conversion&quot;, &quot;customAction&quot;: &quot;before_Landing_Connexion_paywall_auto&quot;, &quot;customLabel&quot;: &quot;bGVmaWdhcm8uZnJfXzFmMDI1OTgzLTgwNDUtNmQ0OC1hMDg4LTM1NDIzNDJkNTZiOV9fQXJ0aWNsZQ==_&lt;i&gt;Face \u00e0 l\u2019obscurantisme woke&lt;\/i&gt;: ce que contient le livre que les wokistes ont voulu censurer_268&quot;, &quot;customIDSPE&quot;: &quot;bGVmaWdhcm8uZnJfXzFmMDI1OTgzLTgwNDUtNmQ0OC1hMDg4LTM1NDIzNDJkNTZiOV9fQXJ0aWNsZQ==&quot;, &quot;event&quot;: &quot;customEventSPE&quot;}\" target=\"_blank\" rel=\"noopener\"><br \/>\n                    Connectez-vous<br \/>\n                <\/a>\n            <\/p>\n","protected":false},"excerpt":{"rendered":"EXCLUSIF &#8211; Apr\u00e8s avoir \u00e9t\u00e9 d\u00e9programm\u00e9 par son \u00e9diteur, le livre para\u00eet enfin cette semaine aux Presses universitaires&hellip;\n","protected":false},"author":2,"featured_media":67498,"comment_status":"","ping_status":"","sticky":false,"template":"","format":"standard","meta":{"footnotes":""},"categories":[1357],"tags":[1379,1428,1292,5361,5360,58,59,1429,1011,27,1380,1427,1426,104,4477],"class_list":{"0":"post-67497","1":"post","2":"type-post","3":"status-publish","4":"format-standard","5":"has-post-thumbnail","7":"category-livres","8":"tag-books","9":"tag-chroniqueurs","10":"tag-debat","11":"tag-debat-societe","12":"tag-debats-societaux","13":"tag-divertissement","14":"tag-entertainment","15":"tag-figarovox","16":"tag-fr","17":"tag-france","18":"tag-livres","19":"tag-opinions","20":"tag-questions","21":"tag-societe","22":"tag-wokisme"},"share_on_mastodon":{"url":"https:\/\/pubeurope.com\/@fr\/114433995837777239","error":""},"_links":{"self":[{"href":"https:\/\/www.europesays.com\/fr\/wp-json\/wp\/v2\/posts\/67497","targetHints":{"allow":["GET"]}}],"collection":[{"href":"https:\/\/www.europesays.com\/fr\/wp-json\/wp\/v2\/posts"}],"about":[{"href":"https:\/\/www.europesays.com\/fr\/wp-json\/wp\/v2\/types\/post"}],"author":[{"embeddable":true,"href":"https:\/\/www.europesays.com\/fr\/wp-json\/wp\/v2\/users\/2"}],"replies":[{"embeddable":true,"href":"https:\/\/www.europesays.com\/fr\/wp-json\/wp\/v2\/comments?post=67497"}],"version-history":[{"count":0,"href":"https:\/\/www.europesays.com\/fr\/wp-json\/wp\/v2\/posts\/67497\/revisions"}],"wp:featuredmedia":[{"embeddable":true,"href":"https:\/\/www.europesays.com\/fr\/wp-json\/wp\/v2\/media\/67498"}],"wp:attachment":[{"href":"https:\/\/www.europesays.com\/fr\/wp-json\/wp\/v2\/media?parent=67497"}],"wp:term":[{"taxonomy":"category","embeddable":true,"href":"https:\/\/www.europesays.com\/fr\/wp-json\/wp\/v2\/categories?post=67497"},{"taxonomy":"post_tag","embeddable":true,"href":"https:\/\/www.europesays.com\/fr\/wp-json\/wp\/v2\/tags?post=67497"}],"curies":[{"name":"wp","href":"https:\/\/api.w.org\/{rel}","templated":true}]}}