{"id":67501,"date":"2025-05-01T18:30:12","date_gmt":"2025-05-01T18:30:12","guid":{"rendered":"https:\/\/www.europesays.com\/fr\/67501\/"},"modified":"2025-05-01T18:30:12","modified_gmt":"2025-05-01T18:30:12","slug":"quelque-chose-se-passe-au-niveau-du-corps-et-de-son-abandon-barbara-pravi-et-la-magie-de-ses-retrouvailles-sur-scene-en-belgique","status":"publish","type":"post","link":"https:\/\/www.europesays.com\/fr\/67501\/","title":{"rendered":"\u00ab\u00a0Quelque chose se passe au niveau du corps et de son abandon\u00a0\u00bb : Barbara Pravi et la magie de ses retrouvailles sur sc\u00e8ne en Belgique"},"content":{"rendered":"<p class=\"ap-StoryElement ap-StoryElement--mb ap-StoryText\">\u00ab\u00a0Le jeu me permet d&rsquo;avoir du recul, moi qui ne mets aucun filtre entre ce que je suis et ce que je donne au public. Interpr\u00e9ter un personnage c&rsquo;est se recouvrir d&rsquo;une fine peau qui emp\u00eache l&rsquo;ext\u00e9rieur de vous p\u00e9n\u00e9trer trop violemment.\u00a0\u00bb<\/p>\n<p class=\"ap-StoryElement ap-StoryElement--mb ap-StoryText\"><b>Paris Match. Qu&rsquo;ont chang\u00e9 ces quatre ans dans votre appr\u00e9hension du m\u00e9tier ?<\/b><\/p>\n<p class=\"ap-StoryElement ap-StoryElement--mb ap-StoryText\"><b>Barbara Pravi.<\/b> Cet album est une nouvelle aventure qui m&rsquo;en apprend encore plus. Je suis beaucoup sur les routes, du fait de la demande \u00e9norme de concerts, par cons\u00e9quent je me pr\u00e9serve davantage. R\u00e9cemment, j&rsquo;ai fait l&rsquo;Olympia et me suis envol\u00e9e directement apr\u00e8s en Serbie retrouver ma famille et mes amis. L\u00e0, je vis une d\u00e9connexion totale : on reste dans le jardin pour manger ce qui y a \u00e9t\u00e9 cultiv\u00e9, je viens d&rsquo;une famille de paysans, et je ressens plus aujourd&rsquo;hui ce besoin de revenir \u00e0 la source. Je recherche un temps de qualit\u00e9 devenu primordial \u00e0 mon \u00e9quilibre.<\/p>\n<p><img loading=\"lazy\" decoding=\"async\" class=\"w-full lazyload lazyload--opacity object-contain\" style=\"aspect-ratio:80 \/ 100;opacity:1\" alt=\"VIBRATION UNIQUE. L'abandon du corps, en communion avec le public.\" width=\"768\" height=\"960\" fetchpriority=\"auto\" src=\"https:\/\/www.europesays.com\/fr\/wp-content\/uploads\/2025\/04\/1743933249_335_S5VKD3X55FFF3BW6V4SEHXNP7I.png\"  data- data-optimumx=\"1\"\/>VIBRATION UNIQUE. L&rsquo;abandon du corps, en communion avec le public. \u00a9Barbara Pravi<\/p>\n<blockquote class=\"ap-StoryQuote ap-StoryQuote--pullquote\"><p>guillement<\/p>\n<p class=\"ap-StoryQuote-text\">En concert, je suis comme grandie, mes mains sont plus longues, mes yeux voient plus grand, je me sens habit\u00e9e par l&rsquo;\u00e2me des femmes de ma famille.<\/p>\n<\/blockquote>\n<p class=\"ap-StoryElement ap-StoryElement--mb ap-StoryText\"><b>Vous avez de l&rsquo;\u00e9nergie \u00e0 revendre. Est-ce ce qui vous rend si populaire ?<\/b><\/p>\n<p class=\"ap-StoryElement ap-StoryElement--mb ap-StoryText\">Je vis vraiment un moment de communion intense avec le public, presque charnel et sensuel, une vibration unique. Quelque chose se passe au niveau du corps et de son abandon, comme une grande f\u00eate, le miracle des retrouvailles. D&rsquo;ailleurs, je ressens assez vite un manque durant les semaines sans concerts. Je traverse une esp\u00e8ce de transe sur sc\u00e8ne que je ne reproduis pas dans la vie r\u00e9elle, je ne suis pas aussi extravertie. En concert, je suis comme grandie, mes mains sont plus longues, mes yeux voient plus grand, je me sens habit\u00e9e par l&rsquo;\u00e2me des femmes de ma famille, du moins je la convoque. Je re\u00e7ois aussi l&rsquo;\u00e9nergie des gens pr\u00e9sents que j&rsquo;arrive \u00e0 brasser et qui me porte.<\/p>\n<p class=\"ap-StoryElement ap-StoryElement--mb ap-StoryText\"><b>Cette connexion, vous l&rsquo;avez \u00e9tablie d&#8217;embl\u00e9e d\u00e8s que le public vous a pl\u00e9biscit\u00e9e. Est-ce la raison pour laquelle vous d\u00e9siriez chanter ?<\/b><\/p>\n<p class=\"ap-StoryElement ap-StoryElement--mb ap-StoryText\">Il n&rsquo;y a pas de communion possible sans recherche de v\u00e9rit\u00e9. La mienne passait par la qu\u00eate de mon humanit\u00e9 \u00e0 travers les textes et la musique. A chaque chanson que j&rsquo;\u00e9cris, j&rsquo;ai le sentiment de me comprendre mieux. Or ma qu\u00eate tient de l&rsquo;universel, tout le monde a en soi une flamme qui nous unit en tant qu&rsquo;humains. La sc\u00e8ne me permet de le vivre de fa\u00e7on augment\u00e9e. Mais si c&rsquo;est aussi fort et br\u00fblant, c&rsquo;est que je ne fais qu&rsquo;exprimer un sentiment qui nous habite toutes et tous. Cette br\u00fblure, les gens peuvent l&rsquo;avoir envers la religion, la famille, les amis, le travail, les passions. Tout ce qui cr\u00e9e du lien.<\/p>\n<p class=\"ap-StoryElement ap-StoryElement--mb ap-StoryText\"><b>Une lettre de votre grand-p\u00e8re vous a racont\u00e9 l&rsquo;histoire de la Pieva. Votre album repr\u00e9sente-t-il une forme de mission familiale ?<\/b><\/p>\n<p class=\"ap-StoryElement ap-StoryElement--mb ap-StoryText\">En effet, il y a l&rsquo;histoire de mon anc\u00eatre qui se baladait de village en village dans les montagnes serbes en chantant. Et moi qui fais exactement le m\u00eame m\u00e9tier 400 ans apr\u00e8s. Je trouve cette transmission super jolie. Et du c\u00f4t\u00e9 de ma m\u00e8re, j&rsquo;ai appris, \u00e0 la fin de l&rsquo;\u00e9criture de cet album, que ma grand-m\u00e8re, que je n&rsquo;ai jamais connue, a ouvert le premier centre pour femmes battues \u00e0 Paris. Vous avez d&rsquo;un c\u00f4t\u00e9 ma part de musicienne-chanteuse un peu gitane et de l&rsquo;autre les racines de mon engagement. Je me retrouve \u00e0 la crois\u00e9e des femmes de ma famille. O\u00f9 se trouve le libre arbitre ? \u00c9tais-je pr\u00e9destin\u00e9e ? Le mot serbe \u00ab\u00a0pieva\u00a0\u00bb n&rsquo;est pas vraiment traduisible, disons qu&rsquo;il d\u00e9signe l&rsquo;action de chanter.<\/p>\n<p><img loading=\"lazy\" decoding=\"async\" class=\"w-full lazyload lazyload--opacity object-contain\" style=\"aspect-ratio:80 \/ 100;opacity:1\" alt=\"Barbara Pravi\" width=\"768\" height=\"960\" fetchpriority=\"auto\" src=\"https:\/\/www.europesays.com\/fr\/wp-content\/uploads\/2025\/04\/1743933249_335_S5VKD3X55FFF3BW6V4SEHXNP7I.png\"  data- data-optimumx=\"1\"\/>Barbara Pravi \u00a9Barbara Pravi<\/p>\n<p class=\"ap-StoryElement ap-StoryElement--mb ap-StoryText\"><b>Peut-on voir vos chansons comme des sourires en col\u00e8re ?<\/b><\/p>\n<p class=\"ap-StoryElement ap-StoryElement--mb ap-StoryText\">J&rsquo;ai l&rsquo;\u00e2me slave et donc l&rsquo;\u00e9nergie du d\u00e9sespoir, une propension \u00e0 rire en pleurant et pleurer en riant, \u00e0 me situer entre la mort et la vie. J&rsquo;ai d\u00e9marr\u00e9 une psychanalyse et plus je vieillis, plus je me situe dans un \u00e9tat perp\u00e9tuel de d\u00e9construction\/reconstruction mais dans un processus positif de renaissance continue, entre joie et tristesse.<\/p>\n<p class=\"ap-StoryElement ap-StoryElement--mb ap-StoryText\"><b>\u00ab\u00a0Les Ruines\u00a0\u00bb, \u00ab\u00a0L&rsquo;Armure\u00a0\u00bb, \u00ab\u00a0Qui j&rsquo;\u00e9tais\u00a0\u00bb \u2026 Autant de titres porteurs de lutte. Quelles luttes ?<\/b><\/p>\n<p class=\"ap-StoryElement ap-StoryElement--mb ap-StoryText\">Je pense \u00eatre tr\u00e8s combative et courageuse dans ma lutte entre moi et moi. Nous sommes sur terre pour nous bonifier et \u00e7a passe par des remises en question. Je n&rsquo;\u00e9cris jamais en esp\u00e9rant qu&rsquo;on s&rsquo;approprie mes chansons car cela couperait ma cr\u00e9ativit\u00e9. En revanche, il m&rsquo;arrive souvent, dans la vie, de rencontrer des femmes qui se livrent \u00e0 moi, m\u00eame si elles ne me connaissent pas en tant qu&rsquo;artiste. Je pense qu&rsquo;elles reconnaissent ma sinc\u00e9rit\u00e9, j&rsquo;ai tellement d&#8217;empathie pour elles.<\/p>\n<p class=\"ap-StoryElement ap-StoryElement--mb ap-StoryText\"><b>Vous dites \u00ab\u00a0Nous venons tous de partout\u00a0\u00bb. N&rsquo;est-ce pas d\u00e9sesp\u00e9rant d&rsquo;assister \u00e0 tant de rejet et de violence, justement partout ?<\/b><\/p>\n<p class=\"ap-StoryElement ap-StoryElement--mb ap-StoryText\">La peur de l&rsquo;autre cr\u00e9e la division. L&rsquo;humanit\u00e9 est toujours pass\u00e9e par des grandes vagues d&rsquo;union et de haine. Nous sommes malheureusement \u00e0 un moment paroxystique de rejet de l&rsquo;autre mais je ne pense pas que \u00e7a durera. Je crois beaucoup dans les capacit\u00e9s de la science \u00e0 d\u00e9montrer ce qui nous unit \u00e0 l&rsquo;humain, l&rsquo;animal et le v\u00e9g\u00e9tal, au vivant. Mais du chaos na\u00eet la r\u00e9sistance. Regardez ce qui se passe en Iran. Des femmes y sont emprisonn\u00e9es et tu\u00e9es de fa\u00e7on horrible. Or, depuis trois ans, hommes et femmes sont dans la rue, ensemble. Nous allons peut-\u00eatre souffrir individuellement mais ensemble nous y arriverons.<\/p>\n<p><img loading=\"lazy\" decoding=\"async\" class=\"w-full lazyload lazyload--opacity object-contain\" style=\"aspect-ratio:71 \/ 100;opacity:1\" alt=\"UN SENS \u00c0 L'EXISTENCE. Atteindre la meilleure version de soi-m\u00eame.\" width=\"768\" height=\"1075\" fetchpriority=\"auto\" src=\"https:\/\/www.europesays.com\/fr\/wp-content\/uploads\/2025\/04\/1743933249_335_S5VKD3X55FFF3BW6V4SEHXNP7I.png\"  data- data-optimumx=\"1\"\/>UN SENS \u00c0 L&rsquo;EXISTENCE. Atteindre la meilleure version de soi-m\u00eame. \u00a9Lisa BoostaniManger le bonheur<\/p>\n<p class=\"ap-StoryElement ap-StoryElement--mb ap-StoryText\"><b>Cherchez-vous \u00e0 comprendre ce qu&rsquo;est le bonheur ?<\/b><\/p>\n<p class=\"ap-StoryElement ap-StoryElement--mb ap-StoryText\">\u00c0 l&rsquo;exp\u00e9rimenter plut\u00f4t. Pour comprendre un \u00e9tat, il faut l&rsquo;avoir mang\u00e9, go\u00fbt\u00e9. La recherche du bonheur passe par un travail sur soi et nos propres ressentis, nos passions et nos rejets. Il s&rsquo;agit d&rsquo;une longue construction et je pense sinc\u00e8rement qu&rsquo;on choisit d&rsquo;\u00eatre heureux.<\/p>\n<p class=\"ap-StoryElement ap-StoryElement--mb ap-StoryText\"><b>Vous vous montrez le plus souvent solaire. Mais \u00eates-vous capable d&rsquo;avouer les moments de fragilit\u00e9. Dans la chanson \u00ab\u00a0Maman\u00a0\u00bb, vous confiez vos doutes et vos regrets.<\/b><\/p>\n<p class=\"ap-StoryElement ap-StoryElement--mb ap-StoryText\">Je suis tr\u00e8s premier degr\u00e9 et incapable de cacher mes \u00e9tats d&rsquo;\u00e2me. Je me montre sinc\u00e8re dans mes joies comme dans la col\u00e8re ou la tristesse. Je me confie volontiers \u00e0 mon p\u00e8re, \u00e0 mes amis. Comme je doute souvent, j&rsquo;ai besoin d&rsquo;\u00eatre tout le temps rassur\u00e9e, qu&rsquo;on me dise que je vais y arriver, que je suis belle, sympa\u2026 Mes amis le savent et m&rsquo;envoient chaque jour de gentils messages tels \u00ab\u00a0Tu vas passer une super journ\u00e9e, je t&rsquo;aime\u00a0\u00bb. Je trouve normal qu&rsquo;entre nous on s&rsquo;envoie de la force et je le fais tout autant. Je suis capable de kidnapper un ami durant deux jours pour l&rsquo;aider \u00e0 passer un cap difficile. J&rsquo;ai de la chance. Comme tout le monde, j&rsquo;ai des trous dans mon v\u00e9cu, des endroits qui n&rsquo;ont pas \u00e9t\u00e9 combl\u00e9s mais j&rsquo;ai dans l&rsquo;ensemble une famille extraordinaire qui m&rsquo;a transmis de belles valeurs, elle reste mon premier socle. Quant aux amis, l&rsquo;existence m&rsquo;a appris que les coups de foudre d&rsquo;amiti\u00e9 existent bel et bien et \u00e0 tout \u00e2ge. Quatre piliers soutiennent ma vie : la famille, les amis, le travail et le public. Je n&rsquo;y mets m\u00eame pas l&rsquo;amour. Il est bien s\u00fbr important mais \u00e7a va \u00e7a vient.<\/p>\n<p><img loading=\"lazy\" decoding=\"async\" class=\"w-full lazyload lazyload--opacity object-contain\" style=\"aspect-ratio:80 \/ 100;opacity:1\" alt=\"MULTIPLE. Musicienne-chanteuse, un peu gitane, tr\u00e8s engag\u00e9e.\" width=\"768\" height=\"960\" fetchpriority=\"auto\" src=\"https:\/\/www.europesays.com\/fr\/wp-content\/uploads\/2025\/04\/1743933249_335_S5VKD3X55FFF3BW6V4SEHXNP7I.png\"  data- data-optimumx=\"1\"\/>MULTIPLE. Musicienne-chanteuse, un peu gitane, tr\u00e8s engag\u00e9e. \u00a9Barbara Pravi<\/p>\n<p class=\"ap-StoryElement ap-StoryElement--mb ap-StoryText\">Je semble avoir trouv\u00e9 une voie qui me r\u00e9ussit, me remplit, non pas les poches mais l&rsquo;esprit et le coeur. Et si sens il doit y avoir, c&rsquo;est de se remplir le coeur. Je souhaite devenir une vieille dame qui aura atteint la meilleure version d&rsquo;elle-m\u00eame et pourra transmettre son exp\u00e9rience.<\/p>\n<p class=\"ap-StoryElement ap-StoryElement--mb ap-StoryText\"><b>Votre tourn\u00e9e tr\u00e8s intense compte plein de dates en Belgique.<\/b><\/p>\n<p class=\"ap-StoryElement ap-StoryElement--mb ap-StoryText\">Ah mais j&rsquo;ai un truc de dingue avec le public belge. Venir chez vous c&rsquo;est la f\u00eate, la joie ultime. L&rsquo;Eurovision aurait pu n&rsquo;\u00eatre qu&rsquo;un coup de chance. Mais non, il y a vraiment un lien r\u00e9el, profond, c&rsquo;est pas de la blague.<\/p>\n<p><img loading=\"lazy\" decoding=\"async\" class=\"w-full lazyload lazyload--opacity object-contain\" style=\"aspect-ratio:100 \/ 100;opacity:1\" alt=\"Album Barbara Pravi, La Pieva, Universal\" width=\"768\" height=\"768\" fetchpriority=\"auto\" src=\"https:\/\/www.europesays.com\/fr\/wp-content\/uploads\/2025\/04\/1743933249_335_S5VKD3X55FFF3BW6V4SEHXNP7I.png\"  data- data-optimumx=\"1\"\/>Album Barbara Pravi, La Pieva, Universal \u00a9Album Barbara Pravi, La Pieva, Universal<\/p>\n<tr class=\"ap-StoryTable-tr\">EN CONCERT<\/tr>\n<tr class=\"ap-StoryTable-tr\">\n<td class=\"ap-StoryTable-td ap-StoryTable-cell\">Le 18 juillet aux Francofolies de Spa,<br \/>le 26 \u00e0 Esperanzah \u00e0 Floreffe,<br \/>le 14 septembre \u00e0 ManiFiesta \u00e0 Ostende,<br \/>le 4 novembre au Cirque Royal \u00e0 Bruxelles,<br \/>le 5 \u00e0 l&rsquo;OM \u00e0 Li\u00e8ge et le 6 eu Th\u00e9\u00e2tre Royal \u00e0 Mons.<\/td>\n<\/tr>\n","protected":false},"excerpt":{"rendered":"\u00ab\u00a0Le jeu me permet d&rsquo;avoir du recul, moi qui ne mets aucun filtre entre ce que je suis&hellip;\n","protected":false},"author":2,"featured_media":67502,"comment_status":"","ping_status":"","sticky":false,"template":"","format":"standard","meta":{"footnotes":""},"categories":[1355],"tags":[16858,16859,16857,16845,5551,2752,16852,16860,16848,58,59,16850,1011,27,16849,16856,16846,16851,1361,873,3878,10598,16847,16853,16855,16854],"class_list":{"0":"post-67501","1":"post","2":"type-post","3":"status-publish","4":"format-standard","5":"has-post-thumbnail","7":"category-musique","8":"tag-actualites-musicales","9":"tag-agenda-concerts-belgique","10":"tag-album-inspire","11":"tag-barbara-pravi","12":"tag-chanson-francaise","13":"tag-chanteuse-francaise","14":"tag-cirque-royal-bruxelles","15":"tag-combat-et-amour-themes","16":"tag-concert-barbara-pravi-belgique","17":"tag-divertissement","18":"tag-entertainment","19":"tag-esperanzah-floreffe","20":"tag-fr","21":"tag-france","22":"tag-francofolies-de-spa","23":"tag-heritage-musical","24":"tag-la-pieva","25":"tag-manifiesta-ostende","26":"tag-music","27":"tag-musique","28":"tag-musique-du-monde","29":"tag-musique-francaise","30":"tag-nouvel-album-barbara-pravi","31":"tag-om-liege","32":"tag-racines-tsiganes","33":"tag-theatre-royal-mons"},"share_on_mastodon":{"url":"","error":"Validation failed: Text character limit of 500 exceeded"},"_links":{"self":[{"href":"https:\/\/www.europesays.com\/fr\/wp-json\/wp\/v2\/posts\/67501","targetHints":{"allow":["GET"]}}],"collection":[{"href":"https:\/\/www.europesays.com\/fr\/wp-json\/wp\/v2\/posts"}],"about":[{"href":"https:\/\/www.europesays.com\/fr\/wp-json\/wp\/v2\/types\/post"}],"author":[{"embeddable":true,"href":"https:\/\/www.europesays.com\/fr\/wp-json\/wp\/v2\/users\/2"}],"replies":[{"embeddable":true,"href":"https:\/\/www.europesays.com\/fr\/wp-json\/wp\/v2\/comments?post=67501"}],"version-history":[{"count":0,"href":"https:\/\/www.europesays.com\/fr\/wp-json\/wp\/v2\/posts\/67501\/revisions"}],"wp:featuredmedia":[{"embeddable":true,"href":"https:\/\/www.europesays.com\/fr\/wp-json\/wp\/v2\/media\/67502"}],"wp:attachment":[{"href":"https:\/\/www.europesays.com\/fr\/wp-json\/wp\/v2\/media?parent=67501"}],"wp:term":[{"taxonomy":"category","embeddable":true,"href":"https:\/\/www.europesays.com\/fr\/wp-json\/wp\/v2\/categories?post=67501"},{"taxonomy":"post_tag","embeddable":true,"href":"https:\/\/www.europesays.com\/fr\/wp-json\/wp\/v2\/tags?post=67501"}],"curies":[{"name":"wp","href":"https:\/\/api.w.org\/{rel}","templated":true}]}}