{"id":675017,"date":"2026-01-19T19:07:16","date_gmt":"2026-01-19T19:07:16","guid":{"rendered":"https:\/\/www.europesays.com\/fr\/675017\/"},"modified":"2026-01-19T19:07:16","modified_gmt":"2026-01-19T19:07:16","slug":"jean-pierre-rivere-quitte-la-liste-deric-ciotti-a-nice-mais-reste-dans-sa-campagne","status":"publish","type":"post","link":"https:\/\/www.europesays.com\/fr\/675017\/","title":{"rendered":"Jean-Pierre Riv\u00e8re quitte la liste d\u2019\u00c9ric Ciotti \u00e0 Nice mais reste dans sa campagne"},"content":{"rendered":"<p>\n    Redevenu pr\u00e9sident de l\u2019OGC Nice fin d\u00e9cembre, un risque d\u2019in\u00e9ligibilit\u00e9 pesait sur Jean-Pierre Riv\u00e8re.<\/p>\n<p class=\"fig-paragraph\">Jean-Pierre Riv\u00e8re, qui devait \u00eatre\u00a0<a href=\"http:\/\/www.lefigaro.fr\/nice\/municipales-2026-l-ancien-president-de-l-ogc-nice-jean-pierre-rivere-rejoint-eric-ciotti-20251006\" data-fig-type=\"NewsFlash\" data-gtm-custom-categorie=\"navigation\" data-gtm-custom-action=\"crossclick\" data-gtm-custom-label=\"Contextuel\" data-gtm-event=\"customEventSPE\" data-fig-domain=\"LEFIGARO\" target=\"_blank\" rel=\"noopener\">le premier adjoint d\u2019\u00c9ric Ciotti<\/a>\u00a0en cas de victoire aux municipales \u00e0 Nice (Alpes-Maritimes), a annonc\u00e9 se retirer de sa liste en raison d\u2019un risque d\u2019in\u00e9ligibilit\u00e9, mais a assur\u00e9 rester un soutien dans sa campagne. Redevenu\u00a0<a href=\"http:\/\/www.lefigaro.fr\/sports\/football\/ligue-1\/ligue-1-fabrice-bocquet-quitte-le-poste-de-president-de-l-ogc-nice-20251219\" data-fig-type=\"NewsFlash\" data-gtm-custom-categorie=\"navigation\" data-gtm-custom-action=\"crossclick\" data-gtm-custom-label=\"Contextuel\" data-gtm-event=\"customEventSPE\" data-fig-domain=\"LEFIGARO\" target=\"_blank\" rel=\"noopener\">pr\u00e9sident de l\u2019OGC Nice<\/a>\u00a0fin d\u00e9cembre en pleine crise, la question de son \u00e9ligibilit\u00e9 s\u2019\u00e9tait alors pos\u00e9e en raison de contrats existant entre le club et la ville, et alors m\u00eame qu\u2019il venait de se lancer en politique.<\/p>\n<p class=\"fig-paragraph\">\u00abM\u00eame s\u2019il n\u2019existait qu\u2019un faible risque juridique, il a refus\u00e9 de faire peser la moindre incertitude sur l\u2019\u00e9quipe rassembl\u00e9e autour d\u2019\u00c9ric Ciotti et sur le projet port\u00e9 pour Nice et la m\u00e9tropole\u00bb, a expliqu\u00e9 l\u2019\u00e9quipe de campagne du d\u00e9put\u00e9 UDR, alli\u00e9 du RN, dans un communiqu\u00e9 de presse. Cette d\u00e9cision a \u00e9t\u00e9 prise \u00abd\u2019un commun accord\u00bb.<\/p>\n<p>                                            <a class=\"fig-a11y-skip\" href=\"#fig-a11y-skip-main-inarticle\" data-module=\"a11y-skip\" data-context=\"was @visible\"><br \/>\n    Passer la publicit\u00e9<br \/>\n<\/a>            <\/p>\n<p class=\"fig-paragraph\">L\u2019entourage du maire sortant\u00a0<a href=\"http:\/\/www.lefigaro.fr\/nice\/municipales-2026-a-nice-christian-estrosi-lance-officiellement-sa-campagne-lors-d-une-grande-reunion-publique-20251122\" data-fig-type=\"NewsFlash\" data-gtm-custom-categorie=\"navigation\" data-gtm-custom-action=\"crossclick\" data-gtm-custom-label=\"Contextuel\" data-gtm-event=\"customEventSPE\" data-fig-domain=\"LEFIGARO\" target=\"_blank\" rel=\"noopener\">Christian Estrosi (Horizons)<\/a>\u00a0avait soulev\u00e9 cette incompatibilit\u00e9 des fonctions et avait indiqu\u00e9 saisir le pr\u00e9fet de ce cas. L\u2019article 231 du code \u00e9lectoral, qui emp\u00eache les \u00abentrepreneurs de services municipaux\u00bb de se pr\u00e9senter, avait alors \u00e9t\u00e9 brandi.<\/p>\n<p class=\"fig-paragraph\">\u00abJPR\u00bb avait quitt\u00e9 la pr\u00e9sidence du Gym en juillet 2025 et respectait a priori cette r\u00e8gle \u00e9lectorale puisque au moment des \u00e9lections municipales en mars 2026, cela aurait fait plus de six mois qu\u2019il aurait quitt\u00e9 ses fonctions. Mais son retour inattendu au club\u00a0<a href=\"http:\/\/www.lefigaro.fr\/nice\/ligue-1-insultes-bagarre-arrets-de-travail-une-enquete-ouverte-pour-violences-aggravees-apres-les-incidents-a-nice-20251202\" data-fig-type=\"NewsFlash\" data-gtm-custom-categorie=\"navigation\" data-gtm-custom-action=\"crossclick\" data-gtm-custom-label=\"Contextuel\" data-gtm-event=\"customEventSPE\" data-fig-domain=\"LEFIGARO\" target=\"_blank\" rel=\"noopener\">en pleine temp\u00eate<\/a>\u00a0avec Maurice Cohen, a de fait soulev\u00e9 cette interrogation, m\u00eame si les avis des experts et juristes divergeaient.<\/p>\n<p class=\"fig-paragraph\">Seul un juge \u00e9lectoral aurait eu \u00e0 trancher cette situation apr\u00e8s les \u00e9lections et au risque de devoir les annuler. M\u00eame si Jean-Pierre Riv\u00e8re n\u2019a pas sign\u00e9 officiellement de contrat de pr\u00e9sident de l\u2019OGC Nice, il occupe le poste de mani\u00e8re effective par ses diverses prises de parole et apparitions m\u00e9diatiques.<\/p>\n<p>                                            Copr\u00e9sident du comit\u00e9 de soutien<\/p>\n<p class=\"fig-paragraph\">\u00abDepuis plusieurs semaines, une agitation artificielle est entretenue par ceux qui sentent la campagne leur \u00e9chapper. Faute d\u2019id\u00e9es et de projet, ils ont choisi de cr\u00e9er une pol\u00e9mique de toutes pi\u00e8ces\u00bb, a d\u00e9nonc\u00e9 \u00c9ric Ciotti dans son communiqu\u00e9.<\/p>\n<p class=\"fig-paragraph\">Une \u00abunion renforc\u00e9e dans une organisation renouvel\u00e9e\u00bb est encore d\u00e9fendue\u00a0: Jean-Pierre Riv\u00e8re (68 ans), qui avait rejoint \u00c9ric Ciotti en octobre 2025, va devenir copr\u00e9sident de son comit\u00e9 de soutien et sera ensuite son \u00abconseiller sp\u00e9cial\u00bb si celui-ci devient maire de Nice. \u00abL\u00e0 o\u00f9 certains esp\u00e9raient fragiliser un duo, ils n\u2019ont fait que resserrer les rangs d\u2019une \u00e9quipe d\u00e9termin\u00e9e\u00bb, assure encore le candidat.<\/p>\n<p>                                            <a class=\"fig-a11y-skip\" href=\"#fig-a11y-skip-main-inarticle_mtf\" data-module=\"a11y-skip\" data-context=\"was @visible\"><br \/>\n    Passer la publicit\u00e9<br \/>\n<\/a>            <\/p>\n<p class=\"fig-paragraph\">En campagne depuis fin ao\u00fbt et sa d\u00e9claration de candidature, \u00c9ric Ciotti a d\u00e9j\u00e0 annonc\u00e9 plusieurs colistiers, parmi lesquels Jean-Pierre Riv\u00e8re \u00e9tait la t\u00eate de gondole. Entre-temps, l\u2019ex-directeur g\u00e9n\u00e9ral des services de Nice,\u00a0<a href=\"http:\/\/www.lefigaro.fr\/nice\/municipales-2026-un-ancien-proche-de-christian-estrosi-a-nice-et-haut-fonctionnaire-rejoint-eric-ciotti-20260107\" data-fig-type=\"NewsFlash\" data-gtm-custom-categorie=\"navigation\" data-gtm-custom-action=\"crossclick\" data-gtm-custom-label=\"Contextuel\" data-gtm-event=\"customEventSPE\" data-fig-domain=\"LEFIGARO\" target=\"_blank\" rel=\"noopener\">Olivier Breuilly<\/a>\u00a0mais aussi l\u2019ex-pr\u00e9sident des patrons dans les Alpes-Maritimes, Pierre Ippolito, ont aussi rejoint la liste \u00abciottiste\u00bb. Mais pour ce dernier, \u00e0 la t\u00eate de plusieurs entreprises, la question de l\u2019in\u00e9ligibilit\u00e9 pourrait aussi se poser pour les m\u00eames raisons.<\/p>\n<p class=\"fig-paragraph\">\u00c0 ce stade, \u00c9ric Ciotti n\u2019a pas annonc\u00e9 qui serait son premier adjoint \u00e0 la place de Jean-Pierre Riv\u00e8re.<\/p>\n","protected":false},"excerpt":{"rendered":"Redevenu pr\u00e9sident de l\u2019OGC Nice fin d\u00e9cembre, un risque d\u2019in\u00e9ligibilit\u00e9 pesait sur Jean-Pierre Riv\u00e8re. Jean-Pierre Riv\u00e8re, qui devait&hellip;\n","protected":false},"author":2,"featured_media":675018,"comment_status":"","ping_status":"","sticky":false,"template":"","format":"standard","meta":{"footnotes":""},"categories":[2819],"tags":[1111,11,2397,6537,1777,674,1011,27,12,2401,2268,882,25],"class_list":{"0":"post-675017","1":"post","2":"type-post","3":"status-publish","4":"format-standard","5":"has-post-thumbnail","7":"category-nice","8":"tag-actu","9":"tag-actualites","10":"tag-christian-estrosi","11":"tag-eric-ciotti","12":"tag-eu","13":"tag-europe","14":"tag-fr","15":"tag-france","16":"tag-news","17":"tag-nice","18":"tag-ogc-nice","19":"tag-provence-alpes-cote-dazur","20":"tag-republique-francaise"},"share_on_mastodon":{"url":"https:\/\/pubeurope.com\/@fr\/115923336797086436","error":""},"_links":{"self":[{"href":"https:\/\/www.europesays.com\/fr\/wp-json\/wp\/v2\/posts\/675017","targetHints":{"allow":["GET"]}}],"collection":[{"href":"https:\/\/www.europesays.com\/fr\/wp-json\/wp\/v2\/posts"}],"about":[{"href":"https:\/\/www.europesays.com\/fr\/wp-json\/wp\/v2\/types\/post"}],"author":[{"embeddable":true,"href":"https:\/\/www.europesays.com\/fr\/wp-json\/wp\/v2\/users\/2"}],"replies":[{"embeddable":true,"href":"https:\/\/www.europesays.com\/fr\/wp-json\/wp\/v2\/comments?post=675017"}],"version-history":[{"count":0,"href":"https:\/\/www.europesays.com\/fr\/wp-json\/wp\/v2\/posts\/675017\/revisions"}],"wp:featuredmedia":[{"embeddable":true,"href":"https:\/\/www.europesays.com\/fr\/wp-json\/wp\/v2\/media\/675018"}],"wp:attachment":[{"href":"https:\/\/www.europesays.com\/fr\/wp-json\/wp\/v2\/media?parent=675017"}],"wp:term":[{"taxonomy":"category","embeddable":true,"href":"https:\/\/www.europesays.com\/fr\/wp-json\/wp\/v2\/categories?post=675017"},{"taxonomy":"post_tag","embeddable":true,"href":"https:\/\/www.europesays.com\/fr\/wp-json\/wp\/v2\/tags?post=675017"}],"curies":[{"name":"wp","href":"https:\/\/api.w.org\/{rel}","templated":true}]}}