{"id":675023,"date":"2026-01-19T19:10:12","date_gmt":"2026-01-19T19:10:12","guid":{"rendered":"https:\/\/www.europesays.com\/fr\/675023\/"},"modified":"2026-01-19T19:10:12","modified_gmt":"2026-01-19T19:10:12","slug":"en-gironde-lea-ouvre-un-cafe-pas-comme-les-autres","status":"publish","type":"post","link":"https:\/\/www.europesays.com\/fr\/675023\/","title":{"rendered":"en Gironde, L\u00e9a ouvre un caf\u00e9 pas comme les autres"},"content":{"rendered":"<p>                    Par<br \/>\n        <strong><br \/>\n            <a href=\"https:\/\/actu.fr\/auteur\/edwin-bleunven\" title=\"Consulter tous les articles de Edwin Bleunven\" target=\"_blank\" rel=\"noopener\">Edwin Bleunven<\/a><br \/>\n                    <\/strong><\/p>\n<p>        Publi\u00e9 le<\/p>\n<p>            19 janv. 2026 \u00e0 20h00        <\/p>\n<p>Une tasse de <b>th\u00e9 fumant<\/b> et des <b>aiguilles <\/b>prises dans une layette blanche en cours de tricot. La table occup\u00e9e par B\u00e9atrice au <b>Brouhaha Caf\u00e9-Tricot<\/b> est l\u2019illustration parfaite de ce qu\u2019offre le <b>nouvel \u00e9tablissement<\/b> install\u00e9 depuis mi-d\u00e9cembre\u00a02025 \u00e0 <a href=\"https:\/\/actu.fr\/nouvelle-aquitaine\/langoiran_33226\" target=\"_blank\" rel=\"noopener\">Langoiran<\/a>, en <a href=\"https:\/\/actu.fr\/nouvelle-aquitaine\/gironde_33\" target=\"_blank\" rel=\"noopener\">Gironde<\/a>. Elle est plac\u00e9e au fond du local, tout juste r\u00e9nov\u00e9e. Le mur qu\u2019elle devance est coup\u00e9 en diagonale par deux couleurs flashy\u2009: de l\u2019orange et du rouge. Autour d\u2019elle, des <b>pelotes de laines<\/b>, des sa<b>chets de th\u00e9s<\/b> et des <b>chaises de seconde main<\/b>. Tout le mobilier a \u00e9t\u00e9 chin\u00e9 et remis en \u00e9tat par <b>la g\u00e9rante des lieux, L\u00e9a Matte<\/b>. Le Brouhaha, c\u2019est son id\u00e9e.<br \/>Install\u00e9e depuis quatre ans \u00e0 <a href=\"https:\/\/actu.fr\/nouvelle-aquitaine\/castres-gironde_33109\" target=\"_blank\" rel=\"noopener\">Castres-Gironde<\/a>, de l\u2019autre c\u00f4t\u00e9 de la <a href=\"https:\/\/actu.fr\/nouvelle-aquitaine\/castres-gironde_33109\" target=\"_blank\" rel=\"noopener\">Garonne<\/a>, cette f\u00e9rue de laine et d\u2019aiguilles a ouvert, le 9\u00a0d\u00e9cembre 2026, un lieu \u00e0 son image\u2009: <b>un caf\u00e9 tricot<\/b>. \u00ab\u2009J\u2019ai d\u2019abord pens\u00e9 \u00e0 ouvrir une <b>mercerie<\/b>. Mais juste tenir une boutique \u00e7a n\u2019allait pas avec ce que je suis\u2009\u00bb, introduit la commer\u00e7ante.<br \/>Mais alors comment en arrive-t-elle \u00e0 ouvrir un tel lieu \u00e0 Langoiran\u2009? La r\u00e9ponse se trouve dans<b> plusieurs chapitres<\/b> de sa vie.<\/p>\n<p>    <img   decoding=\"async\" loading=\"lazy\" class=\"size-large\" src=\"https:\/\/www.europesays.com\/fr\/wp-content\/uploads\/2026\/01\/df603adc4e696b3703adc4e6987703v-960x640.jpg\" alt=\"Trois semaines de travaux ont permis \u00e0 L\u00e9a Matte de transformer un ancien local de fleuriste \u00e0 Langoiran (Gironde) en caf\u00e9-tricot : le Brouhaha.\" width=\"960\" height=\"640\"\/><br \/>\n    Trois semaines de travaux ont permis \u00e0 L\u00e9a Matte de transformer un ancien local de fleuriste \u00e0 Langoiran (Gironde) en caf\u00e9-tricot\u2009: le Brouhaha. \u00a9Edwin Bleunven \/ Le R\u00e9publicain Sud-GirondeUne enfance en milieu rural<\/p>\n<p class=\" wall-content\">Tout d\u2019abord, L\u00e9a Matte grandit en r\u00e9gion parisienne, \u00ab\u2009c\u00f4t\u00e9 campagne\u2009\u00bb. Un premier indicateur du projet Brouhaha.<\/p>\n<blockquote class=\"ac-article-quote wall-content\">\n<p>Je voulais ouvrir un lieu dans un milieu rural. Un commerce de proximit\u00e9. Pour dynamiser l\u2019endroit o\u00f9 vivent les gens que j\u2019aime.<\/p>\n<p>L\u00e9a Matte<\/p><\/blockquote>\n<p class=\" wall-content\">Mais cela n\u2019explique pas pourquoi, elle a choisi une petite bourgade du Sud-Gironde. Pour cela, il faut d\u2019abord chercher dans son <b>arbre g\u00e9n\u00e9alogique<\/b>\u2009: \u00ab\u2009Toute ma famille maternelle habite dans le coin, donc j\u2019ai pass\u00e9 des \u00e9t\u00e9s ici \u00e9tant plus jeune.\u2009\u00bb<\/p>\n<p class=\" wall-content\">Voil\u00e0 un nouvel indice, mais pas encore la r\u00e9solution du myst\u00e8re. Il faut encore d\u00e9rouler la pelote et avancer un peu dans le temps.<\/p>\n<p>Provenance de la laine, du th\u00e9 et du caf\u00e9 : un choix fort<\/p>\n<p>La provenance des produits vendus au Brouhaha est \u00ab\u2009un choix non n\u00e9gociable\u2009\u00bb pour L\u00e9a matte. La g\u00e9rante a choisi de proposer des th\u00e9s faits \u00e0 Landiras (Hygg\u00eb), des caf\u00e9s torr\u00e9fi\u00e9s \u00e0 Noaillan (Br\u00fblerie des Graves), des jus de fruits de Saint-Loub\u00e8s (Maison Meneau) et des laines de marque fran\u00e7aise. De plus, les p\u00e2tisseries propos\u00e9es sont fa\u00eetes maison (L\u00e9a Matte a son CAP p\u00e2tisserie).<\/p>\n<p>Votre r\u00e9gion, votre actu !<\/p>\n<p>Recevez chaque jour les infos qui comptent pour vous.<\/p>\n<p>\t<a href=\"https:\/\/actu.fr\/newsletter\" class=\"ac-btn ac-btn--corner ac-btn--medium ac-btn--blue800\" target=\"_blank\" rel=\"noopener\">S&rsquo;incrire<\/a><br \/>\nLibrairie et tricot\u2009: les deux racines de son projet<\/p>\n<p class=\" wall-content\">Libraire \u00e0 Paris entre\u00a02008 et\u00a02012, L\u00e9a Matte forge alors deux piliers de son caf\u00e9-tricot. Oui, plus de 15\u00a0ans avant. \u00c0 cette \u00e9poque, elle souhaite ouvrir <b>un caf\u00e9-librairie<\/b>\u2009: \u00ab\u2009Je tra\u00eenais ma s\u0153ur dans tous les lieux de ce style.\u2009\u00bb Voil\u00e0 pour l\u2019explication du lieu convivial, <b>de rencontre et d\u2019\u00e9change<\/b>.<\/p>\n<p class=\" wall-content\">Mais c\u2019est aussi une p\u00e9riode lors de laquelle elle rencontre une amie qui va devenir \u00ab\u2009<b>une copine de tricot<\/b>\u2009\u00bb. Oui parce qu\u2019avant d\u2019\u00eatre libraire, L\u00e9a a demand\u00e9 \u00e0 sa maman de lui montrer comment on tricote\u2009:<\/p>\n<blockquote class=\"ac-article-quote wall-content\">\n<p>\u00c0 18\u00a0ans, j\u2019ai fait un bonnet. Et puis pendant 3-4\u00a0ans, je faisais des \u00e9charpes. Parce que je ne savais faire que \u00e7a.<\/p>\n<p>L\u00e9a Matte<\/p><\/blockquote>\n<p>    <img   decoding=\"async\" loading=\"lazy\" class=\"size-large\" src=\"https:\/\/www.europesays.com\/fr\/wp-content\/uploads\/2026\/01\/668aec3d4e696ea8aec3d4e69ee8aev-960x640.jpg\" alt=\"Le Brouhaha caf\u00e9 tricot \u00e0 ouvert sur la place Aim\u00e9 Gauzy, \u00e0 Langoiran, en Gironde.\" width=\"960\" height=\"640\"\/><br \/>\n    Le Brouhaha caf\u00e9 tricot \u00e0 ouvert sur la place Aim\u00e9-Gauzy, entre le Grand soir et la Garonne, \u00e0 Langoiran, en Gironde. \u00a9Edwin Bleunven \/ Le R\u00e9publicain Sud-Gironde<\/p>\n<p class=\" wall-content\">Alors, avec sa nouvelle complice parisienne, elle se lance plus s\u00e9rieusement dans le tricot. \u00ab\u2009On faisait les m\u00eames patrons, m\u00eame \u00e0 distance\u2009\u00bb, se rem\u00e9more-t-elle. Une partie de l\u2019intrigue est lev\u00e9e.<\/p>\n<p class=\" wall-content\">Cependant, \u00e0 ce moment du r\u00e9cit, L\u00e9a est toujours en r\u00e9gion parisienne. Et pas derri\u00e8re un <b>comptoir garni de p\u00e2tisseries maison<\/b>, \u00e0 discuter tricot avec les clientes pr\u00e9sentes dans son caf\u00e9.<\/p>\n<p>Bient\u00f4t des ateliers au Brouhaha<\/p>\n<p>Au Brouhaha, m\u00eame si le nom inclut le mot tricot, L\u00e9a Matte tient \u00e0 pr\u00e9ciser que \u00ab\u2009venir profiter d\u2019un caf\u00e9 sans tricoter, \u00e7a marche aussi ici.\u2009\u00bb N\u00e9anmoins, elle voit un r\u00e9el engouement pour le tricot\u2009: \u00ab\u2009Beaucoup de gens savent tricoter mais ne le font plus. Et ce lieu leur donne envie de reprendre.\u2009\u00bb Pour aider \u00e0 la reprise ou \u00e0 la d\u00e9couverte de l\u2019activit\u00e9, la commer\u00e7ante et des partenaires vont organiser des ateliers tricot, mais aussi broderie, crochet et m\u00eame peinture et fleuriste.<\/p>\n<p>Une premi\u00e8re reconversion qui l\u2019am\u00e8ne en Sud-Gironde<\/p>\n<p class=\" wall-content\">Pour en arriver l\u00e0, il a fallu une <a href=\"https:\/\/actu.fr\/tag\/reconversion\" target=\"_blank\" rel=\"noopener\">reconversion<\/a>, un oncle \u00e9lectricien et un job de <b>coordinatrice technique <\/b>de chantier dans l\u2019alarme et la<b> vid\u00e9o surveillance<\/b>. \u00ab\u2009Je suis venu me former en \u00e9lectricit\u00e9 chez mon oncle \u00e0 Beautiran.\u2009\u00bb Ainsi, L\u00e9a s\u2019installe \u00e0 Bordeaux et travaille dans le grand Sud-Ouest.<\/p>\n<p class=\" wall-content\">Un premier rapprochement pour finalement atterrir \u00e0 Castres-Gironde, il y a quatre ans. Le d\u00e9nouement approche. L\u00e9a n\u2019est plus tr\u00e8s loin de la place Aim\u00e9-Gauzy (adresse du Brouhaha).<\/p>\n<p>    <img   decoding=\"async\" loading=\"lazy\" class=\"size-large\" src=\"https:\/\/www.europesays.com\/fr\/wp-content\/uploads\/2026\/01\/f39f30cd4e696e79f30cd4e69db9f3v-960x640.jpg\" alt=\"Au Brouhaha caf\u00e9 tricot de Langoiran (Gironde), tous les meubles sont chin\u00e9s et de seconde main.\" width=\"960\" height=\"640\"\/><br \/>\n    Au Brouhaha caf\u00e9 tricot de Langoiran (Gironde), tous les meubles sont chin\u00e9s et de seconde main. \u00a9Edwin Bleunven \/ Le R\u00e9publicain Sud-GirondeLe r\u00f4le du Grand soir<\/p>\n<p class=\" wall-content\">Pour cela, entrent en jeu les amis\u2009: \u00ab\u2009Les g\u00e9rants du Grand Soir sont des copains. Je venais ici pour le c\u00f4t\u00e9 vivant et anim\u00e9.\u2009\u00bb<\/p>\n<p class=\" wall-content\">Lors de <a href=\"https:\/\/actu.fr\/nouvelle-aquitaine\/langoiran_33226\/en-gironde-10-ans-apres-sa-fermeture-ce-bar-restaurant-de-village-renait-grace-a-quatre-copains_62437414.html\" target=\"_blank\" rel=\"noopener\">l\u2019ouverture du bar-restaurant voisin (le Grand Soir a ouvert en d\u00e9cembre<\/a>\u00a0<a href=\"https:\/\/actu.fr\/nouvelle-aquitaine\/langoiran_33226\/en-gironde-10-ans-apres-sa-fermeture-ce-bar-restaurant-de-village-renait-grace-a-quatre-copains_62437414.html\" target=\"_blank\" rel=\"noopener\">2024<\/a>), elle propose aux g\u00e9rants de faire des <b>soir\u00e9es tricot<\/b>. Le concept rencontre alors son petit succ\u00e8s. \u00ab\u2009Au d\u00e9part, on \u00e9tait huit. Maintenant, on est une vingtaine. Et je n\u2019ai plus une, mais plein de copines tricot\u2009\u00bb, se r\u00e9jouit L\u00e9a. L\u2019id\u00e9e d\u2019ouvrir un lieu vivant autour du tricot fait son chemin.<\/p>\n<p class=\" wall-content\">Par ailleurs, au Grand Soir, une nouvelle rencontre tisse une nouvelle maille. Marie, une fleuriste install\u00e9e juste \u00e0 c\u00f4t\u00e9, <b>va l\u00e2cher son local<\/b>. C\u2019est l\u2019occasion ou jamais, L\u00e9a Matte se lance. Le myst\u00e8re Brouhaha caf\u00e9-tricot touche \u00e0 sa fin.\u00a0<\/p>\n<p class=\" wall-content\">Et le r\u00e9sultat est r\u00e9ussi. Un lieu convivial, douillet et lumineux. Il a d\u00e9j\u00e0 convaincu B\u00e9atrice, cliente de Cr\u00e9on. Depuis qu\u2019elle a d\u00e9couvert le lieu par hasard, mi-d\u00e9cembre, <b>elle revient une fois par semaine<\/b>\u2009: \u00ab\u2009Il devrait y avoir des lieux comme \u00e7a un peu partout.\u2009\u00bb<\/p>\n<p class=\" wall-content\">\u00c0 Langoiran, le Brouhaha s\u2019est fait une place.<\/p>\n<p>Les horaires du Brouhaha : du mardi au vendredi de 8 h 30 \u00e0 12 h et de 14 h \u00e0 18 h. Le samedi de 9 h \u00e0 17 h en continu.<\/p>\n<p class=\" wall-content\">Personnalisez votre actualit\u00e9 en ajoutant vos villes et m\u00e9dias en favori avec <a href=\"https:\/\/moncompte.actu.fr\" title=\"D\u00e9couvez Mon Actu\" rel=\"nofollow noopener\" data-trk=\"{&quot;cta&quot;:{&quot;action&quot;:&quot;https:\\\/\\\/moncompte.actu.fr&quot;,&quot;category&quot;:&quot;mon compte&quot;,&quot;from&quot;:&quot;article footer&quot;,&quot;name&quot;:&quot;Mon actu&quot;,&quot;type&quot;:&quot;cta&quot;}}\" target=\"_blank\">Mon Actu<\/a>.<\/p>\n","protected":false},"excerpt":{"rendered":"Par Edwin Bleunven Publi\u00e9 le 19 janv. 2026 \u00e0 20h00 Une tasse de th\u00e9 fumant et des aiguilles&hellip;\n","protected":false},"author":2,"featured_media":675024,"comment_status":"","ping_status":"","sticky":false,"template":"","format":"standard","meta":{"footnotes":""},"categories":[2817],"tags":[1111,11,1997,215,33,1777,674,1011,27,12,3147,2219,9026,25],"class_list":{"0":"post-675023","1":"post","2":"type-post","3":"status-publish","4":"format-standard","5":"has-post-thumbnail","7":"category-bordeaux","8":"tag-actu","9":"tag-actualites","10":"tag-bordeaux","11":"tag-commerce","12":"tag-economie","13":"tag-eu","14":"tag-europe","15":"tag-fr","16":"tag-france","17":"tag-news","18":"tag-nouveaux-commerces","19":"tag-nouvelle-aquitaine","20":"tag-portrait","21":"tag-republique-francaise"},"share_on_mastodon":{"url":"https:\/\/pubeurope.com\/@fr\/115923348949378879","error":""},"_links":{"self":[{"href":"https:\/\/www.europesays.com\/fr\/wp-json\/wp\/v2\/posts\/675023","targetHints":{"allow":["GET"]}}],"collection":[{"href":"https:\/\/www.europesays.com\/fr\/wp-json\/wp\/v2\/posts"}],"about":[{"href":"https:\/\/www.europesays.com\/fr\/wp-json\/wp\/v2\/types\/post"}],"author":[{"embeddable":true,"href":"https:\/\/www.europesays.com\/fr\/wp-json\/wp\/v2\/users\/2"}],"replies":[{"embeddable":true,"href":"https:\/\/www.europesays.com\/fr\/wp-json\/wp\/v2\/comments?post=675023"}],"version-history":[{"count":0,"href":"https:\/\/www.europesays.com\/fr\/wp-json\/wp\/v2\/posts\/675023\/revisions"}],"wp:featuredmedia":[{"embeddable":true,"href":"https:\/\/www.europesays.com\/fr\/wp-json\/wp\/v2\/media\/675024"}],"wp:attachment":[{"href":"https:\/\/www.europesays.com\/fr\/wp-json\/wp\/v2\/media?parent=675023"}],"wp:term":[{"taxonomy":"category","embeddable":true,"href":"https:\/\/www.europesays.com\/fr\/wp-json\/wp\/v2\/categories?post=675023"},{"taxonomy":"post_tag","embeddable":true,"href":"https:\/\/www.europesays.com\/fr\/wp-json\/wp\/v2\/tags?post=675023"}],"curies":[{"name":"wp","href":"https:\/\/api.w.org\/{rel}","templated":true}]}}