{"id":675029,"date":"2026-01-19T19:13:12","date_gmt":"2026-01-19T19:13:12","guid":{"rendered":"https:\/\/www.europesays.com\/fr\/675029\/"},"modified":"2026-01-19T19:13:12","modified_gmt":"2026-01-19T19:13:12","slug":"toulouse-a-peine-ouvert-deja-ferme-voici-pourquoi-ce-depot-ikea-va-cesser-son-activite","status":"publish","type":"post","link":"https:\/\/www.europesays.com\/fr\/675029\/","title":{"rendered":"Toulouse. A peine ouvert, d\u00e9j\u00e0 ferm\u00e9&#8230; Voici pourquoi ce d\u00e9p\u00f4t Ikea va cesser son activit\u00e9"},"content":{"rendered":"<p>                    Par<br \/>\n        <strong><br \/>\n            <a href=\"https:\/\/actu.fr\/auteur\/nicolas-stival\" title=\"Consulter tous les articles de Nicolas Stival\" target=\"_blank\" rel=\"noopener\">Nicolas Stival<\/a><br \/>\n                    <\/strong><\/p>\n<p>        Publi\u00e9 le<\/p>\n<p>            19 janv. 2026 \u00e0 19h31        <\/p>\n<p>C\u2019est un vaste entrep\u00f4t, qui aura \u00e0 peine \u00e9t\u00e9 utilis\u00e9 pendant deux ans et demi lorsqu\u2019il fermera ses portes au mois d\u2019ao\u00fbt. <strong><a href=\"http:\/\/actu.fr\/tag\/ikea\" target=\"_blank\" rel=\"noopener\">Ikea<\/a> va cesser l\u2019activit\u00e9 de son d\u00e9p\u00f4t logistique de Toulouse<\/strong>, <strong><a href=\"https:\/\/actu.fr\/occitanie\/toulouse_31555\/toulouse-ikea-ouvre-un-entrepot-xxl-pour-livrer-ses-clients-plus-vite_60834179.html\" target=\"_blank\" rel=\"noopener\">install\u00e9 depuis mars\u00a02024<\/a><\/strong> au 18, rue Jean-Perrin, <strong>dans la zone industrielle Actisud Le Chapitre<\/strong>. Face \u00e0 cette d\u00e9cision du g\u00e9ant su\u00e9dois du mobilier et de la d\u00e9coration, les employ\u00e9s du site ont d\u00e9pos\u00e9 <strong>un pr\u00e9avis de gr\u00e8ve<\/strong> pour ce lundi 19 janvier 2026.<\/p>\n<p>Changement de strat\u00e9gie<\/p>\n<p class=\" wall-content\">Les locaux permettent de stocker <strong>3\u2009000 r\u00e9f\u00e9rences<\/strong> sur <strong>une surface de 10\u2009000\u00a0m2<\/strong>. \u00ab\u2009Le d\u00e9p\u00f4t a \u00e9t\u00e9 ouvert afin d\u2019am\u00e9liorer les capacit\u00e9s de livraison dans le Sud-Ouest et de r\u00e9duire les d\u00e9lais de livraison, indique Ikea France, contact\u00e9 par Actu Toulouse. Le r\u00e9seau de distribution a \u00e9volu\u00e9 vers plus de compl\u00e9mentarit\u00e9 entre magasins et d\u00e9p\u00f4ts.\u2009\u00bb<\/p>\n<p>    <img   decoding=\"async\" loading=\"lazy\" src=\"https:\/\/www.europesays.com\/fr\/wp-content\/uploads\/2026\/01\/whatsapp-image-2024-03-18-at-160517-1-960x640.jpeg\" alt=\"Le d\u00e9p\u00f4t d'Ikea \u00e0 Toulouse couvre une surface de 10 000 m2.\" width=\"960\" height=\"640\"\/><br \/>\n    Le d\u00e9p\u00f4t d\u2019Ikea \u00e0 Toulouse couvre une surface de 10\u2009000\u00a0m2. (\u00a9Photo d\u2019archives \/ Mar\u00e9va Laville \/ Actu Toulouse)Une flotte 100\u2009% \u00e9lectrique<\/p>\n<p class=\" wall-content\">Cette nouvelle strat\u00e9gie du groupe a donc condamn\u00e9 le site toulousain, dont l\u2019activit\u00e9 n\u2019a jamais atteint l\u2019objectif esp\u00e9r\u00e9. L\u2019entrep\u00f4t avait \u00e9t\u00e9 initialement pens\u00e9 pour desservir une zone rayonnant jusqu\u2019\u00e0 <strong>Rodez, Castres, Albi et <a href=\"http:\/\/actu.fr\/occitanie\/carcassonne_11069\" target=\"_blank\" rel=\"noopener\">Carcassonne<\/a><\/strong>. Il devait ensuite s\u2019\u00e9tendre aux magasins et clients <strong>des r\u00e9gions de Montpellier et de Bordeaux<\/strong>, gr\u00e2ce \u00e0 une flotte de v\u00e9hicules 100\u2009% \u00e9lectrique.<\/p>\n<blockquote class=\"ac-article-quote wall-content\">\n<p>Le d\u00e9p\u00f4t de Toulouse ne r\u00e9pond plus aux besoins logistiques et aux objectifs pr\u00e9vus lors de son ouverture.<\/p>\n<p>    <strong>Ikea France<\/strong>\n            <\/p><\/blockquote>\n<p class=\" wall-content\">L\u2019investissement global de l\u2019entreprise sur ce site condamn\u00e9 \u00e0 court terme \u00e9tait \u00e9valu\u00e9 \u00e0 <strong>11\u00a0millions d\u2019euros<\/strong> lors de son ouverture. \u00ab\u2009La fermeture est pr\u00e9vue pour le mois d\u2019ao\u00fbt\u00a02026, confirme Ikea France. <strong>L\u2019activit\u00e9 est d\u00e9m\u00e9nag\u00e9e au sein du magasin de Toulouse<\/strong>. Une r\u00e9partition des flux sera effectu\u00e9e entre ce magasin, celui de Bayonne et le d\u00e9p\u00f4t de Saint-Quentin-Fallavier (Is\u00e8re).\u2009\u00bb<\/p>\n<p>Quel avenir pour les salari\u00e9s\u2009?<\/p>\n<p class=\" wall-content\">Le \u00ab\u2009magasin de Toulouse\u2009\u00bb d\u00e9signe <a href=\"https:\/\/actu.fr\/occitanie\/roques_31458\/pres-de-toulouse-ikea-organise-un-grand-vide-grenier-pour-soutenir-les-personnes-hospitalisees_62586318.html\" target=\"_blank\" rel=\"noopener\"><strong>l\u2019enseigne de Roques<\/strong><\/a>, implant\u00e9e depuis 1995 au sud-ouest de l\u2019agglom\u00e9ration. Celle-ci pourrait accueillir une partie des <strong>62 salari\u00e9s<\/strong> de l\u2019entrep\u00f4t de la ZI Actisud Le Chapitre.<\/p>\n<p>Votre r\u00e9gion, votre actu !<\/p>\n<p>Recevez chaque jour les infos qui comptent pour vous.<\/p>\n<p>\t<a href=\"https:\/\/actu.fr\/newsletter\" class=\"ac-btn ac-btn--corner ac-btn--medium ac-btn--blue800\" target=\"_blank\" rel=\"noopener\">S&rsquo;incrire<\/a><\/p>\n<p class=\" wall-content\">Ikea France \u00e9voque sans plus de d\u00e9tails \u00ab\u2009un accompagnement individualis\u00e9\u2009\u00bb des effectifs concern\u00e9s, et <strong>une \u00ab\u2009garantie de la pr\u00e9servation de l\u2019emploi\u2009\u00bb<\/strong>.<\/p>\n<p>    <a href=\"https:\/\/www.google.com\/maps\/embed?pb=!1m18!1m12!1m3!1d2375.5834679183326!2d1.4154015752697784!3d43.5573830586241!2m3!1f0!2f0!3f0!3m2!1i1024!2i768!4f13.1!3m3!1m2!1s0x12aebbdbc2da140d%3A0x835a672f4a930e64!2s18%20Rue%20Jean%20Perrin%2C%2031100%20Toulouse!5e1!3m2!1sfr!2sfr!4v1768832233240!5m2!1sfr!2sfr\" title=\"Ouvrie le lien\" target=\"_blank\" rel=\"noopener\">Cliquez ici pour visualiser le contenu<\/a><\/p>\n<p class=\" wall-content\">Personnalisez votre actualit\u00e9 en ajoutant vos villes et m\u00e9dias en favori avec <a href=\"https:\/\/moncompte.actu.fr\" title=\"D\u00e9couvez Mon Actu\" rel=\"nofollow noopener\" data-trk=\"{&quot;cta&quot;:{&quot;action&quot;:&quot;https:\\\/\\\/moncompte.actu.fr&quot;,&quot;category&quot;:&quot;mon compte&quot;,&quot;from&quot;:&quot;article footer&quot;,&quot;name&quot;:&quot;Mon actu&quot;,&quot;type&quot;:&quot;cta&quot;}}\" target=\"_blank\">Mon Actu<\/a>.<\/p>\n","protected":false},"excerpt":{"rendered":"Par Nicolas Stival Publi\u00e9 le 19 janv. 2026 \u00e0 19h31 C\u2019est un vaste entrep\u00f4t, qui aura \u00e0 peine&hellip;\n","protected":false},"author":2,"featured_media":675030,"comment_status":"","ping_status":"","sticky":false,"template":"","format":"standard","meta":{"footnotes":""},"categories":[2816],"tags":[1111,11,33,1777,674,1011,27,6151,714,12,2680,25,2312,216],"class_list":{"0":"post-675029","1":"post","2":"type-post","3":"status-publish","4":"format-standard","5":"has-post-thumbnail","7":"category-toulouse","8":"tag-actu","9":"tag-actualites","10":"tag-economie","11":"tag-eu","12":"tag-europe","13":"tag-fr","14":"tag-france","15":"tag-greve","16":"tag-ikea","17":"tag-news","18":"tag-occitanie","19":"tag-republique-francaise","20":"tag-toulouse","21":"tag-vie-des-entreprises"},"share_on_mastodon":{"url":"https:\/\/pubeurope.com\/@fr\/115923360539103115","error":""},"_links":{"self":[{"href":"https:\/\/www.europesays.com\/fr\/wp-json\/wp\/v2\/posts\/675029","targetHints":{"allow":["GET"]}}],"collection":[{"href":"https:\/\/www.europesays.com\/fr\/wp-json\/wp\/v2\/posts"}],"about":[{"href":"https:\/\/www.europesays.com\/fr\/wp-json\/wp\/v2\/types\/post"}],"author":[{"embeddable":true,"href":"https:\/\/www.europesays.com\/fr\/wp-json\/wp\/v2\/users\/2"}],"replies":[{"embeddable":true,"href":"https:\/\/www.europesays.com\/fr\/wp-json\/wp\/v2\/comments?post=675029"}],"version-history":[{"count":0,"href":"https:\/\/www.europesays.com\/fr\/wp-json\/wp\/v2\/posts\/675029\/revisions"}],"wp:featuredmedia":[{"embeddable":true,"href":"https:\/\/www.europesays.com\/fr\/wp-json\/wp\/v2\/media\/675030"}],"wp:attachment":[{"href":"https:\/\/www.europesays.com\/fr\/wp-json\/wp\/v2\/media?parent=675029"}],"wp:term":[{"taxonomy":"category","embeddable":true,"href":"https:\/\/www.europesays.com\/fr\/wp-json\/wp\/v2\/categories?post=675029"},{"taxonomy":"post_tag","embeddable":true,"href":"https:\/\/www.europesays.com\/fr\/wp-json\/wp\/v2\/tags?post=675029"}],"curies":[{"name":"wp","href":"https:\/\/api.w.org\/{rel}","templated":true}]}}