{"id":67507,"date":"2025-05-01T18:34:09","date_gmt":"2025-05-01T18:34:09","guid":{"rendered":"https:\/\/www.europesays.com\/fr\/67507\/"},"modified":"2025-05-01T18:34:09","modified_gmt":"2025-05-01T18:34:09","slug":"elodie-gossuin-enceinte-de-7-mois-ce-cliche-qui-emerveille-les-internautes","status":"publish","type":"post","link":"https:\/\/www.europesays.com\/fr\/67507\/","title":{"rendered":"\u00c9lodie Gossuin \u00ab\u00a0enceinte de 7 mois\u00a0\u00bb : ce clich\u00e9 qui \u00e9merveille les internautes"},"content":{"rendered":"<p>De quoi raviver de beaux souvenirs. En 2007, <a href=\"https:\/\/www.public.fr\/tag\/elodie-gossuin\" rel=\"nofollow noopener\" target=\"_blank\">\u00c9lodie Gossuin<\/a> vivait l\u2019une des plus belles p\u00e9riodes de sa vie. Si, 7 ans auparavant, elle vivait d\u00e9j\u00e0 une ann\u00e9e remplie de bonheur apr\u00e8s son sacre au cours de la c\u00e9r\u00e9monie Miss France, et devenait <a href=\"https:\/\/vsd.fr\/tag\/elodie-gossuin\/\" rel=\"nofollow noopener\" target=\"_blank\">Miss France 2001<\/a>, ce n\u2019\u00e9tait rien compar\u00e9 \u00e0 l\u2019arriv\u00e9e de ses jumeaux sept ans plus tard.\u00a0<\/p>\n<p><a href=\"https:\/\/www.public.fr\/elodie-gossuin-et-bertrand-lacherie-completement-fous-leur-dernier-defi-de-couple-fallait-oser\" rel=\"nofollow noopener\" target=\"_blank\">La compagne de Bertrand Lacherie<\/a> devenait en effet maman en 2007, avec l\u2019arriv\u00e9e de ses jumeaux Jules et Rose, avant de donner la vie \u00e0 deux autres jumeaux, en 2013, Jos\u00e9phine et L\u00e9onard. Une arriv\u00e9e pas vraiment pr\u00e9vue.<\/p>\n<p>Une deuxi\u00e8me paire de jumeaux, pas vraiment pr\u00e9vue<\/p>\n<p>Lors de son passage dans <strong>\u00ab\u00a0La Maison des maternelles\u00a0\u00bb<\/strong> sur France 2 en d\u00e9cembre 2023, \u00c9lodie Gossuin revenait en effet sur sa r\u00e9action en apprenant qu\u2019elle attendait de nouveau des jumeaux. Sans fard, elle confiait avoir ressenti un v\u00e9ritable choc.\u00a0<\/p>\n<p>\u00ab\u00a0La premi\u00e8re \u00e9chographie, \u00e7a a \u00e9t\u00e9 un choc de voir qu&rsquo;il y avait deux poches. J&rsquo;ai demand\u00e9 au m\u00e9decin d&rsquo;\u00e9teindre tout et je me suis lev\u00e9e, j&rsquo;ai adress\u00e9 \u00e0 la parole \u00e0 personne, j&rsquo;ai arr\u00eat\u00e9 l&rsquo;examen, je suis all\u00e9e m&rsquo;enfermer aux toilettes pour pleurer\u00a0\u00bb, confiait-elle. Malgr\u00e9 ce choc, l\u2019ancienne Miss France ne regrette rien, au contraire, et reste une maman heureuse entour\u00e9e de ses enfants et son compagnon.<\/p>\n<p>\u00c9lodie Gossuin, nostalgique de sa premi\u00e8re grossesse<\/p>\n<p>La preuve de ce bonheur ? Son clich\u00e9 partag\u00e9 \u00e0 ses abonn\u00e9s ce jeudi 1er mai 2025. Visiblement nostalgique de sa premi\u00e8re grossesse, l\u2019ancienne Miss France a en effet publi\u00e9 une photo de son premier ventre arrondi, en compagnie de son compagnon.\u00a0<\/p>\n<p>\u00ab\u00a0Nos t\u00eates de vainqueur. Fatigu\u00e9s mais ce n\u2019\u00e9tait finalement rien compar\u00e9 \u00e0 apr\u00e8s. <strong>Tellement \u00e9mouvant de retrouver cette photo<\/strong>. Saut de 18 ans en arri\u00e8re (et je n\u2019\u00e9tais enceinte que de 7 mois)\u00a0\u00bb, a l\u00e9gend\u00e9 \u00c9lodie Gossuin, suscitant de nombreuses r\u00e9actions du c\u00f4t\u00e9 de ses abonn\u00e9s.\u00a0<\/p>\n<p>\u00ab\u00a0On dirait une photo des ann\u00e9es 70. <strong>Sans la grossesse, on vous croirait tout droit sortis de Woodstock. Longue vie \u00e0 votre famille formidable\u00a0\u00bb, \u00ab\u00a0Magnifique photo<\/strong>\u00ab\u00a0, \u00ab\u00a0Waouh c\u2019est beau de voir les ann\u00e9es qui sont pass\u00e9 ensemble et vos magnifiques enfants aujourd\u2019hui, vous avez une belle famille\u00a0\u00bb, \u00ab\u00a0Fatigu\u00e9s mais heureux ! Incroyable ce que le corps d&rsquo;une femme est capable de faire !! Pendant ce temps l\u00e0 deux petits \u00eatres \u00e9taient d\u00e9j\u00e0 fusionn\u00e9es !\u00a0\u00bb, se sont \u00e9merveill\u00e9s nombre d\u2019abonn\u00e9s de l\u2019ancienne Miss France, \u00e9galement nostalgiques.\u00a0<\/p>\n<p>      Mentionn\u00e9s dans cet article<\/p>\n<p>\u00c0 lire aussi<\/p>\n","protected":false},"excerpt":{"rendered":"De quoi raviver de beaux souvenirs. En 2007, \u00c9lodie Gossuin vivait l\u2019une des plus belles p\u00e9riodes de sa&hellip;\n","protected":false},"author":2,"featured_media":67508,"comment_status":"","ping_status":"","sticky":false,"template":"","format":"standard","meta":{"footnotes":""},"categories":[8],"tags":[58,16861,59,1011,27,196,3034],"class_list":{"0":"post-67507","1":"post","2":"type-post","3":"status-publish","4":"format-standard","5":"has-post-thumbnail","7":"category-divertissement","8":"tag-divertissement","9":"tag-elodie-gossuin","10":"tag-entertainment","11":"tag-fr","12":"tag-france","13":"tag-grossesse","14":"tag-miss-france"},"share_on_mastodon":{"url":"https:\/\/pubeurope.com\/@fr\/114434019838605773","error":""},"_links":{"self":[{"href":"https:\/\/www.europesays.com\/fr\/wp-json\/wp\/v2\/posts\/67507","targetHints":{"allow":["GET"]}}],"collection":[{"href":"https:\/\/www.europesays.com\/fr\/wp-json\/wp\/v2\/posts"}],"about":[{"href":"https:\/\/www.europesays.com\/fr\/wp-json\/wp\/v2\/types\/post"}],"author":[{"embeddable":true,"href":"https:\/\/www.europesays.com\/fr\/wp-json\/wp\/v2\/users\/2"}],"replies":[{"embeddable":true,"href":"https:\/\/www.europesays.com\/fr\/wp-json\/wp\/v2\/comments?post=67507"}],"version-history":[{"count":0,"href":"https:\/\/www.europesays.com\/fr\/wp-json\/wp\/v2\/posts\/67507\/revisions"}],"wp:featuredmedia":[{"embeddable":true,"href":"https:\/\/www.europesays.com\/fr\/wp-json\/wp\/v2\/media\/67508"}],"wp:attachment":[{"href":"https:\/\/www.europesays.com\/fr\/wp-json\/wp\/v2\/media?parent=67507"}],"wp:term":[{"taxonomy":"category","embeddable":true,"href":"https:\/\/www.europesays.com\/fr\/wp-json\/wp\/v2\/categories?post=67507"},{"taxonomy":"post_tag","embeddable":true,"href":"https:\/\/www.europesays.com\/fr\/wp-json\/wp\/v2\/tags?post=67507"}],"curies":[{"name":"wp","href":"https:\/\/api.w.org\/{rel}","templated":true}]}}