{"id":67511,"date":"2025-05-01T18:36:10","date_gmt":"2025-05-01T18:36:10","guid":{"rendered":"https:\/\/www.europesays.com\/fr\/67511\/"},"modified":"2025-05-01T18:36:10","modified_gmt":"2025-05-01T18:36:10","slug":"electricite-10-20-des-hausses-prevues-jusqua-fin-2025-et-leur-impact-reel-sur-votre-budget","status":"publish","type":"post","link":"https:\/\/www.europesays.com\/fr\/67511\/","title":{"rendered":"\u00c9lectricit\u00e9 : +10%, +20%&#8230; des hausses pr\u00e9vues jusqu&rsquo;\u00e0 fin 2025, et leur impact r\u00e9el sur votre budget"},"content":{"rendered":"<p>\t\t\t\t\tFin du bouclier tarifaire : une hausse devenue in\u00e9vitable<\/p>\n<p class=\"\" data-start=\"886\" data-end=\"1316\">Depuis 2021, le <strong data-start=\"902\" data-end=\"924\">bouclier tarifaire<\/strong> avait permis de limiter drastiquement la hausse des tarifs de l\u2019\u00e9lectricit\u00e9, plafonnant les augmentations annuelles autour de 4 % au lieu de plus de 30 % pr\u00e9vues sans intervention publique. Mis en place pour prot\u00e9ger le pouvoir d&rsquo;achat face \u00e0 la crise \u00e9nerg\u00e9tique mondiale, ce dispositif co\u00fbte cependant tr\u00e8s cher \u00e0 l&rsquo;\u00c9tat : plus de 20 milliards d\u2019euros en 2023 selon les chiffres officiels.<\/p>\n<p class=\"\" data-start=\"1318\" data-end=\"1642\">En 2025, <strong data-start=\"1327\" data-end=\"1388\">le gouvernement a confirm\u00e9 la fin progressive du bouclier<\/strong>, notamment sous la pression des r\u00e8gles europ\u00e9ennes de concurrence et des contraintes budg\u00e9taires. R\u00e9sultat : <strong data-start=\"1498\" data-end=\"1558\">les prix de l\u2019\u00e9lectricit\u00e9 vont \u00eatre r\u00e9ajust\u00e9s par \u00e9tapes<\/strong>, pour retrouver un niveau plus proche du co\u00fbt r\u00e9el de production et d\u2019acheminement.<\/p>\n<p class=\"\" data-start=\"1644\" data-end=\"1943\">Selon les premi\u00e8res estimations de la Commission de r\u00e9gulation de l\u2019\u00e9nergie (CRE), <strong data-start=\"1727\" data-end=\"1797\">les tarifs r\u00e9glement\u00e9s devraient augmenter de +10 % d\u00e8s l\u2019\u00e9t\u00e9 2025<\/strong>, avant une nouvelle vague de +10 % \u00e0 +15 % attendue en fin d\u2019ann\u00e9e. Le cumul pourrait donc atteindre <strong data-start=\"1899\" data-end=\"1942\">jusqu&rsquo;\u00e0 +20 % sur l&rsquo;ensemble de l&rsquo;ann\u00e9e<\/strong>.<\/p>\n<p> Quel sera l&rsquo;impact sur votre facture d\u2019\u00e9lectricit\u00e9 ?<\/p>\n<p class=\"\" data-start=\"2002\" data-end=\"2353\">Ces hausses vont m\u00e9caniquement <strong data-start=\"2033\" data-end=\"2083\">alourdir les d\u00e9penses \u00e9nerg\u00e9tiques des m\u00e9nages<\/strong>. Pour \u00e9valuer l\u2019impact r\u00e9el, il faut comprendre que <strong data-start=\"2136\" data-end=\"2215\">l\u2019\u00e9lectricit\u00e9 repr\u00e9sente en moyenne 9 % du budget total des foyers fran\u00e7ais<\/strong>, selon l\u2019Insee. Une augmentation de 20 % peut donc peser lourdement, en particulier pour les m\u00e9nages modestes et les familles nombreuses.<\/p>\n<p class=\"\" data-start=\"2355\" data-end=\"2668\">Concr\u00e8tement, pour une facture annuelle moyenne de <strong data-start=\"2406\" data-end=\"2417\">1 200 \u20ac<\/strong> (base EDF Tarif Bleu pour une maison de 100 m\u00b2 avec chauffage \u00e9lectrique), une hausse de 20 % signifie <strong data-start=\"2521\" data-end=\"2546\">240 \u20ac suppl\u00e9mentaires<\/strong> par an, soit <strong data-start=\"2560\" data-end=\"2588\">20 \u20ac de plus chaque mois<\/strong>. Pour des consommations plus \u00e9lev\u00e9es, l\u2019\u00e9cart devient encore plus significatif.<\/p>\n<p class=\"\" data-start=\"2670\" data-end=\"2727\">Voici un tableau r\u00e9capitulatif de l&rsquo;impact pr\u00e9visionnel :<\/p>\n<tr>\n<strong>D\u00e9pense actuelle annuelle<\/strong><br \/>\n<strong>Apr\u00e8s +10% (\u00e9t\u00e9 2025)<\/strong><br \/>\n<strong>Apr\u00e8s +20% (fin 2025)<\/strong><br \/>\n<\/tr>\n<tr>\n<td align=\"left\">600 \u20ac<\/td>\n<td align=\"left\">660 \u20ac<\/td>\n<td align=\"left\">720 \u20ac<\/td>\n<\/tr>\n<tr>\n<td align=\"left\">1 200 \u20ac<\/td>\n<td align=\"left\">1 320 \u20ac<\/td>\n<td align=\"left\">1 440 \u20ac<\/td>\n<\/tr>\n<tr>\n<td align=\"left\">1 800 \u20ac<\/td>\n<td align=\"left\">1 980 \u20ac<\/td>\n<td align=\"left\">2 160 \u20ac<\/td>\n<\/tr>\n<tr>\n<td align=\"left\">2 400 \u20ac<\/td>\n<td align=\"left\">2 640 \u20ac<\/td>\n<td align=\"left\">2 880 \u20ac<\/td>\n<\/tr>\n<p class=\"\" data-start=\"3034\" data-end=\"3252\">Ces estimations restent indicatives : elles peuvent varier selon le type de contrat, la zone g\u00e9ographique, l&rsquo;option tarifaire choisie (heures creuses\/heures pleines), ainsi que les \u00e9volutions des co\u00fbts de distribution.<\/p>\n<p> Pourquoi une telle flamb\u00e9e des prix est-elle attendue ?<\/p>\n<p class=\"\" data-start=\"3314\" data-end=\"3710\">Plusieurs facteurs structurels expliquent cette envol\u00e9e des tarifs de l\u2019\u00e9lectricit\u00e9. D\u2019abord, <strong data-start=\"3408\" data-end=\"3433\">le co\u00fbt de production<\/strong> a fortement augment\u00e9 depuis la crise \u00e9nerg\u00e9tique li\u00e9e \u00e0 la guerre en Ukraine. Bien que les prix du gaz se soient partiellement stabilis\u00e9s, <strong data-start=\"3573\" data-end=\"3660\">le march\u00e9 europ\u00e9en de l\u2019\u00e9lectricit\u00e9 reste index\u00e9 sur le co\u00fbt marginal de production<\/strong>, encore largement domin\u00e9 par des centrales \u00e0 gaz.<\/p>\n<p class=\"\" data-start=\"3712\" data-end=\"3989\">Ensuite, <strong data-start=\"3721\" data-end=\"3763\">l\u2019entretien du parc nucl\u00e9aire fran\u00e7ais<\/strong>, vieillissant, n\u00e9cessite des investissements massifs pour prolonger la dur\u00e9e de vie des r\u00e9acteurs, estim\u00e9s \u00e0 plusieurs dizaines de milliards d&rsquo;euros par EDF. Ces d\u00e9penses sont in\u00e9vitablement r\u00e9percut\u00e9es sur la facture finale.<\/p>\n<p class=\"\" data-start=\"3991\" data-end=\"4205\">Enfin, la <strong data-start=\"4001\" data-end=\"4027\">transition \u00e9nerg\u00e9tique<\/strong>, avec le d\u00e9veloppement des \u00e9nergies renouvelables, implique \u00e9galement des co\u00fbts d\u2019adaptation du r\u00e9seau de transport et de distribution, eux aussi financ\u00e9s par les consommateurs.<\/p>\n<p class=\"\" data-start=\"4207\" data-end=\"4339\">Ainsi, <strong data-start=\"4214\" data-end=\"4269\">le retour vers des tarifs refl\u00e9tant les co\u00fbts r\u00e9els<\/strong> est d\u00e9sormais pr\u00e9sent\u00e9 comme in\u00e9luctable par les autorit\u00e9s publiques.<\/p>\n<p> Qui sera le plus touch\u00e9 par ces augmentations ?<\/p>\n<p class=\"\" data-start=\"4393\" data-end=\"4729\"><strong data-start=\"4393\" data-end=\"4433\">Les m\u00e9nages chauff\u00e9s \u00e0 l\u2019\u00e9lectricit\u00e9<\/strong> seront logiquement les premiers concern\u00e9s. En France, environ <strong data-start=\"4496\" data-end=\"4531\">30 % des r\u00e9sidences principales<\/strong> utilisent l\u2019\u00e9lectricit\u00e9 comme source principale de chauffage, selon l\u2019Ademe. Pour ces foyers, <strong data-start=\"4626\" data-end=\"4669\">les hausses auront un effet d\u00e9multipli\u00e9<\/strong> sur la facture hivernale, p\u00e9riode de consommation maximale.<\/p>\n<p class=\"\" data-start=\"4731\" data-end=\"5061\"><strong data-start=\"4731\" data-end=\"4772\">Les retrait\u00e9s et les m\u00e9nages modestes<\/strong>, souvent propri\u00e9taires de maisons individuelles mal isol\u00e9es, feront \u00e9galement partie des cat\u00e9gories les plus fragilis\u00e9es. Si certaines aides (type ch\u00e8que \u00e9nergie) continueront d\u2019\u00eatre vers\u00e9es, leur montant reste largement insuffisant pour compenser de telles hausses sur une ann\u00e9e enti\u00e8re.<\/p>\n<p class=\"\" data-start=\"5063\" data-end=\"5283\">Quant aux locataires, m\u00eame sans contrat direct avec un fournisseur d\u2019\u00e9nergie (lorsque le chauffage est collectif), ils subiront aussi <strong data-start=\"5197\" data-end=\"5248\">une r\u00e9percussion sur les charges de copropri\u00e9t\u00e9<\/strong>, qui vont m\u00e9caniquement augmenter.<\/p>\n<p> Comment limiter l\u2019impact sur son budget ?<\/p>\n<p class=\"\" data-start=\"5331\" data-end=\"5653\">Face \u00e0 cette situation, <strong data-start=\"5355\" data-end=\"5420\">adopter des gestes d&rsquo;\u00e9conomie d&rsquo;\u00e9nergie devient indispensable<\/strong>. R\u00e9duire la temp\u00e9rature de chauffage de quelques degr\u00e9s, installer un thermostat programmable, isoler correctement son logement, ou encore changer de fournisseur pour une offre plus comp\u00e9titive, sont autant de solutions \u00e0 envisager.<\/p>\n<p class=\"\" data-start=\"5655\" data-end=\"5848\">Certains experts conseillent \u00e9galement <strong data-start=\"5694\" data-end=\"5722\">de revoir son abonnement<\/strong> : ajuster la puissance souscrite en fonction de ses besoins r\u00e9els peut permettre d\u2019\u00e9conomiser sur la part fixe de la facture.<\/p>\n<p class=\"\" data-start=\"5850\" data-end=\"6101\">\u00c0 plus long terme, <strong data-start=\"5869\" data-end=\"5914\">investir dans des \u00e9quipements performants<\/strong> (pompe \u00e0 chaleur, panneaux solaires) s&rsquo;av\u00e8re judicieux, mais suppose un budget initial cons\u00e9quent, souvent inaccessible pour les foyers les plus modestes sans aides publiques renforc\u00e9es.<\/p>\n","protected":false},"excerpt":{"rendered":"Fin du bouclier tarifaire : une hausse devenue in\u00e9vitable Depuis 2021, le bouclier tarifaire avait permis de limiter&hellip;\n","protected":false},"author":2,"featured_media":67512,"comment_status":"","ping_status":"","sticky":false,"template":"","format":"standard","meta":{"footnotes":""},"categories":[6],"tags":[16862,35,33,34,579,1011,27,4508,2141,56,2549],"class_list":{"0":"post-67511","1":"post","2":"type-post","3":"status-publish","4":"format-standard","5":"has-post-thumbnail","7":"category-economie","8":"tag-augmentation","9":"tag-business","10":"tag-economie","11":"tag-economy","12":"tag-electricite","13":"tag-fr","14":"tag-france","15":"tag-hausse","16":"tag-prix","17":"tag-push","18":"tag-taxe"},"share_on_mastodon":{"url":"https:\/\/pubeurope.com\/@fr\/114434027220734188","error":""},"_links":{"self":[{"href":"https:\/\/www.europesays.com\/fr\/wp-json\/wp\/v2\/posts\/67511","targetHints":{"allow":["GET"]}}],"collection":[{"href":"https:\/\/www.europesays.com\/fr\/wp-json\/wp\/v2\/posts"}],"about":[{"href":"https:\/\/www.europesays.com\/fr\/wp-json\/wp\/v2\/types\/post"}],"author":[{"embeddable":true,"href":"https:\/\/www.europesays.com\/fr\/wp-json\/wp\/v2\/users\/2"}],"replies":[{"embeddable":true,"href":"https:\/\/www.europesays.com\/fr\/wp-json\/wp\/v2\/comments?post=67511"}],"version-history":[{"count":0,"href":"https:\/\/www.europesays.com\/fr\/wp-json\/wp\/v2\/posts\/67511\/revisions"}],"wp:featuredmedia":[{"embeddable":true,"href":"https:\/\/www.europesays.com\/fr\/wp-json\/wp\/v2\/media\/67512"}],"wp:attachment":[{"href":"https:\/\/www.europesays.com\/fr\/wp-json\/wp\/v2\/media?parent=67511"}],"wp:term":[{"taxonomy":"category","embeddable":true,"href":"https:\/\/www.europesays.com\/fr\/wp-json\/wp\/v2\/categories?post=67511"},{"taxonomy":"post_tag","embeddable":true,"href":"https:\/\/www.europesays.com\/fr\/wp-json\/wp\/v2\/tags?post=67511"}],"curies":[{"name":"wp","href":"https:\/\/api.w.org\/{rel}","templated":true}]}}