{"id":675124,"date":"2026-01-19T20:11:21","date_gmt":"2026-01-19T20:11:21","guid":{"rendered":"https:\/\/www.europesays.com\/fr\/675124\/"},"modified":"2026-01-19T20:11:21","modified_gmt":"2026-01-19T20:11:21","slug":"en-raison-de-la-presence-dun-bagage-abandonne-encore-des-trains-sncf-supprimes-dans","status":"publish","type":"post","link":"https:\/\/www.europesays.com\/fr\/675124\/","title":{"rendered":"\u00ab\u00a0En raison de la pr\u00e9sence d\u2019un bagage abandonn\u00e9\u00a0\u00bb\u00a0: encore des trains SNCF supprim\u00e9s dans"},"content":{"rendered":"<p><a href=\"https:\/\/brest.maville.com\/actu\/actudet_--ce-train-est-supprime-dans-le-finistere-pourquoi-les-lignes-sncf-rencontrent-des-problemes-ce-lundi-19-janvier-_6-7150892_actu.Htm\" target=\"_self\" rel=\"noopener\">Alors que des probl\u00e8mes avaient \u00e9t\u00e9 remont\u00e9s par la SNCF, via son compte X &#8211; TER BreizhGo &#8211; ce lundi 19\u00a0janvier 2026 matin, les perturbations persistent, \u00e9galement, en fin de journ\u00e9e.<\/a><\/p>\n<p>Morlaix, Brest, Rennes, Quimper\u2026<\/p>\n<p>\u00a0\u00c0 la suite d\u2019un d\u00e9rangement d\u2019installation, explique l\u2019entreprise, les TER suivants sont supprim\u00e9s\u00a0: Morlaix-Brest (18h13-18h54) avec report TER 855857, d\u00e9part 18h38\u00a0; Brest-Morlaix (19h04-19h47) avec report TER 855090, d\u00e9part 19h27 pour Landivisiau\u00a0: substitu\u00e9 par taxi \u00e0 la demande\u00a0; Quimper-Brest (19h15-20h33) avec report TER 858289, d\u00e9part 20h20.\u00a0<\/p>\n<p>Plus t\u00f4t, le constat \u00e9tait le m\u00eame pour les lignes SNCF dans le Finist\u00e8re. Les lignes Morlaix-Brest (17\u00a0h\u00a013-17\u00a0h\u00a058)\u00a0; Quimper-Brest (19\u00a0h\u00a015 &#8211; 20\u00a0h\u00a033)\u00a0; Brest-Quimper (17\u00a0h\u00a035-18h53), ont \u00e9t\u00e9 supprim\u00e9es.<\/p>\n<p>\u00c0 noter que le train Brest-Rennes (18h06-20h25) est \u00a0supprim\u00e9 partiellement\u00a0, puisqu\u2019il \u00a0partira de Morlaix\u00a0\u00bb.<\/p>\n<p>La liaison Rennes-Quimper, qui \u00e9tait pr\u00e9vue \u00e0 17\u00a0h\u00a035, avait \u00e9t\u00e9 supprim\u00e9e partiellement en raison de la pr\u00e9sence d\u2019un bagage abandonn\u00e9.<\/p>\n<p>\u00a0<\/p>\n","protected":false},"excerpt":{"rendered":"Alors que des probl\u00e8mes avaient \u00e9t\u00e9 remont\u00e9s par la SNCF, via son compte X &#8211; TER BreizhGo &#8211;&hellip;\n","protected":false},"author":2,"featured_media":675125,"comment_status":"","ping_status":"","sticky":false,"template":"","format":"standard","meta":{"footnotes":""},"categories":[2821],"tags":[21649,1111,11,42106,829,1440,1777,674,3321,1011,27,9865,12,15492,13637,584,25,2215,3467,43800,5811],"class_list":{"0":"post-675124","1":"post","2":"type-post","3":"status-publish","4":"format-standard","5":"has-post-thumbnail","7":"category-rennes","8":"tag-abandonne","9":"tag-actu","10":"tag-actualites","11":"tag-bagage","12":"tag-bretagne","13":"tag-encore","14":"tag-eu","15":"tag-europe","16":"tag-finistere","17":"tag-fr","18":"tag-france","19":"tag-lundi","20":"tag-news","21":"tag-presence","22":"tag-raison","23":"tag-rennes","24":"tag-republique-francaise","25":"tag-sncf","26":"tag-soir","27":"tag-supprimes","28":"tag-trains"},"share_on_mastodon":{"url":"https:\/\/pubeurope.com\/@fr\/115923588451020578","error":""},"_links":{"self":[{"href":"https:\/\/www.europesays.com\/fr\/wp-json\/wp\/v2\/posts\/675124","targetHints":{"allow":["GET"]}}],"collection":[{"href":"https:\/\/www.europesays.com\/fr\/wp-json\/wp\/v2\/posts"}],"about":[{"href":"https:\/\/www.europesays.com\/fr\/wp-json\/wp\/v2\/types\/post"}],"author":[{"embeddable":true,"href":"https:\/\/www.europesays.com\/fr\/wp-json\/wp\/v2\/users\/2"}],"replies":[{"embeddable":true,"href":"https:\/\/www.europesays.com\/fr\/wp-json\/wp\/v2\/comments?post=675124"}],"version-history":[{"count":0,"href":"https:\/\/www.europesays.com\/fr\/wp-json\/wp\/v2\/posts\/675124\/revisions"}],"wp:featuredmedia":[{"embeddable":true,"href":"https:\/\/www.europesays.com\/fr\/wp-json\/wp\/v2\/media\/675125"}],"wp:attachment":[{"href":"https:\/\/www.europesays.com\/fr\/wp-json\/wp\/v2\/media?parent=675124"}],"wp:term":[{"taxonomy":"category","embeddable":true,"href":"https:\/\/www.europesays.com\/fr\/wp-json\/wp\/v2\/categories?post=675124"},{"taxonomy":"post_tag","embeddable":true,"href":"https:\/\/www.europesays.com\/fr\/wp-json\/wp\/v2\/tags?post=675124"}],"curies":[{"name":"wp","href":"https:\/\/api.w.org\/{rel}","templated":true}]}}