{"id":67513,"date":"2025-05-01T18:37:09","date_gmt":"2025-05-01T18:37:09","guid":{"rendered":"https:\/\/www.europesays.com\/fr\/67513\/"},"modified":"2025-05-01T18:37:09","modified_gmt":"2025-05-01T18:37:09","slug":"1er-mai-50-000-policiers-et-plus-de-400-arrestations-a-istanbul-actualites","status":"publish","type":"post","link":"https:\/\/www.europesays.com\/fr\/67513\/","title":{"rendered":"1er mai: 50.000 policiers et plus de 400 arrestations \u00e0 Istanbul : Actualit\u00e9s"},"content":{"rendered":"<p class=\"lead \">Plus de 400 personnes participant aux c\u00e9l\u00e9brations du 1er mai ont \u00e9t\u00e9 arr\u00eat\u00e9es jeudi \u00e0 Istanbul, ont annonc\u00e9 les autorit\u00e9s turques qui ont d\u00e9ploy\u00e9 plus de 50.000 policiers et paralys\u00e9 une partie de la ville pour emp\u00eacher tout rassemblement sur l&#8217;embl\u00e9matique place Taksim.<\/p>\n<p class=\"lead \">Un total de 407 manifestants ont \u00e9t\u00e9 arr\u00eat\u00e9s \u00e0 Istanbul, a indiqu\u00e9 sur X le ministre turc de l&rsquo;Int\u00e9rieur Ali Yerlikaya, le gouvernorat d&rsquo;Istanbul pr\u00e9cisant que 52.656 policiers \u00e9taient mobilis\u00e9s dans la m\u00e9gapole turque.<\/p>\n<p class=\"lead \">Des journalistes de l&rsquo;AFP ont \u00e9t\u00e9 t\u00e9moins de plusieurs dizaines d&rsquo;arrestations dans les quartiers de Besiktas et de Mecidiyek\u00f6y, sur la rive europ\u00e9enne de la ville, o\u00f9 la police bloquait les axes menant \u00e0 la place Taksim.<\/p>\n<p class=\"lead \">\u00c0 de rares exceptions, les rassemblements sont interdits sur cette vaste esplanade, th\u00e9\u00e2tre par le pass\u00e9 de grandes luttes pour la d\u00e9mocratie, depuis que des manifestations, parties du parc Gezi voisin, y avaient fait trembler le pouvoir en 2013.<\/p>\n<p class=\"lead \">Comme les ann\u00e9es pr\u00e9c\u00e9dentes, la police avait boucl\u00e9 la place depuis plusieurs jours, et les quartiers avoisinants depuis la veille dans un large p\u00e9rim\u00e8tre, paralysant la ville. <\/p>\n<p class=\"lead \">La presse locale avait fait \u00e9tat d&rsquo;une centaine d&rsquo;arrestations pr\u00e9ventives en d\u00e9but de semaine parmi les personnes ayant appel\u00e9 \u00e0 manifester place Taksim.<\/p>\n<p class=\"lead \">Amnesty International a qualifi\u00e9 mercredi ces restrictions de \u00ab\u00a0totalement fallacieuses\u00a0\u00bb, exhortant les autorit\u00e9s \u00e0 les \u00ab\u00a0lever de toute urgence\u00a0\u00bb.<\/p>\n<p class=\"lead \">Quelque 65.000 personnes ont, elles, \u00e9t\u00e9 autoris\u00e9es \u00e0 se rassembler dans deux quartiers de la rive asiatique d&rsquo;Istanbul \u00e0 l&rsquo;appel de syndicats, selon le gouvernorat.<\/p>\n<p class=\"lead \">\u00ab\u00a0Taksim doit \u00eatre repris \u00e0 ce r\u00e9gime oppressif\u00a0\u00bb, a lanc\u00e9 \u00d6zg\u00fcr \u00d6zel, le chef du Parti r\u00e9publicain du peuple (CHP, social-d\u00e9mocrate), premi\u00e8re force d&rsquo;opposition, \u00e0 l&rsquo;un de ces rassemblements.<\/p>\n<p class=\"lead \">\u00ab\u00a0Ils ont bloqu\u00e9 toutes les rues, comme si c&rsquo;\u00e9tait l&rsquo;\u00e9tat d&rsquo;urgence. Cela montre que le gouvernement a peur. Il a peur des jeunes, des travailleurs, des ouvriers\u00a0\u00bb, a d\u00e9clar\u00e9 \u00e0 l&rsquo;AFP Murat, un \u00e9tudiant stambouliote.<\/p>\n<p class=\"lead \">Istanbul a \u00e9t\u00e9 le th\u00e9\u00e2tre d&rsquo;importantes manifestations fin mars, d&rsquo;une ampleur in\u00e9dite depuis 2013, apr\u00e8s l&rsquo;arrestation du maire d&rsquo;opposition de la ville Ekrem Imamoglu, principal rival du pr\u00e9sident Recep Tayyip Erdogan.<\/p>\n<p class=\"lead \">Pr\u00e8s de 2.000 personnes avaient \u00e9t\u00e9 arr\u00eat\u00e9es pour avoir pris part \u00e0 des manifestations interdites, selon les autorit\u00e9s.<\/p>\n<p class=\"small font-weight-bold text-gray3 \"> publi\u00e9 le 1 mai \u00e0 19h28, AFP<\/p>\n<p>                             Partager<\/p>\n","protected":false},"excerpt":{"rendered":"Plus de 400 personnes participant aux c\u00e9l\u00e9brations du 1er mai ont \u00e9t\u00e9 arr\u00eat\u00e9es jeudi \u00e0 Istanbul, ont annonc\u00e9&hellip;\n","protected":false},"author":2,"featured_media":67514,"comment_status":"","ping_status":"","sticky":false,"template":"","format":"standard","meta":{"footnotes":""},"categories":[5],"tags":[11,2441,1011,27,14,2088,12,1072,801,3427,3496,28],"class_list":{"0":"post-67513","1":"post","2":"type-post","3":"status-publish","4":"format-standard","5":"has-post-thumbnail","7":"category-international","8":"tag-actualites","9":"tag-arrestation","10":"tag-fr","11":"tag-france","12":"tag-international","13":"tag-manifestation","14":"tag-news","15":"tag-police","16":"tag-social","17":"tag-syndicats","18":"tag-turquie","19":"tag-world"},"share_on_mastodon":{"url":"https:\/\/pubeurope.com\/@fr\/114434031194778414","error":""},"_links":{"self":[{"href":"https:\/\/www.europesays.com\/fr\/wp-json\/wp\/v2\/posts\/67513","targetHints":{"allow":["GET"]}}],"collection":[{"href":"https:\/\/www.europesays.com\/fr\/wp-json\/wp\/v2\/posts"}],"about":[{"href":"https:\/\/www.europesays.com\/fr\/wp-json\/wp\/v2\/types\/post"}],"author":[{"embeddable":true,"href":"https:\/\/www.europesays.com\/fr\/wp-json\/wp\/v2\/users\/2"}],"replies":[{"embeddable":true,"href":"https:\/\/www.europesays.com\/fr\/wp-json\/wp\/v2\/comments?post=67513"}],"version-history":[{"count":0,"href":"https:\/\/www.europesays.com\/fr\/wp-json\/wp\/v2\/posts\/67513\/revisions"}],"wp:featuredmedia":[{"embeddable":true,"href":"https:\/\/www.europesays.com\/fr\/wp-json\/wp\/v2\/media\/67514"}],"wp:attachment":[{"href":"https:\/\/www.europesays.com\/fr\/wp-json\/wp\/v2\/media?parent=67513"}],"wp:term":[{"taxonomy":"category","embeddable":true,"href":"https:\/\/www.europesays.com\/fr\/wp-json\/wp\/v2\/categories?post=67513"},{"taxonomy":"post_tag","embeddable":true,"href":"https:\/\/www.europesays.com\/fr\/wp-json\/wp\/v2\/tags?post=67513"}],"curies":[{"name":"wp","href":"https:\/\/api.w.org\/{rel}","templated":true}]}}