{"id":67515,"date":"2025-05-01T18:38:10","date_gmt":"2025-05-01T18:38:10","guid":{"rendered":"https:\/\/www.europesays.com\/fr\/67515\/"},"modified":"2025-05-01T18:38:10","modified_gmt":"2025-05-01T18:38:10","slug":"a-narbonne-marine-le-pen-reaffirme-sa-stature-presidentielle","status":"publish","type":"post","link":"https:\/\/www.europesays.com\/fr\/67515\/","title":{"rendered":"\u00e0 Narbonne, Marine Le\u00a0Pen r\u00e9affirme sa stature pr\u00e9sidentielle"},"content":{"rendered":"<p><strong>REPORTAGE &#8211;<\/strong> Alors que le RN traverse de fortes turbulences depuis un mois, les militants nationalistes ont massivement r\u00e9pondu \u00e0 l\u2019appel \u00e0 la mobilisation lanc\u00e9 par leur championne et son dauphin, Jordan Bardella.<\/p>\n<p class=\"fig-paragraph\">Au Rassemblement national (RN), deux mondes cohabitent. D\u2019un c\u00f4t\u00e9, il y a un parti en proie au doute sur son avenir politique, depuis que la condamnation de Marine Le\u00a0Pen menace de rendre in\u00e9ligible la \u00ab\u00a0candidate naturelle\u00a0\u00bb du parti pour 2027, obligeant Jordan Bardella \u00e0 se pr\u00e9parer \u00e0 jouer le plan\u00a0B. Et puis, de l\u2019autre c\u00f4t\u00e9, il y a une ferveur militante rest\u00e9e intacte que le tsunami judiciaire qui secoue le parti \u00e0 la flamme n\u2019a, semble-t-il, pas engloutie. En t\u00e9moigne la mobilisation des troupes nationalistes, jeudi \u00e0 Narbonne (Aude), o\u00f9 les militants ont massivement r\u00e9pondu \u00e0 l\u2019appel de Marine Le\u00a0Pen et Jordan Bardella, faisant oublier\u00a0<a href=\"http:\/\/www.lefigaro.fr\/politique\/je-ne-lacherai-rien-devant-ses-soutiens-marine-le-pen-se-reve-toujours-en-candidate-20250406\" data-fig-type=\"Article\" data-gtm-custom-categorie=\"navigation\" data-gtm-custom-action=\"crossclick\" data-gtm-custom-label=\"Contextuel\" data-gtm-event=\"customEventSPE\" data-fig-domain=\"LEFIGARO\" target=\"_blank\" rel=\"noopener\">la mobilisation parisienne en demi-teinte du d\u00e9but avril<\/a>.<\/p>\n<p class=\"fig-paragraph\">Les deux figures du RN avaient cette fois\u00a0<a href=\"http:\/\/www.lefigaro.fr\/politique\/1er-mai-en-plein-flou-sur-l-avenir-le-pen-et-bardella-reunissent-le-rn-a-narbonne-20250430\" data-fig-type=\"Article\" data-gtm-custom-categorie=\"navigation\" data-gtm-custom-action=\"crossclick\" data-gtm-custom-label=\"Contextuel\" data-gtm-event=\"customEventSPE\" data-fig-domain=\"LEFIGARO\" target=\"_blank\" rel=\"noopener\">donn\u00e9 rendez-vous \u00e0 leur base pour le traditionnel rendez-vous du 1er\u00a0Mai<\/a>, convoqu\u00e9 chaque ann\u00e9e pour rendre hommage \u00e0 Jeanne d\u2019Arc et c\u00e9l\u00e9brer la F\u00eate du travail \u00ab\u00a0et des travailleurs\u00a0\u00bb. R\u00e9sultat, la salle de la Narbonne Arena \u00e9tait compl\u00e8tement\u2026<\/p>\n<p class=\"fig-premium-paywall__infos\">\n        Cet article est r\u00e9serv\u00e9 aux abonn\u00e9s.        Il vous reste 86% \u00e0 d\u00e9couvrir.\n    <\/p>\n<p>                <img  data- alt=\"Le Figaro\" class=\"fig-img--complete fig-img\"\/><\/p>\n<p class=\"fig-premium-paywall__title\">Je m&rsquo;informe, je m&rsquo;inspire, je m&rsquo;abonne.<\/p>\n<p class=\"fig-premium-paywall__subtitle\">D\u00e9couvrez notre offre de bienvenue.<\/p>\n<p class=\"fig-premium-paywall__connect\">\n                D\u00e9j\u00e0 abonn\u00e9\u00a0?                <a class=\"fig-premium-paywall__connect-link\" href=\"https:\/\/connect.lefigaro.fr\/login?client=horizon_web&amp;type=main&amp;redirect_uri=https%3A%2F%2Fwww.lefigaro.fr%2Fpolitique%2F1er-mai-a-narbonne-marine-le-pen-reaffirme-sa-stature-presidentielle-20250501\" data-js-gtm=\"{&quot;customCategorie&quot;: &quot;conversion&quot;, &quot;customAction&quot;: &quot;before_Landing_Connexion_paywall_auto&quot;, &quot;customLabel&quot;: &quot;bGVmaWdhcm8uZnJfXzFmMDI2OGMzLWM5ZGYtNmRmNi1iNzBmLTVmMjg5MzAyZjg0OV9fQXJ0aWNsZQ==_1&lt;sup&gt;er&lt;\/sup&gt; Mai\u00a0: \u00e0 Narbonne, Marine Le\u00a0Pen r\u00e9affirme sa stature pr\u00e9sidentielle_288&quot;, &quot;customIDSPE&quot;: &quot;bGVmaWdhcm8uZnJfXzFmMDI2OGMzLWM5ZGYtNmRmNi1iNzBmLTVmMjg5MzAyZjg0OV9fQXJ0aWNsZQ==&quot;, &quot;event&quot;: &quot;customEventSPE&quot;}\" target=\"_blank\" rel=\"noopener\"><br \/>\n                    Connectez-vous<br \/>\n                <\/a>\n            <\/p>\n","protected":false},"excerpt":{"rendered":"REPORTAGE &#8211; Alors que le RN traverse de fortes turbulences depuis un mois, les militants nationalistes ont massivement&hellip;\n","protected":false},"author":2,"featured_media":67516,"comment_status":"","ping_status":"","sticky":false,"template":"","format":"standard","meta":{"footnotes":""},"categories":[4],"tags":[11,426,427,422,423,1011,27,418,424,425,1077,420,421,430,12,419,316,429,1078,25,428],"class_list":{"0":"post-67515","1":"post","2":"type-post","3":"status-publish","4":"format-standard","5":"has-post-thumbnail","7":"category-france","8":"tag-actualites","9":"tag-candidat","10":"tag-candidats","11":"tag-depute","12":"tag-deputes","13":"tag-fr","14":"tag-france","15":"tag-gouvernement","16":"tag-institution","17":"tag-institutions","18":"tag-jordan-bardella","19":"tag-loi","20":"tag-lois","21":"tag-marine-le-pen","22":"tag-news","23":"tag-opposition","24":"tag-politique","25":"tag-ps","26":"tag-rassemblement-national","27":"tag-republique-francaise","28":"tag-ump"},"share_on_mastodon":{"url":"https:\/\/pubeurope.com\/@fr\/114434035104890156","error":""},"_links":{"self":[{"href":"https:\/\/www.europesays.com\/fr\/wp-json\/wp\/v2\/posts\/67515","targetHints":{"allow":["GET"]}}],"collection":[{"href":"https:\/\/www.europesays.com\/fr\/wp-json\/wp\/v2\/posts"}],"about":[{"href":"https:\/\/www.europesays.com\/fr\/wp-json\/wp\/v2\/types\/post"}],"author":[{"embeddable":true,"href":"https:\/\/www.europesays.com\/fr\/wp-json\/wp\/v2\/users\/2"}],"replies":[{"embeddable":true,"href":"https:\/\/www.europesays.com\/fr\/wp-json\/wp\/v2\/comments?post=67515"}],"version-history":[{"count":0,"href":"https:\/\/www.europesays.com\/fr\/wp-json\/wp\/v2\/posts\/67515\/revisions"}],"wp:featuredmedia":[{"embeddable":true,"href":"https:\/\/www.europesays.com\/fr\/wp-json\/wp\/v2\/media\/67516"}],"wp:attachment":[{"href":"https:\/\/www.europesays.com\/fr\/wp-json\/wp\/v2\/media?parent=67515"}],"wp:term":[{"taxonomy":"category","embeddable":true,"href":"https:\/\/www.europesays.com\/fr\/wp-json\/wp\/v2\/categories?post=67515"},{"taxonomy":"post_tag","embeddable":true,"href":"https:\/\/www.europesays.com\/fr\/wp-json\/wp\/v2\/tags?post=67515"}],"curies":[{"name":"wp","href":"https:\/\/api.w.org\/{rel}","templated":true}]}}