{"id":67522,"date":"2025-05-01T18:42:09","date_gmt":"2025-05-01T18:42:09","guid":{"rendered":"https:\/\/www.europesays.com\/fr\/67522\/"},"modified":"2025-05-01T18:42:09","modified_gmt":"2025-05-01T18:42:09","slug":"sur-youtube-nota-bene-decrypte-larchitecture-de-la-ville","status":"publish","type":"post","link":"https:\/\/www.europesays.com\/fr\/67522\/","title":{"rendered":"sur YouTube, Nota Bene d\u00e9crypte l\u2019architecture de la ville"},"content":{"rendered":"<p>Les Nanc\u00e9iens reconna\u00eetront en un coup d\u2019\u0153il la plupart des rues et b\u00e2timents qui plantent le d\u00e9cor de la derni\u00e8re vid\u00e9o de Benjamin Brillaud, alias Nota Bene.\u00a0<\/p>\n<p>Le youtubeur, r\u00e9put\u00e9 pour ses vid\u00e9os d&rsquo;Histoire, <a href=\"https:\/\/www.estrepublicain.fr\/culture-loisirs\/2025\/03\/20\/l-ecole-de-nancy-a-l-honneur-sur-youtube\" target=\"_blank\" rel=\"nofollow noopener\">a tourn\u00e9 \u00e0 la mi-mars \u00e0 Nancy<\/a> un \u00e9pisode qui explore les architectures Art nouveau et Art d\u00e9co pr\u00e9gnantes dans la m\u00e9tropole nanc\u00e9ienne.<\/p>\n<p>Pass\u00e9e une minute promotionnelle pour les <a href=\"https:\/\/www.estrepublicain.fr\/culture-loisirs\/2024\/06\/13\/metro-folies-2025-va-celebrer-les-100-ans-de-l-art-deco\" target=\"_blank\" rel=\"nofollow noopener\">M\u00e9tro&rsquo;Folies<\/a> 2025 de Nancy, \u00e9v\u00e9nement mettant \u00e0 l&rsquo;honneur l&rsquo;Art d\u00e9co lors d&rsquo;animations diverses entre le printemps et l&rsquo;automne, Nota Bene raconte comment historiquement, ce mouvement artistique <a href=\"https:\/\/www.estrepublicain.fr\/culture-loisirs\/2025\/04\/06\/style-lieux-monument-tout-ce-qu-il-y-a-a-savoir-sur-l-art-deco-a-nancy\" target=\"_blank\" rel=\"nofollow noopener\">s&rsquo;est invit\u00e9 dans la ville&#8230; et l&rsquo;a transform\u00e9e<\/a>.<\/p>\n<p>Les tournants de la guerre<\/p>\n<p>On d\u00e9couvre alors, ou red\u00e9couvre pour les plus avertis, comment les conflits historiques ont jou\u00e9 un r\u00f4le dans les mutations architecturales de la ville.<\/p>\n<p>D&rsquo;abord, la guerre franco-prussienne de 1870. Celle-ci a eu pour effet de gonfler la population nanc\u00e9ienne (elle doublera entre 1870 et 1910) et cr\u00e9er de la demande pour des maisons tendance. A l&rsquo;\u00e9poque, la mode est au style Art nouveau : de l&rsquo;immobilier, du mobilier, et des accessoires qui \u00e9pousent des lignes courbes, des ornementations qui rappellent la faune et la flore&#8230; Et une volont\u00e9 d&rsquo;extravagance. La <strong>Villa Majorelle<\/strong>, visible sous toutes les coutures dans la vid\u00e9o, est l&rsquo;incarnation de ce mouvement artistique.<\/p>\n<p>Puis vient la <strong>Premi\u00e8re Guerre mondiale<\/strong>, qui fait \u00e9voluer les mentalit\u00e9s : \u00ab Apr\u00e8s la boucherie des tranch\u00e9es, le style cui-cui les petits oiseaux [&#8230;] \u00e7a semble un peu d\u00e9cadent\u00a0\u00bb, l\u00e2che Nota Bene. Et c&rsquo;est l&rsquo;<strong>Art d\u00e9co<\/strong> qui prend le relais. Une sorte de petit fr\u00e8re de l&rsquo;Art nouveau, un peu plus sage, \u00ab avec du b\u00e9ton et de l&rsquo;acier plus \u00e9pur\u00e9, et un design minimaliste \u00bb, r\u00e9sume le vid\u00e9aste devant les fa\u00e7ades de<strong> Nancy Thermal<\/strong>.<\/p>\n<p>Art d\u00e9co ou Art nouveau ?<\/p>\n<p>Parfois, les deux mouvements \u00ab\u00a0cohabitent\u00a0\u00bb durant l&rsquo;entre-deux guerres. : commence alors un tour des points d&rsquo;int\u00e9r\u00eat de Nancy, o\u00f9 Nota Bene montre quels \u00e9l\u00e9ments sont emprunt\u00e9s \u00e0 l&rsquo;un ou l&rsquo;autre art. On se retrouve successivement dans l\u2019<strong>avenue Anatole France<\/strong>, dans la <strong>Banque Renauld<\/strong> (ex-BNP Paribas), <strong>la brasserie L\u2019Excelsior<\/strong>, devant la <strong>Pharmacie du Point Central<\/strong> rue Saint-Dizier, ou encore dans la rue Saint-Jean&#8230;<\/p>\n<p>Mus\u00e9e \u00e0 ciel ouvert<\/p>\n<p>Si l&rsquo;Art d\u00e9co finit par s&rsquo;imposer et que le Grand Nancy compte \u00ab plus de 1300 b\u00e2timents \u00bb s&rsquo;inscrivant dans ce mouvement selon le youtubeur &#8211; <a href=\"https:\/\/www.estrepublicain.fr\/culture-loisirs\/2025\/04\/18\/quatre-batiments-art-deco-emblematiques-dans-l-agglomeration-nanceienne\" target=\"_blank\" rel=\"nofollow noopener\">un chiffre difficile \u00e0 estimer pr\u00e9cis\u00e9ment<\/a> -, le mouvement conna\u00eet un succ\u00e8s aussi intense que fugace. Le krach boursier de 1929 et la Seconde Guerre mondiale bousculent \u00e0 leur tour les codes architecturaux et m\u00e8nent vers davantage de sobri\u00e9t\u00e9 pour les constructions d&rsquo;apr\u00e8s-guerre.<\/p>\n<p>Reste que le patrimoine Art d\u00e9co se voit encore partout aujourd&rsquo;hui \u00e0 Nancy, et donne cette impression &#8211; assez agr\u00e9able &#8211; que la ville ressemble \u00e0 un mus\u00e9e \u00e0 ciel ouvert&#8230;<\/p>\n","protected":false},"excerpt":{"rendered":"Les Nanc\u00e9iens reconna\u00eetront en un coup d\u2019\u0153il la plupart des rues et b\u00e2timents qui plantent le d\u00e9cor de&hellip;\n","protected":false},"author":2,"featured_media":67523,"comment_status":"","ping_status":"","sticky":false,"template":"","format":"standard","meta":{"footnotes":""},"categories":[9635],"tags":[1111,11,1687,1704,1777,674,107,1011,27,775,937,3457,1702,12,3456,25,273,104,2205],"class_list":{"0":"post-67522","1":"post","2":"type-post","3":"status-publish","4":"format-standard","5":"has-post-thumbnail","7":"category-nancy","8":"tag-actu","9":"tag-actualites","10":"tag-culture-loisirs","11":"tag-edition-nancy-et-agglomeration","12":"tag-eu","13":"tag-europe","14":"tag-fil-info","15":"tag-fr","16":"tag-france","17":"tag-grand-est","18":"tag-histoire","19":"tag-meurthe-et-moselle","20":"tag-nancy","21":"tag-news","22":"tag-region-lorraine","23":"tag-republique-francaise","24":"tag-selection-de-la-redaction","25":"tag-societe","26":"tag-television-medias"},"share_on_mastodon":{"url":"https:\/\/pubeurope.com\/@fr\/114434050825111391","error":""},"_links":{"self":[{"href":"https:\/\/www.europesays.com\/fr\/wp-json\/wp\/v2\/posts\/67522","targetHints":{"allow":["GET"]}}],"collection":[{"href":"https:\/\/www.europesays.com\/fr\/wp-json\/wp\/v2\/posts"}],"about":[{"href":"https:\/\/www.europesays.com\/fr\/wp-json\/wp\/v2\/types\/post"}],"author":[{"embeddable":true,"href":"https:\/\/www.europesays.com\/fr\/wp-json\/wp\/v2\/users\/2"}],"replies":[{"embeddable":true,"href":"https:\/\/www.europesays.com\/fr\/wp-json\/wp\/v2\/comments?post=67522"}],"version-history":[{"count":0,"href":"https:\/\/www.europesays.com\/fr\/wp-json\/wp\/v2\/posts\/67522\/revisions"}],"wp:featuredmedia":[{"embeddable":true,"href":"https:\/\/www.europesays.com\/fr\/wp-json\/wp\/v2\/media\/67523"}],"wp:attachment":[{"href":"https:\/\/www.europesays.com\/fr\/wp-json\/wp\/v2\/media?parent=67522"}],"wp:term":[{"taxonomy":"category","embeddable":true,"href":"https:\/\/www.europesays.com\/fr\/wp-json\/wp\/v2\/categories?post=67522"},{"taxonomy":"post_tag","embeddable":true,"href":"https:\/\/www.europesays.com\/fr\/wp-json\/wp\/v2\/tags?post=67522"}],"curies":[{"name":"wp","href":"https:\/\/api.w.org\/{rel}","templated":true}]}}