{"id":67524,"date":"2025-05-01T18:43:21","date_gmt":"2025-05-01T18:43:21","guid":{"rendered":"https:\/\/www.europesays.com\/fr\/67524\/"},"modified":"2025-05-01T18:43:21","modified_gmt":"2025-05-01T18:43:21","slug":"petit-moment-de-gene-pour-helena-en-plein-concert-a-nancy-la-jeune-chanteuse-reagit-avec-humour-les-images-font-le-tour-de-la-toile-video","status":"publish","type":"post","link":"https:\/\/www.europesays.com\/fr\/67524\/","title":{"rendered":"Petit moment de g\u00eane pour Helena en plein concert \u00e0 Nancy\u00a0: la jeune chanteuse r\u00e9agit avec humour, les images font le tour de la toile (VID\u00c9O)"},"content":{"rendered":"<p class=\"ap-StoryElement ap-StoryElement--mb ap-StoryText\">Elle est sans conteste LA sensation musicale belge de ces derniers mois. Helena a vu sa carri\u00e8re d\u00e9coller gr\u00e2ce \u00e0 sa participation \u00e0 la saison 11 de la Star Academy. Depuis, la jeune artiste de 23 ans encha\u00eene les succ\u00e8s. Elle a sorti son premier album, H\u00e9l\u00e9, et vient d&rsquo;entamer une tourn\u00e9e \u00e0 travers la France, la Belgique et la Suisse.<\/p>\n<p class=\"ap-StoryElement ap-StoryElement--mb ap-StoryText\">Le 12 mai prochain, Helena se produira \u00e0 l&rsquo;Ancienne Belgique. Une salle d\u00e9j\u00e0 mythique, mais qui constituera une mise en jambes pour la chanteuse, puisqu&rsquo;elle encha\u00eenera quelques mois plus tard avec deux concerts \u00e0 Forest National, un r\u00eave qui se r\u00e9alise.<\/p>\n","protected":false},"excerpt":{"rendered":"Elle est sans conteste LA sensation musicale belge de ces derniers mois. Helena a vu sa carri\u00e8re d\u00e9coller&hellip;\n","protected":false},"author":2,"featured_media":67525,"comment_status":"","ping_status":"","sticky":false,"template":"","format":"standard","meta":{"footnotes":""},"categories":[9635],"tags":[1111,11,1777,674,4768,1011,27,775,2868,16863,1702,16864,12,25,16865,16866],"class_list":{"0":"post-67524","1":"post","2":"type-post","3":"status-publish","4":"format-standard","5":"has-post-thumbnail","7":"category-nancy","8":"tag-actu","9":"tag-actualites","10":"tag-eu","11":"tag-europe","12":"tag-fete","13":"tag-fr","14":"tag-france","15":"tag-grand-est","16":"tag-juillet","17":"tag-juli","18":"tag-nancy","19":"tag-nationale-feestdag","20":"tag-news","21":"tag-republique-francaise","22":"tag-royals","23":"tag-royalty"},"share_on_mastodon":{"url":"https:\/\/pubeurope.com\/@fr\/114434054730697106","error":""},"_links":{"self":[{"href":"https:\/\/www.europesays.com\/fr\/wp-json\/wp\/v2\/posts\/67524","targetHints":{"allow":["GET"]}}],"collection":[{"href":"https:\/\/www.europesays.com\/fr\/wp-json\/wp\/v2\/posts"}],"about":[{"href":"https:\/\/www.europesays.com\/fr\/wp-json\/wp\/v2\/types\/post"}],"author":[{"embeddable":true,"href":"https:\/\/www.europesays.com\/fr\/wp-json\/wp\/v2\/users\/2"}],"replies":[{"embeddable":true,"href":"https:\/\/www.europesays.com\/fr\/wp-json\/wp\/v2\/comments?post=67524"}],"version-history":[{"count":0,"href":"https:\/\/www.europesays.com\/fr\/wp-json\/wp\/v2\/posts\/67524\/revisions"}],"wp:featuredmedia":[{"embeddable":true,"href":"https:\/\/www.europesays.com\/fr\/wp-json\/wp\/v2\/media\/67525"}],"wp:attachment":[{"href":"https:\/\/www.europesays.com\/fr\/wp-json\/wp\/v2\/media?parent=67524"}],"wp:term":[{"taxonomy":"category","embeddable":true,"href":"https:\/\/www.europesays.com\/fr\/wp-json\/wp\/v2\/categories?post=67524"},{"taxonomy":"post_tag","embeddable":true,"href":"https:\/\/www.europesays.com\/fr\/wp-json\/wp\/v2\/tags?post=67524"}],"curies":[{"name":"wp","href":"https:\/\/api.w.org\/{rel}","templated":true}]}}