{"id":675291,"date":"2026-01-19T21:47:15","date_gmt":"2026-01-19T21:47:15","guid":{"rendered":"https:\/\/www.europesays.com\/fr\/675291\/"},"modified":"2026-01-19T21:47:15","modified_gmt":"2026-01-19T21:47:15","slug":"kiev-negocie-pour-arracher-une-treve-poutine-recoit-une-invitation-venant-de-trump","status":"publish","type":"post","link":"https:\/\/www.europesays.com\/fr\/675291\/","title":{"rendered":"Kiev n\u00e9gocie pour arracher une tr\u00eave, Poutine re\u00e7oit une invitation venant de Trump"},"content":{"rendered":"<p>Vous avez rat\u00e9 les derniers \u00e9v\u00e9nements sur la <a href=\"https:\/\/www.20minutes.fr\/monde\/ukraine\/\" class=\"c-link c-link--is-underlined\" target=\"_blank\" rel=\"noopener\">guerre en Ukraine<\/a>\u00a0? 20 Minutes fait le point pour vous tous les soirs. Voici l\u2019essentiel de ce lundi 19\u00a0janvier, au 1.425e jour du conflit.<\/p>\n<p>Le fait du jour<\/p>\n<p>Malgr\u00e9 la poursuite des frappes russes, les \u00e9changes en vue d\u2019obtenir une tr\u00eave et des garanties de s\u00e9curit\u00e9 ne sont pas interrompus. Les repr\u00e9sentants de l\u2019Ukraine ont ainsi eu des discussions \u00ab\u00a0substantielles\u00a0\u00bb aux Etats-Unis avec les \u00e9missaires am\u00e9ricains Steve Witkoff et <a href=\"https:\/\/www.20minutes.fr\/monde\/jared-kushner\/\" class=\"c-link c-link--is-underlined\" target=\"_blank\" rel=\"noopener\">Jared Kushner<\/a>, a d\u00e9clar\u00e9 un des n\u00e9gociateurs ukrainiens, Roustem Oumerov. Le pr\u00e9sident ukrainien <a href=\"https:\/\/www.20minutes.fr\/monde\/volodymyr-zelensky\/\" class=\"c-link c-link--is-underlined\" target=\"_blank\" rel=\"noopener\">Volodymyr Zelensky<\/a> a pr\u00e9cis\u00e9 que la d\u00e9l\u00e9gation de son pays avait eu plusieurs s\u00e9ances de n\u00e9gociations avec la partie am\u00e9ricaine. Les \u00e9changes doivent d\u2019ailleurs se poursuivre cette semaine \u00e0 l\u2019occasion du Forum \u00e9conomique mondial \u00e0 Davos (Suisse).<\/p>\n<p>L\u2019Ukraine veut obtenir des garanties claires de la part de ses alli\u00e9s occidentaux sur sa s\u00e9curit\u00e9 apr\u00e8s un hypoth\u00e9tique cessez-le-feu. \u00ab\u00a0Il y a d\u2019ores et d\u00e9j\u00e0 eu plusieurs s\u00e9ances de n\u00e9gociations. Ils travaillent sur les documents n\u00e9cessaires pour mettre fin \u00e0 la guerre\u00a0\u00bb, a d\u00e9clar\u00e9 Volodymyr Zelensky. Il a ajout\u00e9 douter de la volont\u00e9 de la <a href=\"https:\/\/www.20minutes.fr\/monde\/russie\/\" class=\"c-link c-link--is-underlined\" target=\"_blank\" rel=\"noopener\">Russie<\/a> de mettre fin \u00e0 son invasion, estimant que Moscou se concentrait \u00e0 l\u2019inverse sur ses frappes de missiles et sur le ciblage \u00ab\u00a0quotidien\u00a0\u00bb des syst\u00e8mes \u00e9nerg\u00e9tiques de l\u2019Ukraine.<\/p>\n<p>La d\u00e9claration du jour<\/p>\n<blockquote class=\"mx-m@xs mx-xxl@md color-ultramarine c-citation\">\n<p class=\"font-weight-regular@xs text-italic font-source-serif-pro text-l@xs c-citation__content\">\u00ab\u00a0Le pr\u00e9sident Poutine a re\u00e7u une invitation \u00e0 se joindre \u00e0 la composition du Conseil de paix par des voies diplomatiques.\u00a0\u00bb<\/p>\n<\/blockquote>\n<p>Le Kremlin a r\u00e9v\u00e9l\u00e9 ce lundi que le pr\u00e9sident russe a \u00ab\u00a0re\u00e7u une invitation\u00a0\u00bb pour rejoindre l\u2019initiative propos\u00e9e par son homologue am\u00e9ricain <a href=\"https:\/\/www.20minutes.fr\/dossier\/donald_trump\" class=\"c-link c-link--is-underlined\" target=\"_blank\" rel=\"noopener\">Donald Trump<\/a> et baptis\u00e9e \u00ab\u00a0Conseil de paix\u00a0\u00bb. Le porte-parole du Kremlin, Dmitri Peskov, n\u2019a pas donn\u00e9 d\u2019indication sur la r\u00e9ponse de <a href=\"https:\/\/www.20minutes.fr\/monde\/vladimir_poutine\/\" class=\"c-link c-link--is-underlined\" target=\"_blank\" rel=\"noopener\">Vladimir Poutine<\/a>, pr\u00e9cisant que la Russie veut \u00ab\u00a0clarifier toutes les nuances\u00a0\u00bb de cette proposition avec Washington.<\/p>\n<p>De nombreux dirigeants \u00e9trangers ont re\u00e7u une invitation \u00e0 joindre cette nouvelle entit\u00e9, <a href=\"https:\/\/www.20minutes.fr\/monde\/russie\/4196894-20260119-sait-conseil-paix-imagine-donald-trump-onu-version-maga-business\" class=\"c-link c-link--is-underlined\" target=\"_blank\" rel=\"noopener\">sorte de concurrent \u00e0 l\u2019ONU<\/a>, dont Donald Trump a annonc\u00e9 vouloir prendre la pr\u00e9sidence et aurait, selon le r\u00e8glement, l\u2019essentiel des pouvoirs. Chaque \u00c9tat membre exercerait un mandat d\u2019une dur\u00e9e maximale de trois ans. Mais les pays versant la somme d\u2019un milliard de dollars deviendraient membres permanents. La France et le Canada ont d\u00e9j\u00e0 d\u00e9clin\u00e9 l\u2019invitation.<\/p>\n<p><\/p>\n<p>Le chiffre du jour<\/p>\n<p>Cinq ans. C\u2019est la dur\u00e9e de d\u00e9tention \u00e0 laquelle a \u00e9t\u00e9 condamn\u00e9 en Russie un Am\u00e9ricain pour transport ill\u00e9gal d\u2019armes et de munitions, d\u00e9couvertes \u00e0 bord de son yacht amarr\u00e9 en juin\u00a02025 dans le port de Sotchi, a annonc\u00e9 ce lundi la justice russe.<\/p>\n<p>Ce ressortissant est pr\u00e9sent\u00e9 comme \u00e9tant Charles Wayne Zimmerman. L\u2019annonce de son arrestation n\u2019avait pas \u00e9t\u00e9 rendue publique, mais, en septembre\u00a02024, les garde-c\u00f4tes am\u00e9ricains avaient alert\u00e9 sur la disparition dans l\u2019Atlantique d\u2019un homme nomm\u00e9 Charles Zimmerman, alors \u00e2g\u00e9 de 57 ans, parti en voilier de la Caroline du Nord pour la Nouvelle-Z\u00e9lande et qui avait d\u00e9clar\u00e9 \u00e0 sa famille vouloir passer par la M\u00e9diterran\u00e9e.<\/p>\n<p>Des dizaines d\u2019Occidentaux, dont des citoyens am\u00e9ricains, ont \u00e9t\u00e9 arr\u00eat\u00e9s en Russie, particuli\u00e8rement depuis le d\u00e9but de la guerre en Ukraine d\u00e9clench\u00e9e en f\u00e9vrier\u00a02022, <a href=\"https:\/\/www.20minutes.fr\/monde\/4030391-20230330-russie-journaliste-americain-wall-street-journal-arrete-espionnage\" class=\"c-link c-link--is-underlined\" target=\"_blank\" rel=\"noopener\">accus\u00e9s d\u2019espionnage<\/a>, de critiques envers l\u2019arm\u00e9e russe, <a href=\"https:\/\/www.20minutes.fr\/monde\/russie\/4090012-20240507-russie-soldat-americain-arrete-vol-vladivostok\" class=\"c-link c-link--is-underlined\" target=\"_blank\" rel=\"noopener\">de vols mineurs<\/a>, de contrebande de cannabis et de conflits familiaux. Plusieurs ont depuis \u00e9t\u00e9 lib\u00e9r\u00e9s lors <a href=\"https:\/\/www.20minutes.fr\/monde\/ukraine\/4104254-20240802-russie-etats-unis-echanges-prisonniers-jamais-lineaires-criminel-contre-criminel\" class=\"c-link c-link--is-underlined\" target=\"_blank\" rel=\"noopener\">d\u2019\u00e9changes de prisonniers<\/a>.<\/p>\n<p>La tendance<\/p>\n<p>Les actionnaires majoritaires russes dans la compagnie p\u00e9troli\u00e8re serbe NIS, vis\u00e9e par des sanctions am\u00e9ricaines, ont accept\u00e9 de vendre leurs parts au <a href=\"https:\/\/molgroup.info\/en\" rel=\"nofollow noopener\" target=\"_blank\" class=\"c-link c-link--is-underlined\">g\u00e9ant hongrois MOL<\/a>, a annonc\u00e9 lundi la ministre serbe de l\u2019Energie, Dubravka Djedovic Handanovic. \u00ab\u00a0MOL et Gazprom Neft ont convenu des dispositions fondamentales d\u2019un futur accord de vente, ce qui \u00e9tait une exigence de l\u2019administration am\u00e9ricaine\u00a0\u00bb, a confirm\u00e9 la ministre serbe dans une d\u00e9claration vid\u00e9o. Elle a ajout\u00e9 que ce projet d\u2019accord de vente serait soumis pour approbation \u00e0 l\u2019administration am\u00e9ricaine, afin d\u2019obtenir une nouvelle licence qui permettra \u00e0 l\u2019unique raffinerie serbe, g\u00e9r\u00e9e par NIS, de fonctionner apr\u00e8s le 23\u00a0janvier, dans la perspective de la signature d\u2019un accord.<\/p>\n<p>Apr\u00e8s neuf mois de reports successifs, Washington avait impos\u00e9 le 9\u00a0octobre des sanctions \u00e0 NIS, contr\u00f4l\u00e9e \u00e0 56\u00a0% par des soci\u00e9t\u00e9s russes (Gazprom Neft et Intelligence), dans le cadre des sanctions plus vastes contre le secteur \u00e9nerg\u00e9tique russe, face au refus de la Russie de mettre fin \u00e0 la guerre en Ukraine.<\/p>\n","protected":false},"excerpt":{"rendered":"Vous avez rat\u00e9 les derniers \u00e9v\u00e9nements sur la guerre en Ukraine\u00a0? 20 Minutes fait le point pour vous&hellip;\n","protected":false},"author":2,"featured_media":675292,"comment_status":"","ping_status":"","sticky":false,"template":"","format":"standard","meta":{"footnotes":""},"categories":[1590],"tags":[47,11,32440,75,1777,674,131,22276,74,12,3521,132,3329,220,135,134],"class_list":{"0":"post-675291","1":"post","2":"type-post","3":"status-publish","4":"format-standard","5":"has-post-thumbnail","7":"category-ukraine","8":"tag-actualite","9":"tag-actualites","10":"tag-davos","11":"tag-donald-trump","12":"tag-eu","13":"tag-europe","14":"tag-guerre-en-ukraine","15":"tag-jared-kushner","16":"tag-monde","17":"tag-news","18":"tag-onu","19":"tag-russie","20":"tag-serbie","21":"tag-ukraine","22":"tag-vladimir-poutine","23":"tag-volodymyr-zelensky"},"share_on_mastodon":{"url":"https:\/\/pubeurope.com\/@fr\/115923966025433147","error":""},"_links":{"self":[{"href":"https:\/\/www.europesays.com\/fr\/wp-json\/wp\/v2\/posts\/675291","targetHints":{"allow":["GET"]}}],"collection":[{"href":"https:\/\/www.europesays.com\/fr\/wp-json\/wp\/v2\/posts"}],"about":[{"href":"https:\/\/www.europesays.com\/fr\/wp-json\/wp\/v2\/types\/post"}],"author":[{"embeddable":true,"href":"https:\/\/www.europesays.com\/fr\/wp-json\/wp\/v2\/users\/2"}],"replies":[{"embeddable":true,"href":"https:\/\/www.europesays.com\/fr\/wp-json\/wp\/v2\/comments?post=675291"}],"version-history":[{"count":0,"href":"https:\/\/www.europesays.com\/fr\/wp-json\/wp\/v2\/posts\/675291\/revisions"}],"wp:featuredmedia":[{"embeddable":true,"href":"https:\/\/www.europesays.com\/fr\/wp-json\/wp\/v2\/media\/675292"}],"wp:attachment":[{"href":"https:\/\/www.europesays.com\/fr\/wp-json\/wp\/v2\/media?parent=675291"}],"wp:term":[{"taxonomy":"category","embeddable":true,"href":"https:\/\/www.europesays.com\/fr\/wp-json\/wp\/v2\/categories?post=675291"},{"taxonomy":"post_tag","embeddable":true,"href":"https:\/\/www.europesays.com\/fr\/wp-json\/wp\/v2\/tags?post=675291"}],"curies":[{"name":"wp","href":"https:\/\/api.w.org\/{rel}","templated":true}]}}