{"id":67532,"date":"2025-05-01T18:48:11","date_gmt":"2025-05-01T18:48:11","guid":{"rendered":"https:\/\/www.europesays.com\/fr\/67532\/"},"modified":"2025-05-01T18:48:11","modified_gmt":"2025-05-01T18:48:11","slug":"2-hectares-ravages-par-les-flammes","status":"publish","type":"post","link":"https:\/\/www.europesays.com\/fr\/67532\/","title":{"rendered":"2 hectares ravag\u00e9s par les flammes"},"content":{"rendered":"<p>            Par<br \/>\n        <strong><br \/>\n            <a href=\"https:\/\/actu.fr\/auteur\/julien-bouteiller\" title=\"Consulter tous les articles de Julien Bouteiller\" rel=\"nofollow noopener\" target=\"_blank\">Julien Bouteiller<\/a><br \/>\n        <\/strong><\/p>\n<p>        Publi\u00e9 le<\/p>\n<p>            1 mai 2025 \u00e0 19h46        <\/p>\n<p>Une cons\u00e9quence de la chaleur du jour ? Ce jeudi 1er mai 2025,<strong> un incendie s\u2019est d\u00e9clar\u00e9 dans la for\u00eat de la Londe-Rouvray<\/strong>, non loin du Z\u00e9nith de <a href=\"https:\/\/actu.fr\/normandie\/rouen_76540\" rel=\"nofollow noopener\" target=\"_blank\">Rouen<\/a>.\u00a0<\/p>\n<p>Un feu en for\u00eat pr\u00e8s de Rouen<\/p>\n<p class=\" wall-content\">D\u2019apr\u00e8s nos informations, le feu s\u2019est d\u00e9clench\u00e9 dans des broussailles, <strong>aux alentours de 15h30<\/strong>.\u00a0<\/p>\n<p class=\" wall-content\">L\u2019incendie, difficile d\u2019acc\u00e8s, se trouvait sur le chemin de la Poudri\u00e8re, <strong>non loin du Cerema<\/strong>. <strong>Environ 2 hectares de v\u00e9g\u00e9tation ont br\u00fbl\u00e9<\/strong>, sur un front d\u2019environ 200 m\u00e8tres.\u00a0<\/p>\n<p class=\" wall-content\">Les pompiers sont parvenus \u00e0 circonscrire rapidement le sinistre et \u00e0 \u00e9viter une propagation au Cerema. Vers 18h30, les soldats du feu achevaient l\u2019extinction des foyers r\u00e9siduels.<\/p>\n<p class=\" wall-content\">On ignore pour l\u2019heure les causes de ce feu.<\/p>\n<p>Vid\u00e9os : en ce moment sur ActuSuivez l\u2019actualit\u00e9 de Rouen <a href=\"https:\/\/www.whatsapp.com\/channel\/0029VaKfnf99hXF2ddApFB1D\" rel=\"nofollow noopener\" target=\"_blank\">sur notre cha\u00eene WhatsApp<\/a> et <a href=\"https:\/\/www.tiktok.com\/@76actu.fr?lang=fr\" rel=\"nofollow noopener\" target=\"_blank\">sur notre compte TikTok<\/a><\/p>\n<p class=\" wall-content\">Suivez toute l\u2019actualit\u00e9 de vos villes et m\u00e9dias favoris en vous inscrivant \u00e0 <a href=\"https:\/\/moncompte.actu.fr\" title=\"D\u00e9couvez Mon Actu\" rel=\"nofollow noopener\" data-trk=\"{&quot;cta&quot;:{&quot;action&quot;:&quot;https:\\\/\\\/moncompte.actu.fr&quot;,&quot;category&quot;:&quot;mon compte&quot;,&quot;from&quot;:&quot;article footer&quot;,&quot;name&quot;:&quot;Mon actu&quot;,&quot;type&quot;:&quot;cta&quot;}}\" target=\"_blank\">Mon Actu<\/a>.<\/p>\n<p>                    <script async src=\"\/\/www.tiktok.com\/embed.js\"><\/script><\/p>\n","protected":false},"excerpt":{"rendered":"Par Julien Bouteiller Publi\u00e9 le 1 mai 2025 \u00e0 19h46 Une cons\u00e9quence de la chaleur du jour ?&hellip;\n","protected":false},"author":2,"featured_media":67533,"comment_status":"","ping_status":"","sticky":false,"template":"","format":"standard","meta":{"footnotes":""},"categories":[9587],"tags":[1111,11,1777,674,118,1011,27,1310,12,5161,1311,25,9590],"class_list":{"0":"post-67532","1":"post","2":"type-post","3":"status-publish","4":"format-standard","5":"has-post-thumbnail","7":"category-rouen","8":"tag-actu","9":"tag-actualites","10":"tag-eu","11":"tag-europe","12":"tag-faits-divers","13":"tag-fr","14":"tag-france","15":"tag-incendie","16":"tag-news","17":"tag-normandie","18":"tag-pompiers","19":"tag-republique-francaise","20":"tag-rouen"},"share_on_mastodon":{"url":"https:\/\/pubeurope.com\/@fr\/114434074436703303","error":""},"_links":{"self":[{"href":"https:\/\/www.europesays.com\/fr\/wp-json\/wp\/v2\/posts\/67532","targetHints":{"allow":["GET"]}}],"collection":[{"href":"https:\/\/www.europesays.com\/fr\/wp-json\/wp\/v2\/posts"}],"about":[{"href":"https:\/\/www.europesays.com\/fr\/wp-json\/wp\/v2\/types\/post"}],"author":[{"embeddable":true,"href":"https:\/\/www.europesays.com\/fr\/wp-json\/wp\/v2\/users\/2"}],"replies":[{"embeddable":true,"href":"https:\/\/www.europesays.com\/fr\/wp-json\/wp\/v2\/comments?post=67532"}],"version-history":[{"count":0,"href":"https:\/\/www.europesays.com\/fr\/wp-json\/wp\/v2\/posts\/67532\/revisions"}],"wp:featuredmedia":[{"embeddable":true,"href":"https:\/\/www.europesays.com\/fr\/wp-json\/wp\/v2\/media\/67533"}],"wp:attachment":[{"href":"https:\/\/www.europesays.com\/fr\/wp-json\/wp\/v2\/media?parent=67532"}],"wp:term":[{"taxonomy":"category","embeddable":true,"href":"https:\/\/www.europesays.com\/fr\/wp-json\/wp\/v2\/categories?post=67532"},{"taxonomy":"post_tag","embeddable":true,"href":"https:\/\/www.europesays.com\/fr\/wp-json\/wp\/v2\/tags?post=67532"}],"curies":[{"name":"wp","href":"https:\/\/api.w.org\/{rel}","templated":true}]}}