{"id":675359,"date":"2026-01-19T22:29:18","date_gmt":"2026-01-19T22:29:18","guid":{"rendered":"https:\/\/www.europesays.com\/fr\/675359\/"},"modified":"2026-01-19T22:29:18","modified_gmt":"2026-01-19T22:29:18","slug":"amenagement-dune-promenade-fluviale-autour-de-lile-lacroix-a-rouen-dici-2027","status":"publish","type":"post","link":"https:\/\/www.europesays.com\/fr\/675359\/","title":{"rendered":"Am\u00e9nagement d\u2019une promenade fluviale autour de l\u2019\u00eele Lacroix \u00e0 Rouen d\u2019ici 2027"},"content":{"rendered":"<p>Une promenade fluviale de trois kilom\u00e8tres sera am\u00e9nag\u00e9e autour de l\u2019\u00eele Lacroix, \u00e0 Rouen, dans le d\u00e9partement de la Seine-Maritime. Pr\u00e9sent\u00e9 au public en septembre 2025, le projet fera l\u2019objet d\u2019\u00e9tudes compl\u00e9mentaires durant encore un an, avec des travaux pr\u00e9vus en deux phases successives, susceptibles de d\u00e9buter en 2027.<\/p>\n<p class=\"c-paragraph\">La v\u00e9g\u00e9talisation sera renforc\u00e9e \u00e0 la pointe de l\u2019\u00eele, sous le pont Corneille. Le long de la rue de l\u2019Industrie, des plantations remplaceront une partie du stationnement existant. Un petit port, \u00e9quip\u00e9 d\u2019une cale \u00e0 bateaux et de zones de repos, sera \u00e9galement cr\u00e9\u00e9 pr\u00e8s des commerces. De plus, une descente en gradins offrira un acc\u00e8s direct \u00e0 la Seine pour les usagers.<\/p>\n<p class=\"c-paragraph\">\u00c0 l\u2019arri\u00e8re de l\u2019\u00eele, un chemin pi\u00e9tonnier v\u00e9g\u00e9talis\u00e9 passera entre les piles du pont pour rejoindre le pont d\u2019Eauplet. Cet am\u00e9nagement permettra de constituer, \u00e0 terme, un parcours continu destin\u00e9 aux pi\u00e9tons et aux cyclistes. Le projet, pilot\u00e9 par l\u2019architecte paysagiste Christophe Cozette de l\u2019agence Phytolab, repr\u00e9sente un investissement de 12 millions d\u2019euros. Il s\u2019inscrit dans le programme de renaturation engag\u00e9 par la M\u00e9tropole et la Ville.<\/p>\n","protected":false},"excerpt":{"rendered":"Une promenade fluviale de trois kilom\u00e8tres sera am\u00e9nag\u00e9e autour de l\u2019\u00eele Lacroix, \u00e0 Rouen, dans le d\u00e9partement de&hellip;\n","protected":false},"author":2,"featured_media":667388,"comment_status":"","ping_status":"","sticky":false,"template":"","format":"standard","meta":{"footnotes":"","_share_on_mastodon":"0"},"categories":[9587],"tags":[1111,11,1777,674,1011,27,12,5161,25,9590,5163,7333],"class_list":["post-675359","post","type-post","status-publish","format-standard","has-post-thumbnail","category-rouen","tag-actu","tag-actualites","tag-eu","tag-europe","tag-fr","tag-france","tag-news","tag-normandie","tag-republique-francaise","tag-rouen","tag-seine-maritime","tag-vie-du-btp"],"share_on_mastodon":{"url":"https:\/\/pubeurope.com\/@fr\/115924131073129643","error":""},"_links":{"self":[{"href":"https:\/\/www.europesays.com\/fr\/wp-json\/wp\/v2\/posts\/675359","targetHints":{"allow":["GET"]}}],"collection":[{"href":"https:\/\/www.europesays.com\/fr\/wp-json\/wp\/v2\/posts"}],"about":[{"href":"https:\/\/www.europesays.com\/fr\/wp-json\/wp\/v2\/types\/post"}],"author":[{"embeddable":true,"href":"https:\/\/www.europesays.com\/fr\/wp-json\/wp\/v2\/users\/2"}],"replies":[{"embeddable":true,"href":"https:\/\/www.europesays.com\/fr\/wp-json\/wp\/v2\/comments?post=675359"}],"version-history":[{"count":0,"href":"https:\/\/www.europesays.com\/fr\/wp-json\/wp\/v2\/posts\/675359\/revisions"}],"wp:featuredmedia":[{"embeddable":true,"href":"https:\/\/www.europesays.com\/fr\/wp-json\/wp\/v2\/media\/667388"}],"wp:attachment":[{"href":"https:\/\/www.europesays.com\/fr\/wp-json\/wp\/v2\/media?parent=675359"}],"wp:term":[{"taxonomy":"category","embeddable":true,"href":"https:\/\/www.europesays.com\/fr\/wp-json\/wp\/v2\/categories?post=675359"},{"taxonomy":"post_tag","embeddable":true,"href":"https:\/\/www.europesays.com\/fr\/wp-json\/wp\/v2\/tags?post=675359"}],"curies":[{"name":"wp","href":"https:\/\/api.w.org\/{rel}","templated":true}]}}