{"id":67536,"date":"2025-05-01T18:51:19","date_gmt":"2025-05-01T18:51:19","guid":{"rendered":"https:\/\/www.europesays.com\/fr\/67536\/"},"modified":"2025-05-01T18:51:19","modified_gmt":"2025-05-01T18:51:19","slug":"les-images-de-la-manifestation-du-1er-mai-a-grenoble","status":"publish","type":"post","link":"https:\/\/www.europesays.com\/fr\/67536\/","title":{"rendered":"les images de la manifestation du 1er-Mai \u00e0 Grenoble"},"content":{"rendered":"<p>F\u00eate du travail oblige, entre 2 500 et 5 000 personnes ont particip\u00e9 au traditionnel d\u00e9fil\u00e9 du 1er-Mai, ce jeudi, dans le centre-ville de Grenoble. Parmi les revendications port\u00e9es par les manifestants : les droits sociaux bien entendu, mais \u00e9galement la d\u00e9fense des Palestiniens ou encore les droits des personnes transgenres&#8230; Retour en images.\u00a0<\/p>\n","protected":false},"excerpt":{"rendered":"F\u00eate du travail oblige, entre 2 500 et 5 000 personnes ont particip\u00e9 au traditionnel d\u00e9fil\u00e9 du 1er-Mai,&hellip;\n","protected":false},"author":2,"featured_media":67537,"comment_status":"","ping_status":"","sticky":false,"template":"","format":"standard","meta":{"footnotes":""},"categories":[9566],"tags":[1111,11,2430,112,1777,674,107,1011,27,5325,2798,2731,108,12,316,25,106,801,104],"class_list":{"0":"post-67536","1":"post","2":"type-post","3":"status-publish","4":"format-standard","5":"has-post-thumbnail","7":"category-grenoble","8":"tag-actu","9":"tag-actualites","10":"tag-auvergne-rhone-alpes","11":"tag-edition-grenoble-agglomeration","12":"tag-eu","13":"tag-europe","14":"tag-fil-info","15":"tag-fr","16":"tag-france","17":"tag-galerie-media","18":"tag-galerie-photo","19":"tag-grenoble","20":"tag-isere","21":"tag-news","22":"tag-politique","23":"tag-republique-francaise","24":"tag-selection-de-la-redaction-38","25":"tag-social","26":"tag-societe"},"share_on_mastodon":{"url":"https:\/\/pubeurope.com\/@fr\/114434086323483301","error":""},"_links":{"self":[{"href":"https:\/\/www.europesays.com\/fr\/wp-json\/wp\/v2\/posts\/67536","targetHints":{"allow":["GET"]}}],"collection":[{"href":"https:\/\/www.europesays.com\/fr\/wp-json\/wp\/v2\/posts"}],"about":[{"href":"https:\/\/www.europesays.com\/fr\/wp-json\/wp\/v2\/types\/post"}],"author":[{"embeddable":true,"href":"https:\/\/www.europesays.com\/fr\/wp-json\/wp\/v2\/users\/2"}],"replies":[{"embeddable":true,"href":"https:\/\/www.europesays.com\/fr\/wp-json\/wp\/v2\/comments?post=67536"}],"version-history":[{"count":0,"href":"https:\/\/www.europesays.com\/fr\/wp-json\/wp\/v2\/posts\/67536\/revisions"}],"wp:featuredmedia":[{"embeddable":true,"href":"https:\/\/www.europesays.com\/fr\/wp-json\/wp\/v2\/media\/67537"}],"wp:attachment":[{"href":"https:\/\/www.europesays.com\/fr\/wp-json\/wp\/v2\/media?parent=67536"}],"wp:term":[{"taxonomy":"category","embeddable":true,"href":"https:\/\/www.europesays.com\/fr\/wp-json\/wp\/v2\/categories?post=67536"},{"taxonomy":"post_tag","embeddable":true,"href":"https:\/\/www.europesays.com\/fr\/wp-json\/wp\/v2\/tags?post=67536"}],"curies":[{"name":"wp","href":"https:\/\/api.w.org\/{rel}","templated":true}]}}