{"id":675375,"date":"2026-01-19T22:38:41","date_gmt":"2026-01-19T22:38:41","guid":{"rendered":"https:\/\/www.europesays.com\/fr\/675375\/"},"modified":"2026-01-19T22:38:41","modified_gmt":"2026-01-19T22:38:41","slug":"ce-nouveau-bar-propose-des-soirees-gratuites-pour-feter-son-ouverture","status":"publish","type":"post","link":"https:\/\/www.europesays.com\/fr\/675375\/","title":{"rendered":"ce nouveau bar propose des soir\u00e9es gratuites pour f\u00eater son ouverture"},"content":{"rendered":"<p>                    Par<br \/>\n        <strong><br \/>\n            <a href=\"https:\/\/actu.fr\/auteur\/thomas-bernard\" title=\"Consulter tous les articles de Thomas Bernard\" target=\"_blank\" rel=\"noopener\">Thomas Bernard<\/a><br \/>\n                    <\/strong><\/p>\n<p>        Publi\u00e9 le<\/p>\n<p>            19 janv. 2026 \u00e0 17h47        <\/p>\n<p>Apr\u00e8s trois ans d\u2019activit\u00e9, <a href=\"https:\/\/actu.fr\/pays-de-la-loire\/nantes_44109\/nantes-un-nouveau-bar-de-quartier-va-ouvrir-a-la-place-de-decadanse_63531817.html\" target=\"_blank\" rel=\"noopener\">D\u00e9cadanse a ferm\u00e9 ses portes le 30\u00a0avril 2025<\/a>. Un nouveau lieu culturel va bient\u00f4t s\u2019implanter dans <b>le quartier Saint-F\u00e9lix<\/b>, \u00e0 Nantes.<\/p>\n<p class=\" wall-content\"><b>Portevent<\/b>, c\u2019est le nom de cet \u00e9tablissement install\u00e9 boulevard Henry-Orrion qui ouvre ses portes le jeudi 22\u00a0janvier 2026. Plusieurs \u00e9v\u00e9nements gratuits sont organis\u00e9s pour f\u00eater l\u2019ouverture de cette structure g\u00e9r\u00e9e par l\u2019association Nouveau Pavillon.<\/p>\n<p>Des spectacles gratuits<\/p>\n<p class=\" wall-content\">\u00ab\u2009Prenant place dans les anciens locaux de La Sc\u00e8ne Michelet, devenue par la suite D\u00e9cadanse, Portevent propose un bar de quartier, une programmation d\u00e9di\u00e9e aux musiques trad\u2019actuelles et arts de la parole, des r\u00e9sidences d\u2019artistes, mais \u00e9galement des \u00e9v\u00e9nements \u00e9clectiques organis\u00e9s par des structures tierces\u2009\u00bb, d\u00e9taille l\u2019association.<\/p>\n<p class=\" wall-content\">L\u2019inauguration de Portevent aura lieu <b>le jeudi 22\u00a0janvier \u00e0 partir de 19\u2009h<\/b>. Deux jours de festivit\u00e9s gratuites animeront Portevent <b>le vendredi\u00a023 et le samedi 24\u00a0janvier<\/b>. Le public est attendu \u00e0 partir de 19\u2009h le vendredi, et 14\u2009h le samedi. Concerts, DJ sets, bal, animations et spectacles familiaux seront propos\u00e9s. D\u00e9couvrez la programmation compl\u00e8te <a href=\"https:\/\/portevent.fr\/programmation\/\" target=\"_blank\" rel=\"noopener\">ici<\/a>.<\/p>\n<p class=\" wall-content\">\u00ab\u2009En parall\u00e8le de la programmation musicale, le public pourra assister \u00e0 la r\u00e9alisation d\u2019une fresque en live par Gam\u00e4, s\u2019initier \u00e0 la s\u00e9rigraphie ou encore d\u00e9couvrir en avant-premi\u00e8re\u00a0l\u2019exposition Une salle, deux ambiances, des illustratrices brachosaure96 et Jeanneaut\u2009\u00bb, ajoutent les g\u00e9rants de l\u2019\u00e9tablissement.<\/p>\n<p>\u00a0Portevent, 1 boulevard Henry Orrion<\/p>\n<p class=\" wall-content\">Personnalisez votre actualit\u00e9 en ajoutant vos villes et m\u00e9dias en favori avec <a href=\"https:\/\/moncompte.actu.fr\" title=\"D\u00e9couvez Mon Actu\" rel=\"nofollow noopener\" data-trk=\"{&quot;cta&quot;:{&quot;action&quot;:&quot;https:\\\/\\\/moncompte.actu.fr&quot;,&quot;category&quot;:&quot;mon compte&quot;,&quot;from&quot;:&quot;article footer&quot;,&quot;name&quot;:&quot;Mon actu&quot;,&quot;type&quot;:&quot;cta&quot;}}\" target=\"_blank\">Mon Actu<\/a>.<\/p>\n","protected":false},"excerpt":{"rendered":"Par Thomas Bernard Publi\u00e9 le 19 janv. 2026 \u00e0 17h47 Apr\u00e8s trois ans d\u2019activit\u00e9, D\u00e9cadanse a ferm\u00e9 ses&hellip;\n","protected":false},"author":2,"featured_media":675376,"comment_status":"","ping_status":"","sticky":false,"template":"","format":"standard","meta":{"footnotes":""},"categories":[2818],"tags":[1111,11,1777,674,1011,27,1652,766,12,3147,2636,25,853],"class_list":{"0":"post-675375","1":"post","2":"type-post","3":"status-publish","4":"format-standard","5":"has-post-thumbnail","7":"category-nantes","8":"tag-actu","9":"tag-actualites","10":"tag-eu","11":"tag-europe","12":"tag-fr","13":"tag-france","14":"tag-loisirs-culture","15":"tag-nantes","16":"tag-news","17":"tag-nouveaux-commerces","18":"tag-pays-de-la-loire","19":"tag-republique-francaise","20":"tag-spectacles"},"share_on_mastodon":{"url":"https:\/\/pubeurope.com\/@fr\/115924166651609341","error":""},"_links":{"self":[{"href":"https:\/\/www.europesays.com\/fr\/wp-json\/wp\/v2\/posts\/675375","targetHints":{"allow":["GET"]}}],"collection":[{"href":"https:\/\/www.europesays.com\/fr\/wp-json\/wp\/v2\/posts"}],"about":[{"href":"https:\/\/www.europesays.com\/fr\/wp-json\/wp\/v2\/types\/post"}],"author":[{"embeddable":true,"href":"https:\/\/www.europesays.com\/fr\/wp-json\/wp\/v2\/users\/2"}],"replies":[{"embeddable":true,"href":"https:\/\/www.europesays.com\/fr\/wp-json\/wp\/v2\/comments?post=675375"}],"version-history":[{"count":0,"href":"https:\/\/www.europesays.com\/fr\/wp-json\/wp\/v2\/posts\/675375\/revisions"}],"wp:featuredmedia":[{"embeddable":true,"href":"https:\/\/www.europesays.com\/fr\/wp-json\/wp\/v2\/media\/675376"}],"wp:attachment":[{"href":"https:\/\/www.europesays.com\/fr\/wp-json\/wp\/v2\/media?parent=675375"}],"wp:term":[{"taxonomy":"category","embeddable":true,"href":"https:\/\/www.europesays.com\/fr\/wp-json\/wp\/v2\/categories?post=675375"},{"taxonomy":"post_tag","embeddable":true,"href":"https:\/\/www.europesays.com\/fr\/wp-json\/wp\/v2\/tags?post=675375"}],"curies":[{"name":"wp","href":"https:\/\/api.w.org\/{rel}","templated":true}]}}