{"id":675395,"date":"2026-01-19T22:48:11","date_gmt":"2026-01-19T22:48:11","guid":{"rendered":"https:\/\/www.europesays.com\/fr\/675395\/"},"modified":"2026-01-19T22:48:11","modified_gmt":"2026-01-19T22:48:11","slug":"des-eleves-coaches-pour-faire-face-a-parcoursup","status":"publish","type":"post","link":"https:\/\/www.europesays.com\/fr\/675395\/","title":{"rendered":"des \u00e9l\u00e8ves \u00ab coach\u00e9s \u00bb pour faire face \u00e0 Parcoursup"},"content":{"rendered":"<p>Dans une salle de terminale STMG du lyc\u00e9e \u00c9douard-Herriot, les ordinateurs sont ouverts, les \u00e9l\u00e8ves concentr\u00e9s devant leurs \u00e9crans qui affichent le redout\u00e9 <a href=\"https:\/\/www.leprogres.fr\/p\/parcoursup\" target=\"_blank\" rel=\"noopener\">Parcoursup<\/a>. Un passage oblig\u00e9 pour pr\u00e8s de 980\u00a0000 candidats en 2025, un record depuis 2018*. Ce lundi, pr\u00e8s de 32\u00a0000 \u00e9l\u00e8ves de l\u2019acad\u00e9mie ont pu commencer \u00e0 formuler leurs v\u0153ux*.<\/p>\n<p>\u00ab\u00a0Le pire, c\u2019est l\u2019attente\u00a0\u00bb<\/p>\n<p>\u00ab\u00a0On compare les formations, on regarde les taux d\u2019acc\u00e8s, on simule nos chances d\u2019y acc\u00e9der\u00a0\u00bb, r\u00e9sume l\u2019une d\u2019entre eux, Assya. Depuis la classe de premi\u00e8re, ils ont travaill\u00e9 sur le calendrier, les attendus des formations et les diff\u00e9rentes phases de la proc\u00e9dure. \u00ab\u00a0Le fait de savoir quand les r\u00e9ponses vont tomber et le temps dont ils auront pour y r\u00e9pondre permet de d\u00e9samorcer\u00a0\u00bb, constate Amel Kaddouri, professeure principale de cette trentaine d\u2019\u00e9l\u00e8ve. \u00ab\u00a0Le pire pour nous, c\u2019est&#8230;<\/p>\n","protected":false},"excerpt":{"rendered":"Dans une salle de terminale STMG du lyc\u00e9e \u00c9douard-Herriot, les ordinateurs sont ouverts, les \u00e9l\u00e8ves concentr\u00e9s devant leurs&hellip;\n","protected":false},"author":2,"featured_media":675396,"comment_status":"","ping_status":"","sticky":false,"template":"","format":"standard","meta":{"footnotes":""},"categories":[1889],"tags":[1111,11,2430,3152,2757,3153,3154,3155,3156,1057,4854,1777,674,107,1011,27,2428,2756,12,25,2429,3151],"class_list":{"0":"post-675395","1":"post","2":"type-post","3":"status-publish","4":"format-standard","5":"has-post-thumbnail","7":"category-lyon","8":"tag-actu","9":"tag-actualites","10":"tag-auvergne-rhone-alpes","11":"tag-edition-est-lyonnais","12":"tag-edition-lyon-villeurbanne","13":"tag-edition-ouest-lyonnais","14":"tag-edition-sud-lyonnais","15":"tag-edition-tarare","16":"tag-edition-villefranche","17":"tag-education","18":"tag-enseignement-superieur","19":"tag-eu","20":"tag-europe","21":"tag-fil-info","22":"tag-fr","23":"tag-france","24":"tag-lyon","25":"tag-lyon-bassin","26":"tag-news","27":"tag-republique-francaise","28":"tag-rhone","29":"tag-selection-de-la-redaction-69"},"share_on_mastodon":{"url":"","error":""},"_links":{"self":[{"href":"https:\/\/www.europesays.com\/fr\/wp-json\/wp\/v2\/posts\/675395","targetHints":{"allow":["GET"]}}],"collection":[{"href":"https:\/\/www.europesays.com\/fr\/wp-json\/wp\/v2\/posts"}],"about":[{"href":"https:\/\/www.europesays.com\/fr\/wp-json\/wp\/v2\/types\/post"}],"author":[{"embeddable":true,"href":"https:\/\/www.europesays.com\/fr\/wp-json\/wp\/v2\/users\/2"}],"replies":[{"embeddable":true,"href":"https:\/\/www.europesays.com\/fr\/wp-json\/wp\/v2\/comments?post=675395"}],"version-history":[{"count":0,"href":"https:\/\/www.europesays.com\/fr\/wp-json\/wp\/v2\/posts\/675395\/revisions"}],"wp:featuredmedia":[{"embeddable":true,"href":"https:\/\/www.europesays.com\/fr\/wp-json\/wp\/v2\/media\/675396"}],"wp:attachment":[{"href":"https:\/\/www.europesays.com\/fr\/wp-json\/wp\/v2\/media?parent=675395"}],"wp:term":[{"taxonomy":"category","embeddable":true,"href":"https:\/\/www.europesays.com\/fr\/wp-json\/wp\/v2\/categories?post=675395"},{"taxonomy":"post_tag","embeddable":true,"href":"https:\/\/www.europesays.com\/fr\/wp-json\/wp\/v2\/tags?post=675395"}],"curies":[{"name":"wp","href":"https:\/\/api.w.org\/{rel}","templated":true}]}}