{"id":67546,"date":"2025-05-01T18:56:09","date_gmt":"2025-05-01T18:56:09","guid":{"rendered":"https:\/\/www.europesays.com\/fr\/67546\/"},"modified":"2025-05-01T18:56:09","modified_gmt":"2025-05-01T18:56:09","slug":"1er-mai-environ-800-personnes-defilent-pour-les-droits-des-travailleurs-a-nice","status":"publish","type":"post","link":"https:\/\/www.europesays.com\/fr\/67546\/","title":{"rendered":"1er-Mai: environ 800 personnes d\u00e9filent pour les droits des travailleurs \u00e0 Nice"},"content":{"rendered":"<p>Sur le camion en t\u00eate de cort\u00e8ge, une intersyndicale compos\u00e9e de FSU, UNSA, CGT et Solidaire a pris la parole en pr\u00e9ambule pour d\u00e9noncer \u00ab\u00a0l\u2019effort de guerre\u00a0\u00bb pr\u00f4n\u00e9 par le Pr\u00e9sident de la R\u00e9publique et r\u00e9clamer un \u00ab\u00a0effort de paix\u00a0\u00bb et des moyens pour les services publics notamment.<\/p>\n<p>Dans le cort\u00e8ge qui comptait 800 personnes selon nos calculs et 250 selon la police, C\u00e9line, 44 ans, et une carri\u00e8re jalonn\u00e9e de \u00ab\u00a0petits boulots mal pay\u00e9s, tant\u00f4t cantini\u00e8re, auxiliaire de vie ou secr\u00e9taire\u00a0\u00bb, d\u00e9nonce \u00ab\u00a0un pays o\u00f9 on ne peut souvent pas s\u2019en sortir sans la CAF, les aides\u00a0\u00bb.<\/p>\n<p>\u00ab\u00a0Ma maman, elle travaille d\u00e9j\u00e0 assez&#8230;\u00a0\u00bb<\/p>\n<p>\u00c0 ses c\u00f4t\u00e9s, sa petite fille Alice, 8 ans, l\u2019accompagne. \u00ab\u00a0J\u2019ai entendu \u00e0 la t\u00e9l\u00e9 un monsieur qui disait qu\u2019il fallait travailler plus mais ma maman elle travaille d\u00e9j\u00e0 assez\u2026\u00a0\u00bb, glisse-t-elle.<\/p>\n<p>Le cort\u00e8ge s\u2019\u00e9lance d\u00e9sormais vers la Negresco avant de revenir par la chauss\u00e9e sud de la Promenade des Anglais pour un final pr\u00e9vu place Garibaldi avec un barbecue solidaire auquel se joindront les cheminots.<\/p>\n","protected":false},"excerpt":{"rendered":"Sur le camion en t\u00eate de cort\u00e8ge, une intersyndicale compos\u00e9e de FSU, UNSA, CGT et Solidaire a pris&hellip;\n","protected":false},"author":2,"featured_media":67547,"comment_status":"","ping_status":"","sticky":false,"template":"","format":"standard","meta":{"footnotes":""},"categories":[2819],"tags":[1111,11,1777,674,1011,27,802,12,2401,882,25,801],"class_list":{"0":"post-67546","1":"post","2":"type-post","3":"status-publish","4":"format-standard","5":"has-post-thumbnail","7":"category-nice","8":"tag-actu","9":"tag-actualites","10":"tag-eu","11":"tag-europe","12":"tag-fr","13":"tag-france","14":"tag-greves-et-mouvements-sociaux","15":"tag-news","16":"tag-nice","17":"tag-provence-alpes-cote-dazur","18":"tag-republique-francaise","19":"tag-social"},"share_on_mastodon":{"url":"https:\/\/pubeurope.com\/@fr\/114434105959170385","error":""},"_links":{"self":[{"href":"https:\/\/www.europesays.com\/fr\/wp-json\/wp\/v2\/posts\/67546","targetHints":{"allow":["GET"]}}],"collection":[{"href":"https:\/\/www.europesays.com\/fr\/wp-json\/wp\/v2\/posts"}],"about":[{"href":"https:\/\/www.europesays.com\/fr\/wp-json\/wp\/v2\/types\/post"}],"author":[{"embeddable":true,"href":"https:\/\/www.europesays.com\/fr\/wp-json\/wp\/v2\/users\/2"}],"replies":[{"embeddable":true,"href":"https:\/\/www.europesays.com\/fr\/wp-json\/wp\/v2\/comments?post=67546"}],"version-history":[{"count":0,"href":"https:\/\/www.europesays.com\/fr\/wp-json\/wp\/v2\/posts\/67546\/revisions"}],"wp:featuredmedia":[{"embeddable":true,"href":"https:\/\/www.europesays.com\/fr\/wp-json\/wp\/v2\/media\/67547"}],"wp:attachment":[{"href":"https:\/\/www.europesays.com\/fr\/wp-json\/wp\/v2\/media?parent=67546"}],"wp:term":[{"taxonomy":"category","embeddable":true,"href":"https:\/\/www.europesays.com\/fr\/wp-json\/wp\/v2\/categories?post=67546"},{"taxonomy":"post_tag","embeddable":true,"href":"https:\/\/www.europesays.com\/fr\/wp-json\/wp\/v2\/tags?post=67546"}],"curies":[{"name":"wp","href":"https:\/\/api.w.org\/{rel}","templated":true}]}}