{"id":675460,"date":"2026-01-19T23:27:14","date_gmt":"2026-01-19T23:27:14","guid":{"rendered":"https:\/\/www.europesays.com\/fr\/675460\/"},"modified":"2026-01-19T23:27:14","modified_gmt":"2026-01-19T23:27:14","slug":"morlaix-landerneau-plougastel-daoulas-des-agriculteurs-ont-mene-des-actions-contre-plusieurs-magasins-lidl-du-finistere","status":"publish","type":"post","link":"https:\/\/www.europesays.com\/fr\/675460\/","title":{"rendered":"Morlaix, Landerneau, Plougastel-Daoulas\u2026 Des agriculteurs ont men\u00e9 des actions contre plusieurs magasins Lidl du Finist\u00e8re"},"content":{"rendered":"<p>Ce lundi soir, \u00e0 Morlaix, une manifestation d\u2019agriculteurs a \u00e9t\u00e9 men\u00e9e \u00e0 partir du d\u00e9but de soir\u00e9e. Une vingtaine de tracteurs et de remorques et plusieurs dizaines d\u2019agriculteurs se sont ainsi retrouv\u00e9es au niveau du rond-point de la Vierge-Noire. Aucune action de blocage n\u2019a alors \u00e9t\u00e9 entreprise.<\/p>\n<p><img decoding=\"async\" src=\"https:\/\/www.europesays.com\/fr\/wp-content\/uploads\/2026\/01\/696ea69b46ee42b8fb01d272.1.jpeg\" width=\"480\" height=\"300\" class=\"web_golden_m\" loading=\"lazy\" alt=\"Une vingtaine de tracteurs sont mobilis\u00e9s \u00e0 l\u2019occasion d\u2019une manifestation d\u2019agriculteurs \u00e0 Morlaix, ce lundi soir.\"\/>Une vingtaine de tracteurs sont mobilis\u00e9s \u00e0 l\u2019occasion d\u2019une manifestation d\u2019agriculteurs \u00e0 Morlaix, ce lundi soir. (Le T\u00e9l\u00e9gramme\/Gwendal Hameury)Une action contre Lidl<\/p>\n<p>Puis, se dirigeant vers le Lidl, les agriculteurs pr\u00e9sents ont notamment d\u00e9pos\u00e9 des roundballers devant l\u2019entr\u00e9e de la grande surface. Ils les ont ensuite entour\u00e9s, tous ensemble, de plastique.<\/p>\n<p>Sur ce plastique, ils y ont inscrit \u00e0 la bombe \u00ab Leader de l\u2019importation \u00e9trang\u00e8re \u00bb. Une patrouille de police \u00e9tait \u00e9galement pr\u00e9sente sur place et a surveill\u00e9 les manifestants, sans intervenir.<\/p>\n<p><img decoding=\"async\" src=\"https:\/\/www.europesays.com\/fr\/wp-content\/uploads\/2026\/01\/696ea69badf1be52b609b4e0.1.jpeg\" width=\"480\" height=\"300\" class=\"web_golden_m\" loading=\"lazy\" alt=\"Morlaix, Landerneau, Plougastel-Daoulas\u2026 Des agriculteurs ont men\u00e9 des actions contre plusieurs magasins Lidl du Finist\u00e8re\"\/> (Le T\u00e9l\u00e9gramme\/Gwendal Hameury)<img decoding=\"async\" src=\"https:\/\/www.europesays.com\/fr\/wp-content\/uploads\/2026\/01\/696ea69a542766e7ad000635.1.jpeg\" width=\"480\" height=\"300\" class=\"web_golden_m\" loading=\"lazy\" alt=\"Morlaix, Landerneau, Plougastel-Daoulas\u2026 Des agriculteurs ont men\u00e9 des actions contre plusieurs magasins Lidl du Finist\u00e8re\"\/> (Le T\u00e9l\u00e9gramme\/Gwendal Hameury)<\/p>\n<p>Les manifestants ont ensuite d\u00e9charg\u00e9 une remorque afin de bloquer l\u2019acc\u00e8s aux livraisons du magasin. Les deux acc\u00e8s au parking ont \u00e9galement \u00e9t\u00e9 bloqu\u00e9s, l\u2019action s\u2019\u00e9tant achev\u00e9e aux alentours de 22 h. Selon la police, 24 tracteurs et quatorze remorques \u00e9taient mobilis\u00e9s sur place.<\/p>\n<p>Aussi \u00e0 Landerneau, Plougastel-Daoulas ou Guipavas<\/p>\n<p>Il ne s\u2019agissait pas de la seule action men\u00e9e par des agriculteurs ce lundi soir. Ainsi, vers 21 h ce lundi, dans le cadre des actions contre la signature du Mercosur, des agriculteurs ont d\u00e9vers\u00e9 des mat\u00e9riaux secs (d\u00e9chets et branches d\u2019arbres, roundballers\u2026) au niveau des acc\u00e8s au parking et des quais de d\u00e9chargements des magasins Lidl de Landerneau et ce Plougastel-Daoulas.<\/p>\n<p><img decoding=\"async\" src=\"https:\/\/www.europesays.com\/fr\/wp-content\/uploads\/2026\/01\/696ea69a2ffe80c485007ef0.1.jpeg\" width=\"480\" height=\"300\" class=\"web_golden_m\" loading=\"lazy\" alt=\"L\u2019acc\u00e8s au parking du Lidl de Landerneau a \u00e9t\u00e9 bloqu\u00e9 avec des branchages et des d\u00e9chets agricoles.\"\/>L\u2019acc\u00e8s au parking du Lidl de Landerneau a \u00e9t\u00e9 bloqu\u00e9 avec des branchages et des d\u00e9chets agricoles. (Le T\u00e9l\u00e9gramme\/Laurent Aquilo)<\/p>\n<p>Aucune d\u00e9gradation ou atteinte aux b\u00e2timents n\u2019a \u00e9t\u00e9 op\u00e9r\u00e9e lors de cette manifestation \u00e9clair coordonn\u00e9e contre le discounter allemand, accus\u00e9 de multiplier les importations, qui s\u2019est d\u00e9roul\u00e9e dans le calme. Vers 22 h, les manifestants avaient quitt\u00e9 les lieux au niveau de Landerneau.<\/p>\n<p>C\u2019\u00e9tait \u00e9galement le cas \u00e0 Plougastel-Daoulas, sachant que plusieurs autres magasins de l\u2019enseigne ont \u00e9t\u00e9 vis\u00e9s dans la r\u00e9gion brestoise, notamment celui de Guipavas, mais aussi le magasin situ\u00e9 au niveau du quartier de l\u2019Europe, \u00e0 Brest.<\/p>\n","protected":false},"excerpt":{"rendered":"Ce lundi soir, \u00e0 Morlaix, une manifestation d\u2019agriculteurs a \u00e9t\u00e9 men\u00e9e \u00e0 partir du d\u00e9but de soir\u00e9e. Une&hellip;\n","protected":false},"author":2,"featured_media":675461,"comment_status":"","ping_status":"","sticky":false,"template":"","format":"standard","meta":{"footnotes":""},"categories":[4],"tags":[11,21427,327,3450,829,765,3321,1011,27,9815,2131,12,45923,25],"class_list":{"0":"post-675460","1":"post","2":"type-post","3":"status-publish","4":"format-standard","5":"has-post-thumbnail","7":"category-france","8":"tag-actualites","9":"tag-agriculteurs-en-colere","10":"tag-agriculture","11":"tag-brest","12":"tag-bretagne","13":"tag-en-continu","14":"tag-finistere","15":"tag-fr","16":"tag-france","17":"tag-landerneau","18":"tag-morlaix","19":"tag-news","20":"tag-plougastel-daoulas","21":"tag-republique-francaise"},"share_on_mastodon":{"url":"https:\/\/pubeurope.com\/@fr\/115924359382054426","error":""},"_links":{"self":[{"href":"https:\/\/www.europesays.com\/fr\/wp-json\/wp\/v2\/posts\/675460","targetHints":{"allow":["GET"]}}],"collection":[{"href":"https:\/\/www.europesays.com\/fr\/wp-json\/wp\/v2\/posts"}],"about":[{"href":"https:\/\/www.europesays.com\/fr\/wp-json\/wp\/v2\/types\/post"}],"author":[{"embeddable":true,"href":"https:\/\/www.europesays.com\/fr\/wp-json\/wp\/v2\/users\/2"}],"replies":[{"embeddable":true,"href":"https:\/\/www.europesays.com\/fr\/wp-json\/wp\/v2\/comments?post=675460"}],"version-history":[{"count":0,"href":"https:\/\/www.europesays.com\/fr\/wp-json\/wp\/v2\/posts\/675460\/revisions"}],"wp:featuredmedia":[{"embeddable":true,"href":"https:\/\/www.europesays.com\/fr\/wp-json\/wp\/v2\/media\/675461"}],"wp:attachment":[{"href":"https:\/\/www.europesays.com\/fr\/wp-json\/wp\/v2\/media?parent=675460"}],"wp:term":[{"taxonomy":"category","embeddable":true,"href":"https:\/\/www.europesays.com\/fr\/wp-json\/wp\/v2\/categories?post=675460"},{"taxonomy":"post_tag","embeddable":true,"href":"https:\/\/www.europesays.com\/fr\/wp-json\/wp\/v2\/tags?post=675460"}],"curies":[{"name":"wp","href":"https:\/\/api.w.org\/{rel}","templated":true}]}}