{"id":675475,"date":"2026-01-19T23:35:19","date_gmt":"2026-01-19T23:35:19","guid":{"rendered":"https:\/\/www.europesays.com\/fr\/675475\/"},"modified":"2026-01-19T23:35:19","modified_gmt":"2026-01-19T23:35:19","slug":"municipales-2026-a-grabels-rene-revol-en-pleine-forme-se-lance-dans-la-course-dun-4e-mandat","status":"publish","type":"post","link":"https:\/\/www.europesays.com\/fr\/675475\/","title":{"rendered":"Municipales 2026 \u00e0 Grabels\u00a0: Ren\u00e9 Revol \u00ab\u00a0en pleine forme\u00a0\u00bb se lance dans la course d\u2019un 4e mandat"},"content":{"rendered":"<p>\n                                                                Maire de Grabels depuis 18 ans, LFI depuis les origines, Ren\u00e9 Revol officialise sa candidature pour un 4e mandat, \u00e0 78 ans. \u00c0 la t\u00eate de la liste \u00ab\u00a0Grabels avec vous\u00a0\u00bb, il d\u00e9taille ses motivations et ses projets pour la 9e commune de la M\u00e9tropole de Montpellier.\n                            <\/p>\n<p class=\"txt-question\">Vous aviez annonc\u00e9 que votre candidature d\u00e9pendrait de l\u2019avis de votre m\u00e9decin\u00a0: tout est donc OK pour un 4e mandat\u00a0?<\/p>\n<p>J\u2019avais dit que je consulterais mon m\u00e9decin et mon \u00e9pouse avant de me d\u00e9cider. Tous deux m\u2019ont donn\u00e9 le feu vert\u00a0: \u00ab\u00a0Vous \u00eates en pleine forme, allez-y\u00a0!\u00a0\u00bb. J\u2019ai donc d\u00e9cid\u00e9 de me repr\u00e9senter. J\u2019ai une \u00e9quipe renouvel\u00e9e, avec beaucoup de jeunes qui souhaitent que je mette mon exp\u00e9rience \u00e0 profit dans un contexte difficile.<\/p>\n<p class=\"txt-question\">Vous \u00eates maire de <a href=\"https:\/\/www.midilibre.fr\/herault\/grabels\/\" target=\"_blank\" rel=\"noopener\">Grabels<\/a> depuis 18 ans\u00a0: pas de lassitude\u00a0?<\/p>\n<p>Non. Je suis devenu maire \u00e0 60 ans, apr\u00e8s 40 ans de carri\u00e8re comme professeur d\u2019\u00e9conomie. Les deux premiers mandats ont permis de rattraper un retard en \u00e9quipements publics. Sur la derni\u00e8re mandature, nous avons tenu nos engagements.<\/p>\n<p class=\"txt-question\">Quels \u00e9taient-ils\u00a0?<\/p>\n<p>Quatre me tiennent \u00e0 c\u0153ur\u00a0: la r\u00e9novation thermique compl\u00e8te de l\u2019\u00e9cole Joseph-Delteil, un chantier de 5\u00a0M\u20ac financ\u00e9 \u00e0 50\u00a0% par des subventions et sans hausse d\u2019imp\u00f4ts, les grands travaux de pr\u00e9vention des inondations dont les r\u00e9cents \u00e9pisodes pluvieux ont prouv\u00e9 l\u2019efficacit\u00e9, la requalification des deux grandes places du village, Jean-Jaur\u00e8s et Pablo-Neruda, ainsi que la cr\u00e9ation de la r\u00e9gie publique de l\u2019eau de la M\u00e9tropole que je pr\u00e9side.<\/p>\n<p>\u00ab\u00a0La commune doit redevenir un bouclier protecteur\u00a0\u00bb<\/p>\n<p class=\"txt-question\">Qu\u2019est-ce qui vous pousse \u00e0 repartir\u00a0?<\/p>\n<p>Le contexte mondial est incertain. Dans ce monde instable, la commune doit redevenir un bouclier protecteur. Protection contre la pr\u00e9carit\u00e9, avec un \u00ab\u00a0bouclier social\u00a0\u00bb local\u00a0; protection de l\u2019emploi, avec la zone d\u2019activit\u00e9 qui cr\u00e9e 600 emplois d\u2019ici 2028 et notre dispositif \u00ab\u00a0Territoire z\u00e9ro ch\u00f4meur de longue dur\u00e9e\u00a0\u00bb\u00a0; protection de la sant\u00e9, avec l\u2019arriv\u00e9e de la clinique Cl\u00e9mentville\u00a0; protection contre les inondations et l\u2019ins\u00e9curit\u00e9, gr\u00e2ce \u00e0 une police de proximit\u00e9 et \u00e0 la vigilance sur les violences intrafamiliales.<\/p>\n<p class=\"txt-question\">Comment s\u2019est d\u00e9cid\u00e9e l\u2019arriv\u00e9e de la clinique Cl\u00e9mentville\u00a0?<\/p>\n<p>Nous avons tenu bon sur la Zac de Gimel. Les terrains ont \u00e9t\u00e9 achet\u00e9s \u00e0 35\u00a0\u20ac le m\u00b2, bien en dessous du march\u00e9, ce qui a permis de ma\u00eetriser le foncier. Cl\u00e9mentville a \u00e9t\u00e9 s\u00e9duite par l\u2019emplacement\u00a0: tram \u00e0 proximit\u00e9, environnement pr\u00e9serv\u00e9, 70\u00a0% d\u2019espaces naturels. Cette Zac incarne une nouvelle fa\u00e7on de faire la ville\u00a0: logements, emploi, sant\u00e9, culture, commerces et transports r\u00e9unis dans un p\u00e9rim\u00e8tre accessible \u00e0 pied. Une \u00ab\u00a0ville du quart d\u2019heure\u00a0\u00bb.<\/p>\n<p class=\"txt-question\">Votre liste \u00ab\u00a0Grabels avec vous\u00a0\u00bb est-elle compl\u00e8te\u00a0?<\/p>\n<p>Oui. J\u2019ai mes 31 noms. La majorit\u00e9 des \u00e9lus sortants repartent, et beaucoup de nouveaux arrivent, de 22 \u00e0 78 ans.<\/p>\n<p>\u00ab\u00a0Je ne veux pas d\u2019engagements intenables\u00a0\u00bb<\/p>\n<p class=\"txt-question\">Le positionnement politique de cette liste\u00a0?<\/p>\n<p>Tout le monde conna\u00eet mes opinions. Je suis un homme de gauche. Mais ma liste n\u2019est pas une liste LFI. C\u2019est une liste unitaire, ouverte, o\u00f9 toutes les sensibilit\u00e9s de gauche sont repr\u00e9sent\u00e9es. Ce qui nous unit, ce sont des valeurs r\u00e9publicaines et des engagements concrets. Depuis 2008, j\u2019ai toujours tenu mes promesses. Je ne veux pas d\u2019engagements intenables. Ce que nous promettrons, nous le ferons.<\/p>\n<p class=\"txt-question\">Votre calendrier de campagne\u00a0?<\/p>\n<p>Apr\u00e8s cette d\u00e9claration de candidature plus formelle, il va y avoir l\u2019\u00e9laboration du programme et des r\u00e9unions publiques hebdomadaires. Mais vous savez, mon calendrier, c\u2019est celui du march\u00e9 du samedi matin, le porte-\u00e0-porte, les rencontres de proximit\u00e9.<\/p>\n<p class=\"txt-question\">L\u2019opposition est virulente \u00e0 Grabels\u00a0: une pr\u00e9occupation\u00a0?<\/p>\n<p>Non. Elle l\u2019a toujours \u00e9t\u00e9. Mais la population n\u2019aime pas cette agressivit\u00e9. Je pr\u00e9f\u00e8re un d\u00e9bat de fond, digne, sur les projets. Une \u00e9lection, c\u2019est une double validation\u00a0: du bilan et du projet. Moi, j\u2019assume les deux.<\/p>\n<p>\u00ab\u00a0Trois priorit\u00e9s\u00a0: la Zac de Gimel, la jeunesse et la culture\u00a0\u00bb<\/p>\n<p class=\"txt-question\">Quels seront vos grands projets pour un \u00e9ventuel prochain mandat\u00a0?<\/p>\n<p>Trois priorit\u00e9s. D\u2019abord, r\u00e9ussir la Zac de Gimel et l\u2019installation de Cl\u00e9mentville. Le jury d\u2019architecture est lanc\u00e9, le permis sera d\u00e9pos\u00e9 avant juin, les travaux dureront jusqu\u2019en 2029. Ensuite, la jeunesse\u00a0: cr\u00e9er des espaces de rencontre, des \u00e9quipements sportifs et un \u00ab\u00a0quartier jeune\u00a0\u00bb pour les 12-18 ans, encadr\u00e9 par des animateurs. Enfin, la culture\u00a0: achever la salle de spectacle des Granges, avec 150 places au c\u0153ur du village, qui sera livr\u00e9e fin 2026. Nous am\u00e9nagerons aussi la tuilerie de Massane, future \u00ab\u00a0Deltellerie\u00a0\u00bb.<\/p>\n<p class=\"txt-question\">Vous \u00eates vice-pr\u00e9sident de la M\u00e9tropole\u00a0: quel bilan tirez-vous de cette coop\u00e9ration\u00a0?<\/p>\n<p>Pendant neuf ans, j\u2019ai \u00e9t\u00e9 mis \u00e0 l\u2019\u00e9cart. Mais depuis 2015, avec Philippe Saurel puis Micha\u00ebl Delafosse, j\u2019ai pu travailler efficacement. La r\u00e9gie de l\u2019eau en est la preuve. Je ne revendique pas de poste particulier, mais je crois \u00e0 la coop\u00e9ration intercommunale. Sur les d\u00e9chets, il faut r\u00e9duire la production, d\u00e9velopper l\u2019\u00e9conomie circulaire et viser une baisse de la taxe d\u2019enl\u00e8vement des ordures m\u00e9nag\u00e8res d\u2019ici 2030. Sur l\u2019\u00e9nergie, je milite pour une r\u00e9gie publique de l\u2019\u00e9nergie, sur le mod\u00e8le de l\u2019eau, afin d\u2019assurer l\u2019autonomie \u00e9nerg\u00e9tique de la M\u00e9tropole.<\/p>\n<p>        <img decoding=\"async\" class=\"std-img__img responsive-img\" src=\"https:\/\/www.europesays.com\/fr\/wp-content\/uploads\/2026\/01\/1768865719_312_image.jpg\" alt=\"&quot;Depuis 2008, j\u2019ai toujours tenu mes promesses. Je ne veux pas d\u2019engagements intenables. Ce que nous promettrons, nous le ferons.&quot;\"\/><\/p>\n<p>                \u00ab\u00a0Depuis 2008, j\u2019ai toujours tenu mes promesses. Je ne veux pas d\u2019engagements intenables. Ce que nous promettrons, nous le ferons.\u00a0\u00bb<br \/>\n                                    Midi Libre &#8211; SYLVIE CAMBON<\/p>\n<p>    Histoires d\u2019eau et pol\u00e9mique<\/p>\n<p>Vice-pr\u00e9sident de la M\u00e9tropole, d\u00e9l\u00e9gu\u00e9 \u00e0 la gestion de l\u2019eau et de l\u2019assainissement, Ren\u00e9 Revol est \u00e9galement pr\u00e9sident de la R\u00e9gie publique de l\u2019eau. Il a \u0153uvr\u00e9 pour que Montpellier passe d\u2019une gestion priv\u00e9e (Veolia) \u00e0 une r\u00e9gie publique.<\/p>\n<p>C\u2019est aussi une histoire d\u2019eau qui occupe aujourd\u2019hui ses opposants. Ils avancent que des agents de la r\u00e9gie sont intervenus le 23\u00a0d\u00e9cembre au domicile inond\u00e9 de Ren\u00e9 Revol, au lendemain de l\u2019\u00e9pisode m\u00e9diterran\u00e9en ayant entra\u00een\u00e9 la crue de la Mosson. Pascal Heymes a saisi le pr\u00e9sident de la M\u00e9tropole sur le sujet.<\/p>\n<p>\u00ab\u00a0C\u2019est une calomnie\u00a0!, s\u2019emballe Ren\u00e9 Revol. Pendant que je g\u00e9rais la crise \u00e0 la mairie, mon \u00e9pouse a contact\u00e9 une entreprise priv\u00e9e, Veolia, pour pomper 40 m\u00b3 d\u2019eau dans notre garage. Nous avons sign\u00e9 un devis et pay\u00e9 la facture, environ 650\u00a0\u20ac. Le camion portait le logo de la r\u00e9gie car Veolia a un march\u00e9 avec elle, mais l\u2019intervention \u00e9tait priv\u00e9e. J\u2019ai port\u00e9 plainte pour diffamation et d\u00e9nonciation calomnieuse contre ceux qui ont diffus\u00e9 ces fausses informations.\u00a0\u00bb<\/p>\n","protected":false},"excerpt":{"rendered":"Maire de Grabels depuis 18 ans, LFI depuis les origines, Ren\u00e9 Revol officialise sa candidature pour un 4e&hellip;\n","protected":false},"author":2,"featured_media":675476,"comment_status":"","ping_status":"","sticky":false,"template":"","format":"standard","meta":{"footnotes":""},"categories":[9599],"tags":[1111,11,5949,1777,674,1011,27,77312,7089,2208,3434,12,2680,316,25],"class_list":{"0":"post-675475","1":"post","2":"type-post","3":"status-publish","4":"format-standard","5":"has-post-thumbnail","7":"category-montpellier","8":"tag-actu","9":"tag-actualites","10":"tag-elections","11":"tag-eu","12":"tag-europe","13":"tag-fr","14":"tag-france","15":"tag-grabels","16":"tag-herault","17":"tag-montpellier","18":"tag-municipales-2026","19":"tag-news","20":"tag-occitanie","21":"tag-politique","22":"tag-republique-francaise"},"share_on_mastodon":{"url":"https:\/\/pubeurope.com\/@fr\/115924390708935263","error":""},"_links":{"self":[{"href":"https:\/\/www.europesays.com\/fr\/wp-json\/wp\/v2\/posts\/675475","targetHints":{"allow":["GET"]}}],"collection":[{"href":"https:\/\/www.europesays.com\/fr\/wp-json\/wp\/v2\/posts"}],"about":[{"href":"https:\/\/www.europesays.com\/fr\/wp-json\/wp\/v2\/types\/post"}],"author":[{"embeddable":true,"href":"https:\/\/www.europesays.com\/fr\/wp-json\/wp\/v2\/users\/2"}],"replies":[{"embeddable":true,"href":"https:\/\/www.europesays.com\/fr\/wp-json\/wp\/v2\/comments?post=675475"}],"version-history":[{"count":0,"href":"https:\/\/www.europesays.com\/fr\/wp-json\/wp\/v2\/posts\/675475\/revisions"}],"wp:featuredmedia":[{"embeddable":true,"href":"https:\/\/www.europesays.com\/fr\/wp-json\/wp\/v2\/media\/675476"}],"wp:attachment":[{"href":"https:\/\/www.europesays.com\/fr\/wp-json\/wp\/v2\/media?parent=675475"}],"wp:term":[{"taxonomy":"category","embeddable":true,"href":"https:\/\/www.europesays.com\/fr\/wp-json\/wp\/v2\/categories?post=675475"},{"taxonomy":"post_tag","embeddable":true,"href":"https:\/\/www.europesays.com\/fr\/wp-json\/wp\/v2\/tags?post=675475"}],"curies":[{"name":"wp","href":"https:\/\/api.w.org\/{rel}","templated":true}]}}