{"id":675522,"date":"2026-01-20T00:03:18","date_gmt":"2026-01-20T00:03:18","guid":{"rendered":"https:\/\/www.europesays.com\/fr\/675522\/"},"modified":"2026-01-20T00:03:18","modified_gmt":"2026-01-20T00:03:18","slug":"kinji-teramoto-pose-les-valises-de-rmfc-et-big-yank-a-paris-le-temps-dun-pop-up-2","status":"publish","type":"post","link":"https:\/\/www.europesays.com\/fr\/675522\/","title":{"rendered":"Kinji Teramoto pose les valises de RMFC et Big Yank \u00e0 Paris le temps d\u2019un pop-up"},"content":{"rendered":"<p>\n                                    <b>Publi\u00e9 le<\/b><br \/>\n                                    <\/p>\n<p>                                        20 janvier 2026<\/p>\n<p class=\"article-content col-md-8 offset-md-1\">\n                                \u00c0 contre-courant du pays de l&rsquo;Oncle Sam qu&rsquo;il aime tant, Kinji Teramoto se refuse au repli sur soi. C&rsquo;est pourquoi celui qui se fait appeler l\u2019\u201carchivenist\u201d &#8211; mot qu\u2019il a lui-m\u00eame invent\u00e9 -, repreneur des marques embl\u00e9matiques am\u00e9ricaines Big Yank et Rocky Mountain Featherbed, les emm\u00e8ne avec lui au 30, Galerie Vivienne, dans le second arrondissement de Paris. Ouvert du 20 au 28 janvier, le pop-up mettra principalement en avant la marque RMFC et ses v\u00eatements en duvet, plus adapt\u00e9s \u00e0 la saison en cours, devant les chemises de Big Yank.<\/p>\n<p><img decoding=\"async\" class=\"news-image\" style=\"width:100%;max-width:645px;\" src=\"https:\/\/www.europesays.com\/fr\/wp-content\/uploads\/2026\/01\/358e.jpg\" alt=\"Kinji Teramoto, 'archivenist' passionn\u00e9 et repreneur de marques historiques\" loading=\"lazy\"\/>Kinji Teramoto, \u00ab\u00a0archivenist\u00a0\u00bb passionn\u00e9 et repreneur de marques historiques &#8211; 35IVE Summers<\/p>\n<p class=\"col-md-8 offset-md-1 article-content--texte\">En d\u00e9barquant \u00e0 Paris, Kinji Teramoto esp\u00e8re m\u00ealer la douceur tokyo\u00efte \u00e0 l\u2019\u00e9l\u00e9gance distante de la capitale fran\u00e7aise. Cette excursion depuis le Japon fait suite \u00e0 l\u2019arriv\u00e9e en 2025 de la branche europ\u00e9enne de 35IVE Summers, la soci\u00e9t\u00e9 m\u00e8re des marques, \u00e0 Paris. Ainsi, du succ\u00e8s de ce pop-up store d\u00e9pend l\u2019implantation p\u00e9renne des deux labels dans les rues parisiennes, un projet de longue date pour Kinji Teramoto et ses \u00e9quipes.<\/p>\n<p class=\"col-md-10 exergue\">Une installation parisienne dans les tuyaux ?<\/p>\n<p class=\"col-md-8 offset-md-1 article-content--texte\">Il faut dire que Paris repr\u00e9sente une opportunit\u00e9 particuli\u00e8re pour l\u2019\u201carchivenist\u201d, dont l\u2019associ\u00e9 chez Anatomica Pierre Fournier y est bas\u00e9. La ville Lumi\u00e8re est \u00e9galement un endroit id\u00e9al pour faire conna\u00eetre RMFC et Big Yank. Les deux marques am\u00e9ricaines, respectivement fond\u00e9es \u00e0 la fin des ann\u00e9es 60 et en 1919, ont \u00e9t\u00e9 reprises par 35IVE Summers en 2005 et 2012. Sur la base d\u2019une s\u00e9rie de pi\u00e8ces acquises par Kinji Teramoto, les deux entreprises ont \u00e9t\u00e9 relanc\u00e9es avec des pi\u00e8ces m\u00ealant histoire et confection moderne, bas\u00e9e au Japon. 35IVE Summers aimerait m\u00eame pouvoir produire sur place les pi\u00e8ces vendues en Europe en cas d\u2019installation permanente, dans une dynamique de production et commercialisation locales.<\/p>\n<p><img decoding=\"async\" class=\"news-image\" style=\"width:100%;\" src=\"https:\/\/www.europesays.com\/fr\/wp-content\/uploads\/2026\/01\/485e.jpg\" alt=\"Rocky Mountain Featherbed sera particuli\u00e8rement mis en avant\" loading=\"lazy\"\/>Rocky Mountain Featherbed sera particuli\u00e8rement mis en avant &#8211; Rocky Mountain Feathebed<\/p>\n<p class=\"col-md-8 offset-md-1 article-content--texte\">Le tout, dans un cycle de d\u00e9veloppement tout \u00e0 fait inhabituel. \u201cLes v\u00eatements confectionn\u00e9s en un ou deux mois sont incomplets\u201d, explique d\u2019embl\u00e9e le passionn\u00e9. \u201cNous proc\u00e9dons \u00e0 la cr\u00e9ation des patrons et \u00e0 la production d&rsquo;\u00e9chantillons au moins trois fois puis nous essayons personnellement les articles finis et les portons pendant au moins six mois afin d&rsquo;observer leur vieillissement. Ce processus est notre engagement de 18 mois\u201d, poursuit-il.\u00a0<\/p>\n<p class=\"col-md-10 exergue\">Transmettre aux prochaines g\u00e9n\u00e9rations<\/p>\n<p>L\u2019\u201carchivenist\u201d, qui refuse l\u2019\u00e9tiquette de collectionneur, estime que chaque pi\u00e8ce vintage a une signification, en ayant travers\u00e9 les \u00e2ges. Il ajoute : \u201cje ne collectionne que ce que je peux v\u00e9ritablement faire revivre. [&#8230;] Mon objectif est que la prochaine g\u00e9n\u00e9ration porte ces pi\u00e8ces et les transmette \u00e0 son tour \u00e0 la g\u00e9n\u00e9ration suivante\u201d. Par ailleurs, les pi\u00e8ces RMFC et Big Yank, en reprenant des mod\u00e8les dat\u00e9s de plusieurs d\u00e9cennies, alimentent le march\u00e9 du vintage et pourront \u00e0 nouveau \u00eatre d\u00e9nich\u00e9es par les nouvelles g\u00e9n\u00e9rations.<\/p>\n<p><img decoding=\"async\" class=\"news-image\" style=\"width:100%;\" src=\"https:\/\/www.europesays.com\/fr\/wp-content\/uploads\/2026\/01\/802c.png\" alt=\"Big Yank a \u00e9t\u00e9 fond\u00e9 en 1919 par Reliance Company \u00e0 Chicago\" loading=\"lazy\"\/>Big Yank a \u00e9t\u00e9 fond\u00e9 en 1919 par Reliance Company \u00e0 Chicago &#8211; Big Yank<\/p>\n<p class=\"col-md-8 offset-md-1 article-content--texte\">Cette volont\u00e9 de Kinji Teramoto de pr\u00e9server l&rsquo;esth\u00e9tique des pi\u00e8ces d\u2019archives vient de sa passion pour les labels qu\u2019il a remis sur pied : \u201cce que ces deux marques ont cr\u00e9\u00e9 \u00e9tait v\u00e9ritablement iconique. Ce que j\u2019ai ressenti \u00e0 l\u2019\u00e9poque est devenu mon business, au-del\u00e0 de la simple viabilit\u00e9 commerciale\u201d, confie-t-il. \u201c\u00c0 l\u2019\u00e9poque, je n\u2019aurais jamais imagin\u00e9 que mes pi\u00e8ces inspir\u00e9es par ces archives seraient pl\u00e9biscit\u00e9es par le march\u00e9 mondial.\u201d<\/p>\n<p>RMFC et Big Yank ne se sont pas content\u00e9es de rena\u00eetre, elles se portent bien. Rocky Mountain Featherbed cl\u00f4t une ann\u00e9e 2025 avec une croissance significative en Europe et en Am\u00e9rique, avec des ventes au Japon \u00e9galement en hausse. Big Yank, de son c\u00f4t\u00e9, voit ses ventes grimper au Japon, selon Kinji Teramoto. En 2025, la marque a nomm\u00e9 Yutaka Fujihara de BerBer Jin au poste de directeur artistique, ce qui \u201csuscite actuellement un vif int\u00e9r\u00eat, du moins au Japon\u201d. Il est d\u2019ailleurs attendu au pop-up store parisien \u201cafin d&rsquo;accro\u00eetre la notori\u00e9t\u00e9 de la marque en Europe et en Am\u00e9rique\u201d.\n                            <\/p>\n<p>\n                                Tous droits de reproduction et de repr\u00e9sentation r\u00e9serv\u00e9s.<br \/>\u00a9 2026 FashionNetwork.com\n                            <\/p>\n","protected":false},"excerpt":{"rendered":"Publi\u00e9 le 20 janvier 2026 \u00c0 contre-courant du pays de l&rsquo;Oncle Sam qu&rsquo;il aime tant, Kinji Teramoto se&hellip;\n","protected":false},"author":2,"featured_media":675521,"comment_status":"","ping_status":"","sticky":false,"template":"","format":"standard","meta":{"footnotes":""},"categories":[1888],"tags":[11,2424,537,2423,1777,674,1011,27,2425,985,12,2298,626,2426,2427,25,2421,2422],"class_list":{"0":"post-675522","1":"post","2":"type-post","3":"status-publish","4":"format-standard","5":"has-post-thumbnail","7":"category-paris","8":"tag-actualites","9":"tag-beaute","10":"tag-contact","11":"tag-cosmetiques","12":"tag-eu","13":"tag-europe","14":"tag-fr","15":"tag-france","16":"tag-luxe","17":"tag-mode","18":"tag-news","19":"tag-parfum","20":"tag-paris","21":"tag-professionnel","22":"tag-professionnels","23":"tag-republique-francaise","24":"tag-reseau","25":"tag-textile"},"share_on_mastodon":{"url":"https:\/\/pubeurope.com\/@fr\/115924500843732145","error":""},"_links":{"self":[{"href":"https:\/\/www.europesays.com\/fr\/wp-json\/wp\/v2\/posts\/675522","targetHints":{"allow":["GET"]}}],"collection":[{"href":"https:\/\/www.europesays.com\/fr\/wp-json\/wp\/v2\/posts"}],"about":[{"href":"https:\/\/www.europesays.com\/fr\/wp-json\/wp\/v2\/types\/post"}],"author":[{"embeddable":true,"href":"https:\/\/www.europesays.com\/fr\/wp-json\/wp\/v2\/users\/2"}],"replies":[{"embeddable":true,"href":"https:\/\/www.europesays.com\/fr\/wp-json\/wp\/v2\/comments?post=675522"}],"version-history":[{"count":0,"href":"https:\/\/www.europesays.com\/fr\/wp-json\/wp\/v2\/posts\/675522\/revisions"}],"wp:featuredmedia":[{"embeddable":true,"href":"https:\/\/www.europesays.com\/fr\/wp-json\/wp\/v2\/media\/675521"}],"wp:attachment":[{"href":"https:\/\/www.europesays.com\/fr\/wp-json\/wp\/v2\/media?parent=675522"}],"wp:term":[{"taxonomy":"category","embeddable":true,"href":"https:\/\/www.europesays.com\/fr\/wp-json\/wp\/v2\/categories?post=675522"},{"taxonomy":"post_tag","embeddable":true,"href":"https:\/\/www.europesays.com\/fr\/wp-json\/wp\/v2\/tags?post=675522"}],"curies":[{"name":"wp","href":"https:\/\/api.w.org\/{rel}","templated":true}]}}