{"id":675541,"date":"2026-01-20T00:14:10","date_gmt":"2026-01-20T00:14:10","guid":{"rendered":"https:\/\/www.europesays.com\/fr\/675541\/"},"modified":"2026-01-20T00:14:10","modified_gmt":"2026-01-20T00:14:10","slug":"euromaritime-accelleron-france-devoile-le-turbo-acc300x-l-et-ses-solutions-davenir","status":"publish","type":"post","link":"https:\/\/www.europesays.com\/fr\/675541\/","title":{"rendered":"Euromaritime : Accelleron France d\u00e9voile le Turbo ACC300X-L et ses solutions d&rsquo;avenir"},"content":{"rendered":"<p>\n      Accelleron France participera \u00e0 EUROMARITIME, o\u00f9 l\u2019entreprise pr\u00e9sentera le Turbo ACC300X-L, ainsi que son portefeuille de solutions d\u2019Upgrade, ses solutions EPLO et ses solutions digitales, con\u00e7ues pour am\u00e9liorer les performances, prolonger la dur\u00e9e de vie des \u00e9quipements et r\u00e9duire l\u2019empreinte environnementale des installations maritimes.\n    <\/p>\n<p>La participation d\u2019Accelleron \u00e0 EUROMARITIME sera \u00e9galement l\u2019occasion d\u2019\u00e9changer avec les acteurs du secteur sur les enjeux li\u00e9s \u00e0 l\u2019<strong>efficacit\u00e9 \u00e9nerg\u00e9tique<\/strong>, \u00e0 la <strong>fiabilit\u00e9 op\u00e9rationnelle<\/strong> et \u00e0 la <strong>transition \u00e9nerg\u00e9tique<\/strong>.\u00a0<br \/>Les visiteurs pourront rencontrer les experts Accelleron sur le <strong>stand 137, hall 1<\/strong>.<\/p>\n<p>\u00a0<\/p>\n<p><strong>Accelleron<\/strong> est un leader technologique mondial dans les domaines de la <strong>turbocompression<\/strong>, de l\u2019<strong>injection de carburant<\/strong> et des <strong>solutions digitales pour applications lourdes<\/strong>, jouant un r\u00f4le cl\u00e9 dans la transition \u00e9nerg\u00e9tique des secteurs <strong>maritime, \u00e9nerg\u00e9tique, ferroviaire et industriel<\/strong>. Forte de plus de <strong>100 ans d\u2019exp\u00e9rience et d\u2019innovation continue<\/strong>, l\u2019entreprise accompagne ses clients dans l\u2019am\u00e9lioration de l\u2019efficacit\u00e9 \u00e9nerg\u00e9tique, la r\u00e9duction des \u00e9missions et l\u2019acc\u00e9l\u00e9ration de la transition vers une \u00e9conomie \u00e0 faible intensit\u00e9 carbone.<br \/>Bas\u00e9e \u00e0 <strong>Baden, en Suisse<\/strong>, Accelleron op\u00e8re \u00e0 travers un r\u00e9seau mondial de <strong>plus de 100 sites dans plus de 50 pays<\/strong>, proposant une offre compl\u00e8te allant de la conception et de la fabrication de turbocompresseurs \u00e0 la maintenance, aux am\u00e9liorations de performance, aux solutions digitales et aux services apr\u00e8s-vente 24\/7.\u00a0<br \/>Cette pr\u00e9sence mondiale, combin\u00e9e \u00e0 une forte expertise locale, permet de r\u00e9pondre efficacement aux besoins des clients, qu\u2019il s\u2019agisse de navires, de centrales \u00e9lectriques, de locomotives ou d\u2019applications industrielles exigeantes.<\/p>\n<p>\u00a0<\/p>\n<p>Avec une base install\u00e9e de <strong>plus de 180 000 turbocompresseurs en service dans le monde<\/strong> et une \u00e9quipe internationale d\u2019environ <strong>3 000 collaborateurs hautement qualifi\u00e9s<\/strong>, Accelleron accompagne ses clients gr\u00e2ce \u00e0 un <strong>portefeuille complet de produits et de services<\/strong>, incluant des turbocompresseurs, des syst\u00e8mes d\u2019injection, des solutions num\u00e9riques avanc\u00e9es, des pi\u00e8ces d\u00e9tach\u00e9es et des accords de service couvrant l\u2019ensemble du cycle de vie des \u00e9quipements.<\/p>\n<p>\u00a0<\/p>\n<p>Les <strong>solutions digitales Accelleron<\/strong>, notamment les plateformes d\u2019analyse de donn\u00e9es et d\u2019optimisation des performances, permettent aux op\u00e9rateurs d\u2019actifs maritimes et \u00e9nerg\u00e9tiques de <strong>surveiller, optimiser et anticiper<\/strong> les besoins de leurs installations, am\u00e9liorant ainsi l\u2019efficacit\u00e9 op\u00e9rationnelle tout en r\u00e9duisant les co\u00fbts et l\u2019impact environnemental.<\/p>\n<p>\u00a0<\/p>\n<p>En participant \u00e0 <strong>EUROMARITIME<\/strong>, Accelleron r\u00e9affirme son engagement \u00e0 accompagner la transformation du secteur maritime vers un avenir <strong>plus durable, plus performant et plus efficient<\/strong>, en apportant des solutions concr\u00e8tes aux d\u00e9fis de l\u2019efficacit\u00e9 \u00e9nerg\u00e9tique, de la r\u00e9duction des \u00e9missions et de la digitalisation des op\u00e9rations.<\/p>\n<p>\u00a0<\/p>\n<p>\u00a0<\/p>\n<p>Plus d&rsquo;infos :\u00a0<\/p>\n<p>Chiara Artosi<\/p>\n<p>Marketing Communications Manager, Area Italy<\/p>\n<p>Phone: +\u00a0+39 334 678 1478<\/p>\n<p>Email:\u00a0<a href=\"http:\/\/www.meretmarine.com\/cdn-cgi\/l\/email-protection#f1929998908390df9083859e8298b1909292949d9d94839e9fdc989f9584828583989482df929e9c\" target=\"_blank\" rel=\"noopener\">[email\u00a0protected]<\/a><\/p>\n<p>Accelleron Italy S.P.A.<br \/>Via Molo Giano &#8211; Molo Guardiano Porto<\/p>\n<p>16128 Genova<br \/>Italia<\/p>\n<p><a href=\"https:\/\/accelleron.com\" target=\"_blank\" rel=\"noopener\">https:\/\/accelleron.com<\/a><\/p>\n<p>\u00a0<\/p>\n<p><a href=\"https:\/\/accelleron-industries.com\/\" target=\"_blank\" rel=\"noopener\"><\/p>\n<p><\/a><\/p>\n<p><strong>CE PUBLI-INFO VOUS EST PROPOSE PAR ACCELLERON<\/strong><\/p>\n<p>\u00a0<\/p>\n<p>\u00a0<\/p>\n","protected":false},"excerpt":{"rendered":"Accelleron France participera \u00e0 EUROMARITIME, o\u00f9 l\u2019entreprise pr\u00e9sentera le Turbo ACC300X-L, ainsi que son portefeuille de solutions d\u2019Upgrade,&hellip;\n","protected":false},"author":2,"featured_media":675542,"comment_status":"","ping_status":"","sticky":false,"template":"","format":"standard","meta":{"footnotes":""},"categories":[4],"tags":[11,6130,6141,6131,6138,2380,6135,554,6136,1011,27,6139,6134,3135,6128,567,6129,6127,12,6132,4838,6133,25,6140,6137],"class_list":{"0":"post-675541","1":"post","2":"type-post","3":"status-publish","4":"format-standard","5":"has-post-thumbnail","7":"category-france","8":"tag-actualites","9":"tag-chantiers","10":"tag-commando","11":"tag-construction-navale","12":"tag-costa","13":"tag-croisiere","14":"tag-dcns","15":"tag-defense","16":"tag-euronaval","17":"tag-fr","18":"tag-france","19":"tag-fremm","20":"tag-interviews","21":"tag-littoral","22":"tag-marine","23":"tag-marine-nationale","24":"tag-maritime","25":"tag-mer","26":"tag-news","27":"tag-offshore","28":"tag-peche","29":"tag-reportages","30":"tag-republique-francaise","31":"tag-sncm","32":"tag-stx"},"share_on_mastodon":{"url":"https:\/\/pubeurope.com\/@fr\/115924543955796320","error":""},"_links":{"self":[{"href":"https:\/\/www.europesays.com\/fr\/wp-json\/wp\/v2\/posts\/675541","targetHints":{"allow":["GET"]}}],"collection":[{"href":"https:\/\/www.europesays.com\/fr\/wp-json\/wp\/v2\/posts"}],"about":[{"href":"https:\/\/www.europesays.com\/fr\/wp-json\/wp\/v2\/types\/post"}],"author":[{"embeddable":true,"href":"https:\/\/www.europesays.com\/fr\/wp-json\/wp\/v2\/users\/2"}],"replies":[{"embeddable":true,"href":"https:\/\/www.europesays.com\/fr\/wp-json\/wp\/v2\/comments?post=675541"}],"version-history":[{"count":0,"href":"https:\/\/www.europesays.com\/fr\/wp-json\/wp\/v2\/posts\/675541\/revisions"}],"wp:featuredmedia":[{"embeddable":true,"href":"https:\/\/www.europesays.com\/fr\/wp-json\/wp\/v2\/media\/675542"}],"wp:attachment":[{"href":"https:\/\/www.europesays.com\/fr\/wp-json\/wp\/v2\/media?parent=675541"}],"wp:term":[{"taxonomy":"category","embeddable":true,"href":"https:\/\/www.europesays.com\/fr\/wp-json\/wp\/v2\/categories?post=675541"},{"taxonomy":"post_tag","embeddable":true,"href":"https:\/\/www.europesays.com\/fr\/wp-json\/wp\/v2\/tags?post=675541"}],"curies":[{"name":"wp","href":"https:\/\/api.w.org\/{rel}","templated":true}]}}