{"id":675561,"date":"2026-01-20T00:28:20","date_gmt":"2026-01-20T00:28:20","guid":{"rendered":"https:\/\/www.europesays.com\/fr\/675561\/"},"modified":"2026-01-20T00:28:20","modified_gmt":"2026-01-20T00:28:20","slug":"jadore-lesprit-francais-le-groupe-metal-anthares-presente-esodic-a-la-mjc","status":"publish","type":"post","link":"https:\/\/www.europesays.com\/fr\/675561\/","title":{"rendered":"\u00ab\u00a0J\u2019adore l\u2019esprit fran\u00e7ais\u00a0\u00bb\u00a0: le groupe metal Anthares pr\u00e9sente Esodic \u00e0 la MJC"},"content":{"rendered":"<p>On peut compter sur le groupe de metal Anthares pour d\u00e9nicher des p\u00e9pites. Apres sa belle histoire avec les Am\u00e9ricains de<a href=\"https:\/\/www.letelegramme.fr\/finistere\/morlaix-29600\/aujourdhui-on-fait-partie-de-la-meme-famille-les-morlaisiens-danthares-en-tournee-europeenne-avec-le-groupe-americain-lacabra-6913477.php\" title=\"www.letelegramme.fr\" target=\"_blank\" rel=\"noopener\"> La Cabra<\/a>, place \u00e0 Esodic qui, outre son excellence musicale, est un groupe unique dans l\u2019univers du death metal. N\u00e9 en Jordanie en 2003, le groupe joue une musique m\u00e2tin\u00e9e de sonorit\u00e9s orientales. \u00ab\u00a0Nous avons int\u00e9gr\u00e9 la musique moyen orientale au m\u00e9tal et pas l&rsquo; inverse\u00a0\u00bb pr\u00e9cise MoLaMastro, guitariste d\u2019origine pakistanaise qui a \u00e9tudi\u00e9 cette musique et joue m\u00eame du sitar. Cette originalit\u00e9 leur vaut d\u2019\u00eatre programm\u00e9s au Hellfest 2026. \u00ab\u00a0\u00c7a s\u2019est n\u00e9goci\u00e9 de mani\u00e8re organique, d\u2019humain \u00e0 humain, sur la base de la musique, sans convoquer le business\u00a0\u00bb se r\u00e9jouit le quatuor, d\u00e9sormais am\u00e9ricain, mais dont les valeurs sont aux antipodes de celles pr\u00f4n\u00e9es par Maga. Les Morlaisiens auront la primeur de leur art \u00e0 la MJC vendredi. Avant d\u2019entamer la tourn\u00e9e, ils balisent pour nous un itin\u00e9raire musical singulier qui les a conduits de Aman \u00e0 Morlaix via Los Angel\u00e8s.<\/p>\n<p>\u00ab\u00a0La France est une base pour conqu\u00e9rir toute l\u2019Europe\u00a0\u00bb<\/p>\n<p>\u00ab\u00a0J ai beaucoup de chance d\u2019avoir un excellent line-up impliqu\u00e9\u00a0\u00bb se r\u00e9jouit le batteur et fondateur jordanien Zed Amarin. Il a fui des pers\u00e9cutions dans son pays d\u2019origine et vit \u00e0 Los Angeles. \u00ab\u00a0C\u2019est en rempla\u00e7ant le batteur de la Cabra l\u2019an dernier que j\u2019ai connu Anthares. Nous adorons ce groupe solide, ouvert et g\u00e9n\u00e9reux, qui a un talent de songwriter exceptionnel dans le trash m\u00e9tal. Comme ils ont appr\u00e9ci\u00e9 notre musique, ils ont mont\u00e9 cette tourn\u00e9e de neuf dates dans tout l\u2019ouest. Ce sera un co plateau, \u00e0 \u00e9galit\u00e9. C est \u00e7a l\u2019esprit. La France est une base pour conqu\u00e9rir toute l\u2019Europe, proph\u00e9tise le bassiste Kevin Mc Combs\u00a0\u00bb en riant \u00ab\u00a0mais attention, nous notre slogan est \u00ab\u00a0make America kind again\u00a0\u00bb rassure le guitariste Austin Burleigh. Leurs textes attestent de leur engagement politique et ils se sentent en phase avec les valeurs europ\u00e9ennes\u00a0: \u00ab\u00a0J\u2019adore l\u2019esprit fran\u00e7ais. Ici on vous donne une chance et tout n\u2019est pas une question d\u2019argent\u00a0\u00bb dit Zed. \u00ab\u00a0Nous apportons la paix, l amour et la musique\u00a0\u00bb conclut-il<b>. <\/b><\/p>\n<p><b><br \/>Pratique<\/b><\/p>\n<p class=\"note\">MJC, vendredi 23 \u00e0 20\u00a0h\u00a030. 6\/10 \u20ac. t\u00e9l. 02\u00a098\u00a088\u00a009\u00a094.<\/p>\n","protected":false},"excerpt":{"rendered":"On peut compter sur le groupe de metal Anthares pour d\u00e9nicher des p\u00e9pites. Apres sa belle histoire avec&hellip;\n","protected":false},"author":2,"featured_media":675562,"comment_status":"","ping_status":"","sticky":false,"template":"","format":"standard","meta":{"footnotes":""},"categories":[1355],"tags":[58,59,1011,27,2131,1361,873],"class_list":{"0":"post-675561","1":"post","2":"type-post","3":"status-publish","4":"format-standard","5":"has-post-thumbnail","7":"category-musique","8":"tag-divertissement","9":"tag-entertainment","10":"tag-fr","11":"tag-france","12":"tag-morlaix","13":"tag-music","14":"tag-musique"},"share_on_mastodon":{"url":"https:\/\/pubeurope.com\/@fr\/115924598969502789","error":""},"_links":{"self":[{"href":"https:\/\/www.europesays.com\/fr\/wp-json\/wp\/v2\/posts\/675561","targetHints":{"allow":["GET"]}}],"collection":[{"href":"https:\/\/www.europesays.com\/fr\/wp-json\/wp\/v2\/posts"}],"about":[{"href":"https:\/\/www.europesays.com\/fr\/wp-json\/wp\/v2\/types\/post"}],"author":[{"embeddable":true,"href":"https:\/\/www.europesays.com\/fr\/wp-json\/wp\/v2\/users\/2"}],"replies":[{"embeddable":true,"href":"https:\/\/www.europesays.com\/fr\/wp-json\/wp\/v2\/comments?post=675561"}],"version-history":[{"count":0,"href":"https:\/\/www.europesays.com\/fr\/wp-json\/wp\/v2\/posts\/675561\/revisions"}],"wp:featuredmedia":[{"embeddable":true,"href":"https:\/\/www.europesays.com\/fr\/wp-json\/wp\/v2\/media\/675562"}],"wp:attachment":[{"href":"https:\/\/www.europesays.com\/fr\/wp-json\/wp\/v2\/media?parent=675561"}],"wp:term":[{"taxonomy":"category","embeddable":true,"href":"https:\/\/www.europesays.com\/fr\/wp-json\/wp\/v2\/categories?post=675561"},{"taxonomy":"post_tag","embeddable":true,"href":"https:\/\/www.europesays.com\/fr\/wp-json\/wp\/v2\/tags?post=675561"}],"curies":[{"name":"wp","href":"https:\/\/api.w.org\/{rel}","templated":true}]}}