{"id":675635,"date":"2026-01-20T01:13:10","date_gmt":"2026-01-20T01:13:10","guid":{"rendered":"https:\/\/www.europesays.com\/fr\/675635\/"},"modified":"2026-01-20T01:13:10","modified_gmt":"2026-01-20T01:13:10","slug":"la-ligne-8-du-metro-en-partie-interrompue-dans-le-val-de-marne","status":"publish","type":"post","link":"https:\/\/www.europesays.com\/fr\/675635\/","title":{"rendered":"la ligne 8 du m\u00e9tro en partie interrompue dans le Val-de-Marne"},"content":{"rendered":"<p>                    Par<br \/>\n        <strong><br \/>\n            <a href=\"https:\/\/actu.fr\/auteur\/redaction-paris\" title=\"Consulter tous les articles de R\u00e9daction Paris\" target=\"_blank\" rel=\"noopener\">R\u00e9daction Paris<\/a><br \/>\n                    <\/strong><\/p>\n<p>        Publi\u00e9 le<\/p>\n<p>            19 janv. 2026 \u00e0 19h56        <\/p>\n<p>Mise \u00e0 jour : le trafic a progressivement repris vers 20h15<\/p>\n<p class=\" wall-content\">Plus de m\u00e9tro sur la <a href=\"https:\/\/actu.fr\/ile-de-france\/paris_75056\/ratp-vos-techniques-pour-survivre-dans-la-ligne-8-du-metro-a-paris_60766260.html\" target=\"_blank\" rel=\"noopener\">ligne 8<\/a> entre les deux stations Cr\u00e9teil \u2013 Pr\u00e9fecture et Cr\u00e9teil \u2013 Universit\u00e9 ce lundi 19 janvier 2026 dans le Val-de-Marne. En cause, un <strong>incident technique<\/strong> survenu peu avant 20 heures.\u00a0<\/p>\n<p>Reprise estim\u00e9e vers 22 heures\u00a0<\/p>\n<p class=\" wall-content\">Selon le compte X de la ligne violette, la reprise est attendue vers 22 heures. En attendant, les voyageurs sont invit\u00e9s \u00e0 emprunter des <strong>itin\u00e9raires de substitution<\/strong>\u00a0\u00e0 retrouver sur le site de la r\u00e9gie.\u00a0<\/p>\n<p class=\" wall-content\">\n<p class=\" wall-content\">.<\/p>\n<p class=\" wall-content\">Personnalisez votre actualit\u00e9 en ajoutant vos villes et m\u00e9dias en favori avec <a href=\"https:\/\/moncompte.actu.fr\" title=\"D\u00e9couvez Mon Actu\" rel=\"nofollow noopener\" data-trk=\"{&quot;cta&quot;:{&quot;action&quot;:&quot;https:\\\/\\\/moncompte.actu.fr&quot;,&quot;category&quot;:&quot;mon compte&quot;,&quot;from&quot;:&quot;article footer&quot;,&quot;name&quot;:&quot;Mon actu&quot;,&quot;type&quot;:&quot;cta&quot;}}\" target=\"_blank\">Mon Actu<\/a>.<\/p>\n","protected":false},"excerpt":{"rendered":"Par R\u00e9daction Paris Publi\u00e9 le 19 janv. 2026 \u00e0 19h56 Mise \u00e0 jour : le trafic a progressivement&hellip;\n","protected":false},"author":2,"featured_media":675636,"comment_status":"","ping_status":"","sticky":false,"template":"","format":"standard","meta":{"footnotes":""},"categories":[1888],"tags":[11,1777,674,1011,27,4047,12,626,625,25,104],"class_list":{"0":"post-675635","1":"post","2":"type-post","3":"status-publish","4":"format-standard","5":"has-post-thumbnail","7":"category-paris","8":"tag-actualites","9":"tag-eu","10":"tag-europe","11":"tag-fr","12":"tag-france","13":"tag-metro","14":"tag-news","15":"tag-paris","16":"tag-ratp","17":"tag-republique-francaise","18":"tag-societe"},"share_on_mastodon":{"url":"https:\/\/pubeurope.com\/@fr\/115924775925793915","error":""},"_links":{"self":[{"href":"https:\/\/www.europesays.com\/fr\/wp-json\/wp\/v2\/posts\/675635","targetHints":{"allow":["GET"]}}],"collection":[{"href":"https:\/\/www.europesays.com\/fr\/wp-json\/wp\/v2\/posts"}],"about":[{"href":"https:\/\/www.europesays.com\/fr\/wp-json\/wp\/v2\/types\/post"}],"author":[{"embeddable":true,"href":"https:\/\/www.europesays.com\/fr\/wp-json\/wp\/v2\/users\/2"}],"replies":[{"embeddable":true,"href":"https:\/\/www.europesays.com\/fr\/wp-json\/wp\/v2\/comments?post=675635"}],"version-history":[{"count":0,"href":"https:\/\/www.europesays.com\/fr\/wp-json\/wp\/v2\/posts\/675635\/revisions"}],"wp:featuredmedia":[{"embeddable":true,"href":"https:\/\/www.europesays.com\/fr\/wp-json\/wp\/v2\/media\/675636"}],"wp:attachment":[{"href":"https:\/\/www.europesays.com\/fr\/wp-json\/wp\/v2\/media?parent=675635"}],"wp:term":[{"taxonomy":"category","embeddable":true,"href":"https:\/\/www.europesays.com\/fr\/wp-json\/wp\/v2\/categories?post=675635"},{"taxonomy":"post_tag","embeddable":true,"href":"https:\/\/www.europesays.com\/fr\/wp-json\/wp\/v2\/tags?post=675635"}],"curies":[{"name":"wp","href":"https:\/\/api.w.org\/{rel}","templated":true}]}}